{"id":16811,"date":"2018-02-27T18:32:56","date_gmt":"2018-02-27T22:32:56","guid":{"rendered":"http:\/\/blogdalucianaoliveira.com.br\/blog\/?p=16811"},"modified":"2018-02-27T18:32:56","modified_gmt":"2018-02-27T22:32:56","slug":"stj-julgara-habeas-corpus-de-lula-na-quinta","status":"publish","type":"post","link":"http:\/\/blogdalucianaoliveira.com.br\/blog\/2018\/02\/27\/stj-julgara-habeas-corpus-de-lula-na-quinta\/","title":{"rendered":"STJ JULGAR\u00c1 HABEAS CORPUS DE LULA NA QUINTA"},"content":{"rendered":"<p><img data-recalc-dims=\"1\" loading=\"lazy\" decoding=\"async\" data-attachment-id=\"16812\" data-permalink=\"http:\/\/blogdalucianaoliveira.com.br\/blog\/2018\/02\/27\/stj-julgara-habeas-corpus-de-lula-na-quinta\/lui-2\/\" data-orig-file=\"https:\/\/i0.wp.com\/blogdalucianaoliveira.com.br\/blog\/wp-content\/uploads\/2018\/02\/lui.jpg?fit=1000%2C357\" data-orig-size=\"1000,357\" data-comments-opened=\"0\" data-image-meta=\"{&quot;aperture&quot;:&quot;0&quot;,&quot;credit&quot;:&quot;&quot;,&quot;camera&quot;:&quot;&quot;,&quot;caption&quot;:&quot;&quot;,&quot;created_timestamp&quot;:&quot;0&quot;,&quot;copyright&quot;:&quot;&quot;,&quot;focal_length&quot;:&quot;0&quot;,&quot;iso&quot;:&quot;0&quot;,&quot;shutter_speed&quot;:&quot;0&quot;,&quot;title&quot;:&quot;&quot;,&quot;orientation&quot;:&quot;0&quot;}\" data-image-title=\"lui\" data-image-description=\"\" data-image-caption=\"\" data-medium-file=\"https:\/\/i0.wp.com\/blogdalucianaoliveira.com.br\/blog\/wp-content\/uploads\/2018\/02\/lui.jpg?fit=300%2C107\" data-large-file=\"https:\/\/i0.wp.com\/blogdalucianaoliveira.com.br\/blog\/wp-content\/uploads\/2018\/02\/lui.jpg?fit=600%2C214\" src=\"https:\/\/i0.wp.com\/blogdalucianaoliveira.com.br\/blog\/wp-content\/uploads\/2018\/02\/lui.jpg?resize=600%2C214\" alt=\"lui\" width=\"600\" height=\"214\" class=\"alignnone size-full wp-image-16812\" srcset=\"https:\/\/i0.wp.com\/blogdalucianaoliveira.com.br\/blog\/wp-content\/uploads\/2018\/02\/lui.jpg?w=1000 1000w, https:\/\/i0.wp.com\/blogdalucianaoliveira.com.br\/blog\/wp-content\/uploads\/2018\/02\/lui.jpg?resize=300%2C107 300w, https:\/\/i0.wp.com\/blogdalucianaoliveira.com.br\/blog\/wp-content\/uploads\/2018\/02\/lui.jpg?resize=768%2C274 768w, https:\/\/i0.wp.com\/blogdalucianaoliveira.com.br\/blog\/wp-content\/uploads\/2018\/02\/lui.jpg?resize=800%2C286 800w\" sizes=\"auto, (max-width: 600px) 100vw, 600px\" \/><\/p>\n<p>247 &#8211; O Superior Tribunal de Justi\u00e7a marcou para esta quinta-feira 1\u00ba o julgamento do habeas corpus apresentado pela defesa do ex-presidente Lula.<!--more--><\/p>\n<p>Os advogados de Lula pedem para que seja evitada sua pris\u00e3o imediatamente ap\u00f3s o esgotamento dos recursos na segunda inst\u00e2ncia, como determinou o Tribunal Regional Federal da 4\u00aa Regi\u00e3o, de Porto Alegre, no julgamento de 24 de janeiro, que condenou Lula em segunda inst\u00e2ncia.<\/p>\n<p>O recurso ser\u00e1 julgado pela Quinta Turma do STJ, que \u00e9 formada por cinco ministros. O habeas corpus j\u00e1 foi negado de maneira provis\u00f3ria pelo STJ em 30 de janeiro. Agora, o tema precisa ser analisado pela Quinta Turma da Corte. <\/p>\n<p>Ap\u00f3s o habeas corpus ter sido negado liminarmente pelo STJ, a defesa de Lula fez o pedido ao STF, que tamb\u00e9m j\u00e1 o negou em decis\u00e3o provis\u00f3ria. A Corte Suprema ainda pode apreciar a quest\u00e3o da pris\u00e3o ap\u00f3s condena\u00e7\u00e3o em segunda inst\u00e2ncia, mas aguarda se a ministra C\u00e1rmen L\u00facia colocar\u00e1 em pauta.<\/p>\n<p>O julgamento do recurso de Lula no TRF-4 deve acontecer entre mar\u00e7o e abril. A defesa de Lula pede que o processo do tr\u00edplex seja anulado.<\/p>\n","protected":false},"excerpt":{"rendered":"<p>247 &#8211; O Superior Tribunal de Justi\u00e7a marcou para esta quinta-feira 1\u00ba o julgamento do habeas corpus apresentado pela defesa do ex-presidente Lula.<\/p>\n","protected":false},"author":1,"featured_media":0,"comment_status":"closed","ping_status":"open","sticky":false,"template":"","format":"standard","meta":{"_exactmetrics_skip_tracking":false,"_exactmetrics_sitenote_active":false,"_exactmetrics_sitenote_note":"","_exactmetrics_sitenote_category":0,"jetpack_post_was_ever_published":false,"_jetpack_newsletter_access":"","_jetpack_dont_email_post_to_subs":false,"_jetpack_newsletter_tier_id":0,"_jetpack_memberships_contains_paywalled_content":false,"_jetpack_memberships_contains_paid_content":false,"footnotes":"","jetpack_publicize_message":"","jetpack_publicize_feature_enabled":true,"jetpack_social_post_already_shared":true,"jetpack_social_options":{"image_generator_settings":{"template":"highway","enabled":false},"version":2}},"categories":[1],"tags":[],"class_list":["post-16811","post","type-post","status-publish","format-standard","hentry","category-notas"],"jetpack_publicize_connections":[],"jetpack_sharing_enabled":true,"jetpack_featured_media_url":"","jetpack_shortlink":"https:\/\/wp.me\/p7wKYW-4n9","jetpack-related-posts":[],"_links":{"self":[{"href":"http:\/\/blogdalucianaoliveira.com.br\/blog\/wp-json\/wp\/v2\/posts\/16811","targetHints":{"allow":["GET"]}}],"collection":[{"href":"http:\/\/blogdalucianaoliveira.com.br\/blog\/wp-json\/wp\/v2\/posts"}],"about":[{"href":"http:\/\/blogdalucianaoliveira.com.br\/blog\/wp-json\/wp\/v2\/types\/post"}],"author":[{"embeddable":true,"href":"http:\/\/blogdalucianaoliveira.com.br\/blog\/wp-json\/wp\/v2\/users\/1"}],"replies":[{"embeddable":true,"href":"http:\/\/blogdalucianaoliveira.com.br\/blog\/wp-json\/wp\/v2\/comments?post=16811"}],"version-history":[{"count":1,"href":"http:\/\/blogdalucianaoliveira.com.br\/blog\/wp-json\/wp\/v2\/posts\/16811\/revisions"}],"predecessor-version":[{"id":16813,"href":"http:\/\/blogdalucianaoliveira.com.br\/blog\/wp-json\/wp\/v2\/posts\/16811\/revisions\/16813"}],"wp:attachment":[{"href":"http:\/\/blogdalucianaoliveira.com.br\/blog\/wp-json\/wp\/v2\/media?parent=16811"}],"wp:term":[{"taxonomy":"category","embeddable":true,"href":"http:\/\/blogdalucianaoliveira.com.br\/blog\/wp-json\/wp\/v2\/categories?post=16811"},{"taxonomy":"post_tag","embeddable":true,"href":"http:\/\/blogdalucianaoliveira.com.br\/blog\/wp-json\/wp\/v2\/tags?post=16811"}],"curies":[{"name":"wp","href":"https:\/\/api.w.org\/{rel}","templated":true}]}}