{"id":16814,"date":"2018-02-27T18:50:49","date_gmt":"2018-02-27T22:50:49","guid":{"rendered":"http:\/\/blogdalucianaoliveira.com.br\/blog\/?p=16814"},"modified":"2018-02-27T18:54:48","modified_gmt":"2018-02-27T22:54:48","slug":"por-uma-cultura-de-paz-em-porto-velho","status":"publish","type":"post","link":"http:\/\/blogdalucianaoliveira.com.br\/blog\/2018\/02\/27\/por-uma-cultura-de-paz-em-porto-velho\/","title":{"rendered":"Por uma cultura de paz em Porto Velho"},"content":{"rendered":"<p><img data-recalc-dims=\"1\" loading=\"lazy\" decoding=\"async\" data-attachment-id=\"16817\" data-permalink=\"http:\/\/blogdalucianaoliveira.com.br\/blog\/2018\/02\/27\/por-uma-cultura-de-paz-em-porto-velho\/ca-7\/\" data-orig-file=\"https:\/\/i0.wp.com\/blogdalucianaoliveira.com.br\/blog\/wp-content\/uploads\/2018\/02\/ca.jpg?fit=960%2C678\" data-orig-size=\"960,678\" data-comments-opened=\"0\" data-image-meta=\"{&quot;aperture&quot;:&quot;0&quot;,&quot;credit&quot;:&quot;&quot;,&quot;camera&quot;:&quot;&quot;,&quot;caption&quot;:&quot;&quot;,&quot;created_timestamp&quot;:&quot;0&quot;,&quot;copyright&quot;:&quot;&quot;,&quot;focal_length&quot;:&quot;0&quot;,&quot;iso&quot;:&quot;0&quot;,&quot;shutter_speed&quot;:&quot;0&quot;,&quot;title&quot;:&quot;&quot;,&quot;orientation&quot;:&quot;0&quot;}\" data-image-title=\"ca\" data-image-description=\"\" data-image-caption=\"\" data-medium-file=\"https:\/\/i0.wp.com\/blogdalucianaoliveira.com.br\/blog\/wp-content\/uploads\/2018\/02\/ca.jpg?fit=300%2C212\" data-large-file=\"https:\/\/i0.wp.com\/blogdalucianaoliveira.com.br\/blog\/wp-content\/uploads\/2018\/02\/ca.jpg?fit=600%2C424\" class=\"alignnone size-full wp-image-16817\" src=\"https:\/\/i0.wp.com\/blogdalucianaoliveira.com.br\/blog\/wp-content\/uploads\/2018\/02\/ca.jpg?resize=600%2C424\" alt=\"ca\" width=\"600\" height=\"424\" srcset=\"https:\/\/i0.wp.com\/blogdalucianaoliveira.com.br\/blog\/wp-content\/uploads\/2018\/02\/ca.jpg?w=960 960w, https:\/\/i0.wp.com\/blogdalucianaoliveira.com.br\/blog\/wp-content\/uploads\/2018\/02\/ca.jpg?resize=300%2C212 300w, https:\/\/i0.wp.com\/blogdalucianaoliveira.com.br\/blog\/wp-content\/uploads\/2018\/02\/ca.jpg?resize=768%2C542 768w, https:\/\/i0.wp.com\/blogdalucianaoliveira.com.br\/blog\/wp-content\/uploads\/2018\/02\/ca.jpg?resize=425%2C300 425w\" sizes=\"auto, (max-width: 600px) 100vw, 600px\" \/><\/p>\n<p>Por Francisco Aroldo &#8211; A arquidiocese de Porto Velho, a despeito das a\u00e7\u00f5es concretas para a campanha da fraternidade 2018 &#8211; Fraternidade e supera\u00e7\u00e3o da viol\u00eancia est\u00e1 empenhada em visitar e promover as parcerias necess\u00e1rias para uma caminhada pela cultura da paz em nossa capital.<!--more--><\/p>\n<p>O arcebispo e a equipe de coordena\u00e7\u00e3o geral da Campanha vem realizando visitas a entidades, empresas e autoridades p\u00fablicas com o sentido de conversar, promover e arregimentar parceiros para a concretiza\u00e7\u00e3o de duas a\u00e7\u00f5es especificas, uma para mar\u00e7o e outra para o m\u00eas de abril pr\u00f3ximos.<\/p>\n<p>A primeira ser\u00e1 uma caminhada pela paz com concentra\u00e7\u00e3o no santu\u00e1rio arquidiocesano de Aparecida, na rua Jos\u00e9 Amador dos Reis, donde sair\u00e1 \u00e0s 15h do dia 17 de mar\u00e7o, um s\u00e1bado, milhares de pessoas em percurso simb\u00f3lico de 2,5 Km com o objetivo de sinalizar e sensibilizar a cidade sobre os altos \u00edndices de intoler\u00e2ncia e viol\u00eancia, com efeitos nocivos nas rela\u00e7\u00f5es humanas, sendo durante a manifesta\u00e7\u00e3o organizada, a divulga\u00e7\u00e3o de poesias, cantos, musicais e apresenta\u00e7\u00f5es da juventude sobre o tema da viol\u00eancia e como superar.<\/p>\n<p>As lideran\u00e7as crist\u00e3s e as denomina\u00e7\u00f5es religiosas, bem como os empres\u00e1rios, trabalhadores, produtores rurais, comerciantes populares, representantes dos poderes p\u00fablicos constituidos, profissionais e operadores de comunica\u00e7\u00e3o, educa\u00e7\u00e3o e da justi\u00e7a estar\u00e3o reunidos nesse ato pela promo\u00e7\u00e3o do di\u00e1logo universal e da cultura pela paz na capital.<\/p>\n<p>Ap\u00f3s essa a\u00e7\u00e3o, a coordena\u00e7\u00e3o geral pretende ainda em abril por meio de audi\u00eancias p\u00fablicas na capital reunir os representantes dos diversos segmentos da sociedade local para a firmatura de um Forum Permanente pela cultura de Paz em Porto Velho, onde ser\u00e3o debatidos, analisados e propostas a\u00e7\u00f5es de supera\u00e7\u00e3o da viol\u00eancia no campo e na cidade, em especial para os segmentos da educa\u00e7\u00e3o (escolas), mulheres vitimas e discrimina\u00e7\u00e3o e abusos sexuais e para o contexto carcer\u00e1rio e de viol\u00eancia no tr\u00e2nsito.<\/p>\n<p>O F\u00f3rum Permanente dever\u00e1 funcionar em car\u00e1ter de informativo aos setores p\u00fablicos das delibera\u00e7\u00f5es e indica\u00e7\u00e3o de prioridades e a\u00e7\u00f5es (projetos) para o enfrentamento e supera\u00e7\u00e3o dos atuais \u00edndices de viol\u00eancia em nossa capital, podendo ser um instrumento de controle e apoio social para as mudan\u00e7as de atitude e comportamento, o que gera com a empatia dos participantes o ambiente desejado de paz e justi\u00e7a social.<\/p>\n<p>Todos somos convidados a participa\u00e7\u00e3o, por uma cultura de paz e n\u00e3o viol\u00eancia, haveremos de contribuir com a constru\u00e7\u00e3o de uma cidade mais justa e humanizada.<\/p>\n<table border=\"0\" width=\"680\" cellspacing=\"5\" cellpadding=\"0\">\n<tbody>\n<tr>\n<td rowspan=\"2\" valign=\"top\" width=\"68\"><img data-recalc-dims=\"1\" loading=\"lazy\" decoding=\"async\" src=\"https:\/\/i0.wp.com\/www.gentedeopiniao.com.br\/colunistas\/578f70ed34c68138bf5ba72f36513c03.gif?resize=120%2C120\" width=\"120\" height=\"120\" \/><\/td>\n<td width=\"612\">\n<h4>Aroldo Vasconcelos<\/h4>\n<\/td>\n<\/tr>\n<tr>\n<td>FRANCISCO AROLDO &#8211; Economista, professor, consultor, palestrante, assessor parlamentar, analista de projetos p\u00fablicos e privados; Foi presidente do Conselho de Economia de Rond\u00f4nia; Foi Conselheiro do COFECON por Rond\u00f4nia; Foi Diretor Regional do SENAR em Rond\u00f4nia;<\/td>\n<\/tr>\n<\/tbody>\n<\/table>\n","protected":false},"excerpt":{"rendered":"<p>Por Francisco Aroldo &#8211; A arquidiocese de Porto Velho, a despeito das a\u00e7\u00f5es concretas para a campanha da fraternidade 2018 &#8211; Fraternidade e supera\u00e7\u00e3o da viol\u00eancia est\u00e1 empenhada em visitar e promover as parcerias necess\u00e1rias para uma caminhada pela cultura da paz em nossa capital.<\/p>\n","protected":false},"author":1,"featured_media":16817,"comment_status":"closed","ping_status":"open","sticky":false,"template":"","format":"standard","meta":{"_exactmetrics_skip_tracking":false,"_exactmetrics_sitenote_active":false,"_exactmetrics_sitenote_note":"","_exactmetrics_sitenote_category":0,"jetpack_post_was_ever_published":false,"_jetpack_newsletter_access":"","_jetpack_dont_email_post_to_subs":false,"_jetpack_newsletter_tier_id":0,"_jetpack_memberships_contains_paywalled_content":false,"_jetpack_memberships_contains_paid_content":false,"footnotes":"","jetpack_publicize_message":"","jetpack_publicize_feature_enabled":true,"jetpack_social_post_already_shared":true,"jetpack_social_options":{"image_generator_settings":{"template":"highway","enabled":false},"version":2}},"categories":[1],"tags":[],"class_list":["post-16814","post","type-post","status-publish","format-standard","has-post-thumbnail","hentry","category-notas"],"jetpack_publicize_connections":[],"jetpack_sharing_enabled":true,"jetpack_featured_media_url":"https:\/\/i0.wp.com\/blogdalucianaoliveira.com.br\/blog\/wp-content\/uploads\/2018\/02\/ca.jpg?fit=960%2C678","jetpack_shortlink":"https:\/\/wp.me\/p7wKYW-4nc","jetpack-related-posts":[],"_links":{"self":[{"href":"http:\/\/blogdalucianaoliveira.com.br\/blog\/wp-json\/wp\/v2\/posts\/16814","targetHints":{"allow":["GET"]}}],"collection":[{"href":"http:\/\/blogdalucianaoliveira.com.br\/blog\/wp-json\/wp\/v2\/posts"}],"about":[{"href":"http:\/\/blogdalucianaoliveira.com.br\/blog\/wp-json\/wp\/v2\/types\/post"}],"author":[{"embeddable":true,"href":"http:\/\/blogdalucianaoliveira.com.br\/blog\/wp-json\/wp\/v2\/users\/1"}],"replies":[{"embeddable":true,"href":"http:\/\/blogdalucianaoliveira.com.br\/blog\/wp-json\/wp\/v2\/comments?post=16814"}],"version-history":[{"count":3,"href":"http:\/\/blogdalucianaoliveira.com.br\/blog\/wp-json\/wp\/v2\/posts\/16814\/revisions"}],"predecessor-version":[{"id":16819,"href":"http:\/\/blogdalucianaoliveira.com.br\/blog\/wp-json\/wp\/v2\/posts\/16814\/revisions\/16819"}],"wp:featuredmedia":[{"embeddable":true,"href":"http:\/\/blogdalucianaoliveira.com.br\/blog\/wp-json\/wp\/v2\/media\/16817"}],"wp:attachment":[{"href":"http:\/\/blogdalucianaoliveira.com.br\/blog\/wp-json\/wp\/v2\/media?parent=16814"}],"wp:term":[{"taxonomy":"category","embeddable":true,"href":"http:\/\/blogdalucianaoliveira.com.br\/blog\/wp-json\/wp\/v2\/categories?post=16814"},{"taxonomy":"post_tag","embeddable":true,"href":"http:\/\/blogdalucianaoliveira.com.br\/blog\/wp-json\/wp\/v2\/tags?post=16814"}],"curies":[{"name":"wp","href":"https:\/\/api.w.org\/{rel}","templated":true}]}}