{"id":16820,"date":"2018-02-28T11:04:52","date_gmt":"2018-02-28T15:04:52","guid":{"rendered":"http:\/\/blogdalucianaoliveira.com.br\/blog\/?p=16820"},"modified":"2018-02-28T11:04:52","modified_gmt":"2018-02-28T15:04:52","slug":"depois-da-unb-outras-universidades-lancam-disciplina-sobre-o-golpe-de-2016","status":"publish","type":"post","link":"http:\/\/blogdalucianaoliveira.com.br\/blog\/2018\/02\/28\/depois-da-unb-outras-universidades-lancam-disciplina-sobre-o-golpe-de-2016\/","title":{"rendered":"Depois da UnB, outras universidades lan\u00e7am disciplina sobre o golpe de 2016"},"content":{"rendered":"<p><img data-recalc-dims=\"1\" loading=\"lazy\" decoding=\"async\" data-attachment-id=\"16821\" data-permalink=\"http:\/\/blogdalucianaoliveira.com.br\/blog\/2018\/02\/28\/depois-da-unb-outras-universidades-lancam-disciplina-sobre-o-golpe-de-2016\/reea\/\" data-orig-file=\"https:\/\/i0.wp.com\/blogdalucianaoliveira.com.br\/blog\/wp-content\/uploads\/2018\/02\/reea.jpg?fit=580%2C388\" data-orig-size=\"580,388\" data-comments-opened=\"0\" data-image-meta=\"{&quot;aperture&quot;:&quot;0&quot;,&quot;credit&quot;:&quot;&quot;,&quot;camera&quot;:&quot;&quot;,&quot;caption&quot;:&quot;&quot;,&quot;created_timestamp&quot;:&quot;0&quot;,&quot;copyright&quot;:&quot;&quot;,&quot;focal_length&quot;:&quot;0&quot;,&quot;iso&quot;:&quot;0&quot;,&quot;shutter_speed&quot;:&quot;0&quot;,&quot;title&quot;:&quot;&quot;,&quot;orientation&quot;:&quot;0&quot;}\" data-image-title=\"reea\" data-image-description=\"\" data-image-caption=\"\" data-medium-file=\"https:\/\/i0.wp.com\/blogdalucianaoliveira.com.br\/blog\/wp-content\/uploads\/2018\/02\/reea.jpg?fit=300%2C201\" data-large-file=\"https:\/\/i0.wp.com\/blogdalucianaoliveira.com.br\/blog\/wp-content\/uploads\/2018\/02\/reea.jpg?fit=580%2C388\" class=\"alignnone size-full wp-image-16821\" src=\"https:\/\/i0.wp.com\/blogdalucianaoliveira.com.br\/blog\/wp-content\/uploads\/2018\/02\/reea.jpg?resize=580%2C388\" alt=\"reea\" width=\"580\" height=\"388\" srcset=\"https:\/\/i0.wp.com\/blogdalucianaoliveira.com.br\/blog\/wp-content\/uploads\/2018\/02\/reea.jpg?w=580 580w, https:\/\/i0.wp.com\/blogdalucianaoliveira.com.br\/blog\/wp-content\/uploads\/2018\/02\/reea.jpg?resize=300%2C201 300w, https:\/\/i0.wp.com\/blogdalucianaoliveira.com.br\/blog\/wp-content\/uploads\/2018\/02\/reea.jpg?resize=448%2C300 448w\" sizes=\"auto, (max-width: 580px) 100vw, 580px\" \/><\/p>\n<p>No Brasil De Fato &#8211; A rea\u00e7\u00e3o negativa do ministro da Educa\u00e7\u00e3o, Mendon\u00e7a Filho, \u00e0 oferta de disciplina sobre o golpe de 2016 na Universidade de Bras\u00edlia (UnB), provocou desdobramentos em outras institui\u00e7\u00f5es de ensino. Segundo apurou o\u00a0<strong>Brasil de Fato<\/strong>, j\u00e1 est\u00e3o confirmadas mat\u00e9rias sobre o mesmo tema nas universidades Federais da Bahia e do Amazonas, al\u00e9m das Estaduais da Para\u00edba e de Campinas.<!--more--><\/p>\n<p>O Departamento de Ci\u00eancia Pol\u00edtica da Unicamp, por exemplo, dever\u00e1 iniciar em mar\u00e7o curso com o mesmo nome do originalmente proposto pelo professor Lu\u00eds Felipe Miguel, da UnB &#8211; &#8220;O golpe de 2016 e o futuro da democracia no Brasil&#8221;.<\/p>\n<p>De acordo com o chefe do Departamento, Wagner Rom\u00e3o, a iniciativa \u00e9 uma forma de demonstrar solidariedade ao professor Lu\u00eds Felipe Miguel, respons\u00e1vel pela mat\u00e9ria que ser\u00e1 ministrada na UnB. Ele tem sido fortemente atacado por grupos conservadores. Al\u00e9m disso, Rom\u00e3o assinala que a oferta do curso traduz uma tentativa de demarcar o papel da universidade diante do contexto pol\u00edtico do pa\u00eds.<\/p>\n<p>&#8220;N\u00e3o se trata de um posicionamento pol\u00edtico-partid\u00e1rio, como a gente tem ouvido falar, mas de uma defesa da liberdade e da autonomia das universidades em promover conhecimento sobre a nossa realidade&#8221;, acrescenta.<\/p>\n<p>Segundo ele, o curso ser\u00e1 aberto a todos os interessados e j\u00e1 conta com pelo menos 30 aulas previstas, que ser\u00e3o conduzidas por professores de diferentes \u00e1reas. Ele destaca o fato de pessoas de fora da comunidade acad\u00eamica terem manifestado interesse na forma\u00e7\u00e3o, inclusive com pedidos de transmiss\u00e3o on-line das aulas, para que elas possam ser acompanhadas em outros estados.<\/p>\n<p>&#8220;Quando h\u00e1 um fato dessa forma e quando a pr\u00f3pria universidade e a constru\u00e7\u00e3o do livre conhecimento se veem atacadas, isso se agrega exatamente a essa car\u00eancia de informa\u00e7\u00e3o mais bem fundamentada sobre o que aconteceu no pa\u00eds&#8221;, afirma.<\/p>\n<p>Outro curso com o mesmo t\u00edtulo e o mesmo teor tamb\u00e9m ser\u00e1 ofertado pela Universidade Estadual da Para\u00edba (UEPB) em abril, por meio de uma articula\u00e7\u00e3o que conta ainda com docentes de outras tr\u00eas institui\u00e7\u00f5es.<\/p>\n<p>De acordo com o professor Agassiz Almeida Filho, que est\u00e1 \u00e0 frente do processo, a ideia \u00e9, al\u00e9m de destacar o papel do meio acad\u00eamico nas reflex\u00f5es sobre o pa\u00eds, avan\u00e7ar al\u00e9m da perspectiva estritamente pol\u00edtica que domina o debate nacional.<\/p>\n<p>&#8220;N\u00f3s entendemos que este era o momento de come\u00e7ar a discutir o golpe desde o ponto de vista te\u00f3rico. Pol\u00edtico [tamb\u00e9m], mas numa perspectiva da filosofia pol\u00edtica, da ci\u00eancia pol\u00edtica&#8221;, explica.<\/p>\n<p>A Universidade Federal da Bahia (UFBA) \u00e9 outro exemplo de institui\u00e7\u00e3o que ser\u00e1 palco de iniciativa semelhante. Ao todo, 22 docentes de cursos como Hist\u00f3ria, Sociologia, Educa\u00e7\u00e3o e Direito se uniram para ofertar uma disciplina sobre o tema. O professor de Hist\u00f3ria Carlos Zakarias explica que a iniciativa veio no embalo da repercuss\u00e3o da conduta do ministro da Educa\u00e7\u00e3o e que est\u00e1 relacionada a um &#8220;sentimento de indigna\u00e7\u00e3o&#8221; do grupo.<\/p>\n<p>&#8220;\u00c9 em defesa da universidade, da liberdade de c\u00e1tedra, do exerc\u00edcio livre das nossas intelig\u00eancias e contra este governo, que, al\u00e9m de retirar recursos, de estrangular a ci\u00eancia, a tecnologia e a educa\u00e7\u00e3o do pa\u00eds, agora pretende calar a voz dos professores&#8221;, critica.<\/p>\n<p>A iniciativa dos professores provocou diversas rea\u00e7\u00f5es nas redes sociais. Um post do professor Zakarias no Facebook, por exemplo, chegou a receber mais de 2 mil coment\u00e1rios, a maioria deles com conte\u00fado agressivo.<\/p>\n<p>&#8220;Isso nos diz de que estamos trilhando o caminho certo e de que \u00e9 mais do que urgente e necess\u00e1rio discutir o futuro da democracia do pa\u00eds&#8221;, considera.<\/p>\n<p class=\"ckeditor-subtitle\">Governo<\/p>\n<p>As rea\u00e7\u00f5es do ministro Mendon\u00e7a Filho foram manifestadas na semana passada, por meio de seu perfil no Twitter. Ele\u00a0disse que iria cobrar da\u00a0Advocacia-Geral da Uni\u00e3o (AGU), do Tribunal de Contas da Uni\u00e3o (TCU) e do Minist\u00e9rio P\u00fablico Federal (MPF) que apurassem sobre a conduta dos respons\u00e1veis pela cria\u00e7\u00e3o da disciplina na UnB, sinalizando que poderia se tratar de um caso de improbidade administrativa.<\/p>\n<p>Para o ministro, a universidade estaria sendo usada para &#8220;fazer proselitismo pol\u00edtico e ideol\u00f3gico&#8221;. A reportagem tentou conversar com o professor Lu\u00eds Felipe Miguel, mas ele informou que n\u00e3o est\u00e1 falando \u00e0 imprensa para n\u00e3o alimentar o que considera uma &#8220;falsa pol\u00eamica gerada pela a\u00e7\u00e3o no Minist\u00e9rio da Educa\u00e7\u00e3o (MEC)&#8221;.<\/p>\n<p class=\"editor\">Edi\u00e7\u00e3o: Camila Salmazio<\/p>\n<div class=\"content-footer\"><\/div>\n","protected":false},"excerpt":{"rendered":"<p>No Brasil De Fato &#8211; A rea\u00e7\u00e3o negativa do ministro da Educa\u00e7\u00e3o, Mendon\u00e7a Filho, \u00e0 oferta de disciplina sobre o golpe de 2016 na Universidade de Bras\u00edlia (UnB), provocou desdobramentos em outras institui\u00e7\u00f5es de ensino. Segundo apurou o\u00a0Brasil de Fato, j\u00e1 est\u00e3o confirmadas mat\u00e9rias sobre o mesmo tema nas universidades Federais da Bahia e do&#8230;<a class=\"more-link\" href=\"http:\/\/blogdalucianaoliveira.com.br\/blog\/2018\/02\/28\/depois-da-unb-outras-universidades-lancam-disciplina-sobre-o-golpe-de-2016\/\">Continue a leitura <span class=\"meta-nav\">&raquo;<\/span><\/a><\/p>\n","protected":false},"author":1,"featured_media":0,"comment_status":"closed","ping_status":"open","sticky":false,"template":"","format":"standard","meta":{"_exactmetrics_skip_tracking":false,"_exactmetrics_sitenote_active":false,"_exactmetrics_sitenote_note":"","_exactmetrics_sitenote_category":0,"jetpack_post_was_ever_published":false,"_jetpack_newsletter_access":"","_jetpack_dont_email_post_to_subs":false,"_jetpack_newsletter_tier_id":0,"_jetpack_memberships_contains_paywalled_content":false,"_jetpack_memberships_contains_paid_content":false,"footnotes":"","jetpack_publicize_message":"","jetpack_publicize_feature_enabled":true,"jetpack_social_post_already_shared":true,"jetpack_social_options":{"image_generator_settings":{"template":"highway","enabled":false},"version":2}},"categories":[1],"tags":[],"class_list":["post-16820","post","type-post","status-publish","format-standard","hentry","category-notas"],"jetpack_publicize_connections":[],"jetpack_sharing_enabled":true,"jetpack_featured_media_url":"","jetpack_shortlink":"https:\/\/wp.me\/p7wKYW-4ni","jetpack-related-posts":[],"_links":{"self":[{"href":"http:\/\/blogdalucianaoliveira.com.br\/blog\/wp-json\/wp\/v2\/posts\/16820","targetHints":{"allow":["GET"]}}],"collection":[{"href":"http:\/\/blogdalucianaoliveira.com.br\/blog\/wp-json\/wp\/v2\/posts"}],"about":[{"href":"http:\/\/blogdalucianaoliveira.com.br\/blog\/wp-json\/wp\/v2\/types\/post"}],"author":[{"embeddable":true,"href":"http:\/\/blogdalucianaoliveira.com.br\/blog\/wp-json\/wp\/v2\/users\/1"}],"replies":[{"embeddable":true,"href":"http:\/\/blogdalucianaoliveira.com.br\/blog\/wp-json\/wp\/v2\/comments?post=16820"}],"version-history":[{"count":1,"href":"http:\/\/blogdalucianaoliveira.com.br\/blog\/wp-json\/wp\/v2\/posts\/16820\/revisions"}],"predecessor-version":[{"id":16822,"href":"http:\/\/blogdalucianaoliveira.com.br\/blog\/wp-json\/wp\/v2\/posts\/16820\/revisions\/16822"}],"wp:attachment":[{"href":"http:\/\/blogdalucianaoliveira.com.br\/blog\/wp-json\/wp\/v2\/media?parent=16820"}],"wp:term":[{"taxonomy":"category","embeddable":true,"href":"http:\/\/blogdalucianaoliveira.com.br\/blog\/wp-json\/wp\/v2\/categories?post=16820"},{"taxonomy":"post_tag","embeddable":true,"href":"http:\/\/blogdalucianaoliveira.com.br\/blog\/wp-json\/wp\/v2\/tags?post=16820"}],"curies":[{"name":"wp","href":"https:\/\/api.w.org\/{rel}","templated":true}]}}