{"id":16823,"date":"2018-02-28T13:18:41","date_gmt":"2018-02-28T17:18:41","guid":{"rendered":"http:\/\/blogdalucianaoliveira.com.br\/blog\/?p=16823"},"modified":"2018-02-28T13:20:33","modified_gmt":"2018-02-28T17:20:33","slug":"greve-juizes-no-brasil-ganham-mais-que-na-europa-e-nos-eua","status":"publish","type":"post","link":"http:\/\/blogdalucianaoliveira.com.br\/blog\/2018\/02\/28\/greve-juizes-no-brasil-ganham-mais-que-na-europa-e-nos-eua\/","title":{"rendered":"Greve? Ju\u00edzes no Brasil ganham mais que na Europa e nos EUA"},"content":{"rendered":"<p><img data-recalc-dims=\"1\" loading=\"lazy\" decoding=\"async\" data-attachment-id=\"16824\" data-permalink=\"http:\/\/blogdalucianaoliveira.com.br\/blog\/2018\/02\/28\/greve-juizes-no-brasil-ganham-mais-que-na-europa-e-nos-eua\/cuma\/\" data-orig-file=\"https:\/\/i0.wp.com\/blogdalucianaoliveira.com.br\/blog\/wp-content\/uploads\/2018\/02\/cuma.jpg?fit=618%2C410\" data-orig-size=\"618,410\" data-comments-opened=\"0\" data-image-meta=\"{&quot;aperture&quot;:&quot;0&quot;,&quot;credit&quot;:&quot;&quot;,&quot;camera&quot;:&quot;&quot;,&quot;caption&quot;:&quot;&quot;,&quot;created_timestamp&quot;:&quot;0&quot;,&quot;copyright&quot;:&quot;&quot;,&quot;focal_length&quot;:&quot;0&quot;,&quot;iso&quot;:&quot;0&quot;,&quot;shutter_speed&quot;:&quot;0&quot;,&quot;title&quot;:&quot;&quot;,&quot;orientation&quot;:&quot;0&quot;}\" data-image-title=\"cuma\" data-image-description=\"\" data-image-caption=\"\" data-medium-file=\"https:\/\/i0.wp.com\/blogdalucianaoliveira.com.br\/blog\/wp-content\/uploads\/2018\/02\/cuma.jpg?fit=300%2C199\" data-large-file=\"https:\/\/i0.wp.com\/blogdalucianaoliveira.com.br\/blog\/wp-content\/uploads\/2018\/02\/cuma.jpg?fit=600%2C398\" class=\"alignnone size-full wp-image-16824\" src=\"https:\/\/i0.wp.com\/blogdalucianaoliveira.com.br\/blog\/wp-content\/uploads\/2018\/02\/cuma.jpg?resize=600%2C398\" alt=\"cuma\" width=\"600\" height=\"398\" srcset=\"https:\/\/i0.wp.com\/blogdalucianaoliveira.com.br\/blog\/wp-content\/uploads\/2018\/02\/cuma.jpg?w=618 618w, https:\/\/i0.wp.com\/blogdalucianaoliveira.com.br\/blog\/wp-content\/uploads\/2018\/02\/cuma.jpg?resize=300%2C199 300w, https:\/\/i0.wp.com\/blogdalucianaoliveira.com.br\/blog\/wp-content\/uploads\/2018\/02\/cuma.jpg?resize=452%2C300 452w\" sizes=\"auto, (max-width: 600px) 100vw, 600px\" \/><\/p>\n<p>Do Observat\u00f3rio do Terceiro Setor &#8211; Logo ap\u00f3s a ministra e presidente do Supremo Tribunal Federal Carmen Lucia ter marcado para 22 de mar\u00e7o o julgamento que pode extinguir o aux\u00edlio-moradia dos ju\u00edzes federais brasileiros, um grupo com cerca de 100 magistrados iniciou um movimento para convencer colegas a iniciar uma greve. Segundo informa\u00e7\u00f5es do jornal<a href=\"http:\/\/painel.blogfolha.uol.com.br\/2018\/02\/22\/com-auxilio-na-mira-do-stf-juizes-federais-ameacam-entrar-em-greve\/?loggedpaywall\" target=\"_blank\" rel=\"noopener\">Folha de S\u00e3o Paulo<\/a>, os magistrados acham que a iniciativa \u00e9 seletiva, j\u00e1 que ela n\u00e3o p\u00f4s em pauta uma outra a\u00e7\u00e3o que tamb\u00e9m questiona o benef\u00edcio dos ju\u00edzes estaduais.<!--more--><\/p>\n<p>A ministra tomou a decis\u00e3o depois de o aux\u00edlio-moradia pago a ju\u00edzes gerar pol\u00eamica nas redes sociais. Os \u00faltimos n\u00fameros mostram que o\u00a0<a href=\"http:\/\/www.valor.com.br\/brasil\/4882412\/deficit-habitacional-aumenta-com-recessao\" target=\"_blank\" rel=\"noopener\">d\u00e9ficit habitacional no Brasil\u00a0<\/a>est\u00e1 entre 5,5 e 6 milh\u00f5es de moradias. Quase 85% das fam\u00edlias que figuram no indicador ganham at\u00e9 tr\u00eas sal\u00e1rios m\u00ednimos. S\u00e3o elas as que mais sofrem com a baixa produ\u00e7\u00e3o de moradias com subs\u00eddio p\u00fablico e o gasto excessivo com aluguel num contexto de renda em queda.<\/p>\n<p>Segundo a legisla\u00e7\u00e3o, os sal\u00e1rios dos ju\u00edzes n\u00e3o podem ultrapassar os dos ministros do Supremo Tribunal Federal, que hoje s\u00e3o de R$ 33.763.\u00a0<a href=\"https:\/\/oglobo.globo.com\/brasil\/mais-de-dez-mil-magistrados-recebem-remuneracoes-superiores-ao-teto-20340033\" target=\"_blank\" rel=\"noopener\">Mas tr\u00eas em cada quatro ju\u00edzes brasileiros ganham acima do teto<\/a>. Para driblar o teto, os tribunais pagam aos magistrados recursos a t\u00edtulos variados de \u201cindeniza\u00e7\u00f5es\u201d, \u201cvantagens\u201d e \u201cgratifica\u00e7\u00f5es\u201d, com respaldo legal dado por decis\u00f5es do pr\u00f3prio Judici\u00e1rio ou resolu\u00e7\u00f5es dos conselhos Nacional de Justi\u00e7a (CNJ) e da Justi\u00e7a Federal (CFJ), que t\u00eam a atribui\u00e7\u00e3o de fiscalizar esse poder.<\/p>\n<p>Um levantamento do<a href=\"http:\/\/economia.estadao.com.br\/noticias\/geral,salarios-de-juizes-no-brasil-superam-os-dos-estados-unidos-e-da-inglaterra,10000070901\" target=\"_blank\" rel=\"noopener\">\u00a0jornal O Estado de S\u00e3o Paulo<\/a>\u00a0mostra que um desembargador em Minas Gerais ganha, em m\u00e9dia, l\u00edquido, R$ 56 mil por m\u00eas. Em S\u00e3o Paulo, R$ 52 mil. No Rio de Janeiro, R$ 38 mil.<\/p>\n<p>Atualmente, o sal\u00e1rio inicial de um juiz \u00e9 fixado em R$ 27.500,17. Al\u00e9m do vencimento, os magistrados<a href=\"https:\/\/chrn.jusbrasil.com.br\/noticias\/421782859\/veja-os-salarios-da-magistratura-quanto-ganha-um-juiz-promotor-e-desembargador\" target=\"_blank\" rel=\"noopener\">\u00a0recebem<\/a>aux\u00edlio-moradia, aux\u00edlio-alimenta\u00e7\u00e3o, gratifica\u00e7\u00f5es, aux\u00edlio-sa\u00fade e outros benef\u00edcios, que podem envolver aulas em escolas da magistratura, cargos de dire\u00e7\u00e3o e ajuda de custo para se instalarem em outras cidades. Segundo reportagem do\u00a0<a href=\"https:\/\/oglobo.globo.com\/brasil\/com-extras-71-dos-juizes-do-pais-recebem-acima-do-teto-de-33-mil-22201981\" target=\"_blank\" rel=\"noopener\">Jornal O Globo,<\/a>\u00a071% dos magistrados do pa\u00eds ganham acima do teto. A reportagem cita o caso de uma ju\u00edza que chegou a ter rendimento mensal de R$ 235 mil em novembro do ano passado. O Tribunal de Justi\u00e7a de Rond\u00f4nia registrou o maior rendimento m\u00e9dio do pa\u00eds. A m\u00e9dia de remunera\u00e7\u00e3o dos magistrados do estado ficou em R$ 68,8 mil em novembro.<\/p>\n<p>Os valores superam os pagos a um juiz similar no Reino Unido, que recebe cerca de R$ 29 mil, e at\u00e9 dos Estados Unidos, cujo sal\u00e1rio mensal m\u00e9dio \u00e9 de R$ 43 mil. Chega a ser superior a ju\u00edzes da Suprema Corte de pa\u00edses da Uni\u00e3o Europeia, como B\u00e9lgica e Portugal.<\/p>\n<p>No pr\u00f3ximo dia 15 de mar\u00e7o magistrados pretendem fazer uma\u00a0<a href=\"https:\/\/www.terra.com.br\/noticias\/brasil\/contra-pauta-seletiva-do-stf-entidade-consulta-juizes-federais-para-fazer-paralisacao-dia-15-de-marco,f56bc75c8998317a60195b0959572777kku2gzhq.html\" target=\"_blank\" rel=\"noopener\">paralisa\u00e7\u00e3o contra a retirada do aux\u00edlio-moradia<\/a>para a categoria.<\/p>\n<p>&nbsp;<\/p>\n<p><img data-recalc-dims=\"1\" loading=\"lazy\" decoding=\"async\" data-attachment-id=\"16826\" data-permalink=\"http:\/\/blogdalucianaoliveira.com.br\/blog\/2018\/02\/28\/greve-juizes-no-brasil-ganham-mais-que-na-europa-e-nos-eua\/salario-de-juiz-no-brasil-e-um-dos-mais-altos-do-planeta1\/\" data-orig-file=\"https:\/\/i0.wp.com\/blogdalucianaoliveira.com.br\/blog\/wp-content\/uploads\/2018\/02\/salario-de-juiz-no-brasil-e-um-dos-mais-altos-do-planeta1.jpg?fit=650%2C300\" data-orig-size=\"650,300\" data-comments-opened=\"0\" data-image-meta=\"{&quot;aperture&quot;:&quot;0&quot;,&quot;credit&quot;:&quot;&quot;,&quot;camera&quot;:&quot;&quot;,&quot;caption&quot;:&quot;&quot;,&quot;created_timestamp&quot;:&quot;0&quot;,&quot;copyright&quot;:&quot;&quot;,&quot;focal_length&quot;:&quot;0&quot;,&quot;iso&quot;:&quot;0&quot;,&quot;shutter_speed&quot;:&quot;0&quot;,&quot;title&quot;:&quot;&quot;,&quot;orientation&quot;:&quot;0&quot;}\" data-image-title=\"salario-de-juiz-no-brasil-e-um-dos-mais-altos-do-planeta1\" data-image-description=\"\" data-image-caption=\"\" data-medium-file=\"https:\/\/i0.wp.com\/blogdalucianaoliveira.com.br\/blog\/wp-content\/uploads\/2018\/02\/salario-de-juiz-no-brasil-e-um-dos-mais-altos-do-planeta1.jpg?fit=300%2C138\" data-large-file=\"https:\/\/i0.wp.com\/blogdalucianaoliveira.com.br\/blog\/wp-content\/uploads\/2018\/02\/salario-de-juiz-no-brasil-e-um-dos-mais-altos-do-planeta1.jpg?fit=600%2C277\" class=\"alignnone size-full wp-image-16826\" src=\"https:\/\/i0.wp.com\/blogdalucianaoliveira.com.br\/blog\/wp-content\/uploads\/2018\/02\/salario-de-juiz-no-brasil-e-um-dos-mais-altos-do-planeta1.jpg?resize=600%2C277\" alt=\"salario-de-juiz-no-brasil-e-um-dos-mais-altos-do-planeta1\" width=\"600\" height=\"277\" srcset=\"https:\/\/i0.wp.com\/blogdalucianaoliveira.com.br\/blog\/wp-content\/uploads\/2018\/02\/salario-de-juiz-no-brasil-e-um-dos-mais-altos-do-planeta1.jpg?w=650 650w, https:\/\/i0.wp.com\/blogdalucianaoliveira.com.br\/blog\/wp-content\/uploads\/2018\/02\/salario-de-juiz-no-brasil-e-um-dos-mais-altos-do-planeta1.jpg?resize=300%2C138 300w\" sizes=\"auto, (max-width: 600px) 100vw, 600px\" \/><\/p>\n","protected":false},"excerpt":{"rendered":"<p>Do Observat\u00f3rio do Terceiro Setor &#8211; Logo ap\u00f3s a ministra e presidente do Supremo Tribunal Federal Carmen Lucia ter marcado para 22 de mar\u00e7o o julgamento que pode extinguir o aux\u00edlio-moradia dos ju\u00edzes federais brasileiros, um grupo com cerca de 100 magistrados iniciou um movimento para convencer colegas a iniciar uma greve. Segundo informa\u00e7\u00f5es do&#8230;<a class=\"more-link\" href=\"http:\/\/blogdalucianaoliveira.com.br\/blog\/2018\/02\/28\/greve-juizes-no-brasil-ganham-mais-que-na-europa-e-nos-eua\/\">Continue a leitura <span class=\"meta-nav\">&raquo;<\/span><\/a><\/p>\n","protected":false},"author":1,"featured_media":0,"comment_status":"closed","ping_status":"open","sticky":false,"template":"","format":"standard","meta":{"_exactmetrics_skip_tracking":false,"_exactmetrics_sitenote_active":false,"_exactmetrics_sitenote_note":"","_exactmetrics_sitenote_category":0,"jetpack_post_was_ever_published":false,"_jetpack_newsletter_access":"","_jetpack_dont_email_post_to_subs":false,"_jetpack_newsletter_tier_id":0,"_jetpack_memberships_contains_paywalled_content":false,"_jetpack_memberships_contains_paid_content":false,"footnotes":"","jetpack_publicize_message":"","jetpack_publicize_feature_enabled":true,"jetpack_social_post_already_shared":true,"jetpack_social_options":{"image_generator_settings":{"template":"highway","enabled":false},"version":2}},"categories":[1],"tags":[],"class_list":["post-16823","post","type-post","status-publish","format-standard","hentry","category-notas"],"jetpack_publicize_connections":[],"jetpack_sharing_enabled":true,"jetpack_featured_media_url":"","jetpack_shortlink":"https:\/\/wp.me\/p7wKYW-4nl","jetpack-related-posts":[],"_links":{"self":[{"href":"http:\/\/blogdalucianaoliveira.com.br\/blog\/wp-json\/wp\/v2\/posts\/16823","targetHints":{"allow":["GET"]}}],"collection":[{"href":"http:\/\/blogdalucianaoliveira.com.br\/blog\/wp-json\/wp\/v2\/posts"}],"about":[{"href":"http:\/\/blogdalucianaoliveira.com.br\/blog\/wp-json\/wp\/v2\/types\/post"}],"author":[{"embeddable":true,"href":"http:\/\/blogdalucianaoliveira.com.br\/blog\/wp-json\/wp\/v2\/users\/1"}],"replies":[{"embeddable":true,"href":"http:\/\/blogdalucianaoliveira.com.br\/blog\/wp-json\/wp\/v2\/comments?post=16823"}],"version-history":[{"count":2,"href":"http:\/\/blogdalucianaoliveira.com.br\/blog\/wp-json\/wp\/v2\/posts\/16823\/revisions"}],"predecessor-version":[{"id":16827,"href":"http:\/\/blogdalucianaoliveira.com.br\/blog\/wp-json\/wp\/v2\/posts\/16823\/revisions\/16827"}],"wp:attachment":[{"href":"http:\/\/blogdalucianaoliveira.com.br\/blog\/wp-json\/wp\/v2\/media?parent=16823"}],"wp:term":[{"taxonomy":"category","embeddable":true,"href":"http:\/\/blogdalucianaoliveira.com.br\/blog\/wp-json\/wp\/v2\/categories?post=16823"},{"taxonomy":"post_tag","embeddable":true,"href":"http:\/\/blogdalucianaoliveira.com.br\/blog\/wp-json\/wp\/v2\/tags?post=16823"}],"curies":[{"name":"wp","href":"https:\/\/api.w.org\/{rel}","templated":true}]}}