{"id":16828,"date":"2018-02-28T17:58:43","date_gmt":"2018-02-28T21:58:43","guid":{"rendered":"http:\/\/blogdalucianaoliveira.com.br\/blog\/?p=16828"},"modified":"2018-02-28T17:58:43","modified_gmt":"2018-02-28T21:58:43","slug":"ibge-divulga-o-rendimento-domiciliar-per-capita-2017","status":"publish","type":"post","link":"http:\/\/blogdalucianaoliveira.com.br\/blog\/2018\/02\/28\/ibge-divulga-o-rendimento-domiciliar-per-capita-2017\/","title":{"rendered":"IBGE divulga o rendimento domiciliar per capita 2017"},"content":{"rendered":"<p><img data-recalc-dims=\"1\" loading=\"lazy\" decoding=\"async\" data-attachment-id=\"16832\" data-permalink=\"http:\/\/blogdalucianaoliveira.com.br\/blog\/2018\/02\/28\/ibge-divulga-o-rendimento-domiciliar-per-capita-2017\/renda-3\/\" data-orig-file=\"https:\/\/i0.wp.com\/blogdalucianaoliveira.com.br\/blog\/wp-content\/uploads\/2018\/02\/renda-2.jpg?fit=1600%2C900\" data-orig-size=\"1600,900\" data-comments-opened=\"0\" data-image-meta=\"{&quot;aperture&quot;:&quot;0&quot;,&quot;credit&quot;:&quot;&quot;,&quot;camera&quot;:&quot;&quot;,&quot;caption&quot;:&quot;&quot;,&quot;created_timestamp&quot;:&quot;0&quot;,&quot;copyright&quot;:&quot;&quot;,&quot;focal_length&quot;:&quot;0&quot;,&quot;iso&quot;:&quot;0&quot;,&quot;shutter_speed&quot;:&quot;0&quot;,&quot;title&quot;:&quot;&quot;,&quot;orientation&quot;:&quot;0&quot;}\" data-image-title=\"renda\" data-image-description=\"\" data-image-caption=\"\" data-medium-file=\"https:\/\/i0.wp.com\/blogdalucianaoliveira.com.br\/blog\/wp-content\/uploads\/2018\/02\/renda-2.jpg?fit=300%2C169\" data-large-file=\"https:\/\/i0.wp.com\/blogdalucianaoliveira.com.br\/blog\/wp-content\/uploads\/2018\/02\/renda-2.jpg?fit=600%2C338\" class=\"alignnone size-full wp-image-16832\" src=\"https:\/\/i0.wp.com\/blogdalucianaoliveira.com.br\/blog\/wp-content\/uploads\/2018\/02\/renda-2.jpg?resize=600%2C338\" alt=\"renda\" width=\"600\" height=\"338\" srcset=\"https:\/\/i0.wp.com\/blogdalucianaoliveira.com.br\/blog\/wp-content\/uploads\/2018\/02\/renda-2.jpg?w=1600 1600w, https:\/\/i0.wp.com\/blogdalucianaoliveira.com.br\/blog\/wp-content\/uploads\/2018\/02\/renda-2.jpg?resize=300%2C169 300w, https:\/\/i0.wp.com\/blogdalucianaoliveira.com.br\/blog\/wp-content\/uploads\/2018\/02\/renda-2.jpg?resize=768%2C432 768w, https:\/\/i0.wp.com\/blogdalucianaoliveira.com.br\/blog\/wp-content\/uploads\/2018\/02\/renda-2.jpg?resize=1024%2C576 1024w, https:\/\/i0.wp.com\/blogdalucianaoliveira.com.br\/blog\/wp-content\/uploads\/2018\/02\/renda-2.jpg?resize=533%2C300 533w, https:\/\/i0.wp.com\/blogdalucianaoliveira.com.br\/blog\/wp-content\/uploads\/2018\/02\/renda-2.jpg?w=1200 1200w\" sizes=\"auto, (max-width: 600px) 100vw, 600px\" \/><\/p>\n<p><big>Da Ag\u00eancia IBGE &#8211; O IBGE divulga hoje os valores dos rendimentos domiciliares\u00a0<em>per capita<\/em>\u00a0referentes a 2017 para o Brasil e Unidades da Federa\u00e7\u00e3o, calculados com base na Pesquisa Nacional por Amostra de Domic\u00edlios Cont\u00ednua (PNAD Cont\u00ednua) e enviados ao Tribunal de Contas da Uni\u00e3o (TCU). Esta divulga\u00e7\u00e3o atende ao disposto na Lei Complementar 143\/2013, que estabelece os novos\u00a0<a href=\"https:\/\/www.ibge.gov.br\/novo-portal-destaques.html?destaque=20151\" target=\"_blank\" rel=\"noopener noreferrer\">crit\u00e9rios<\/a>\u00a0de rateio do Fundo de Participa\u00e7\u00e3o dos Estados e do Distrito Federal (FPE).<\/big><span id=\"more-16828\"><\/span><\/p>\n<p><!--more--><\/p>\n<p>O rendimento domiciliar\u00a0<em>per capita\u00a0<\/em>\u00e9 calculado como a raz\u00e3o entre o total dos rendimentos domiciliares (em termos nominais) e o total dos moradores. S\u00e3o considerados os rendimentos de trabalho e de outras fontes de todos os moradores, inclusive os classificados como pensionistas, empregados dom\u00e9sticos e parentes dos empregados dom\u00e9sticos. Os valores foram obtidos a partir dos rendimentos brutos efetivamente recebidos no m\u00eas de refer\u00eancia da pesquisa, acumulando as informa\u00e7\u00f5es das primeiras entrevistas do 1<u><sup>o<\/sup><\/u>, 2<u><sup>o<\/sup><\/u>, 3<u><sup>o<\/sup><\/u>\u00a0e 4<u><sup>o<\/sup><\/u>\u00a0trimestres da PNAD Cont\u00ednua de 2017.<\/p>\n<p><center><\/p>\n<table>\n<tbody>\n<tr>\n<th colspan=\"2\">Rendimento nominal mensal domiciliar\u00a0<em>per capita<\/em>\u00a0da popula\u00e7\u00e3o residente, segundo Unidades da Federa\u00e7\u00e3o &#8211; 2017<\/th>\n<\/tr>\n<tr>\n<th>Unidade da Federa\u00e7\u00e3o<\/th>\n<th>M\u00e9dia Rendimento\u00a0<em>per capita<\/em><\/th>\n<\/tr>\n<tr>\n<td><strong>Brasil<\/strong><\/td>\n<td><strong>R$ 1.268<\/strong><\/td>\n<\/tr>\n<tr>\n<td>Rond\u00f4nia<\/td>\n<td>R$ 957<\/td>\n<\/tr>\n<tr>\n<td>Acre<\/td>\n<td>R$ 769<\/td>\n<\/tr>\n<tr>\n<td>Amazonas<\/td>\n<td>R$ 850<\/td>\n<\/tr>\n<tr>\n<td>Roraima<\/td>\n<td>R$ 1.006<\/td>\n<\/tr>\n<tr>\n<td>Par\u00e1<\/td>\n<td>R$ 715<\/td>\n<\/tr>\n<tr>\n<td>Amap\u00e1<\/td>\n<td>R$ 936<\/td>\n<\/tr>\n<tr>\n<td>Tocantins<\/td>\n<td>R$ 937<\/td>\n<\/tr>\n<tr>\n<td>Maranh\u00e3o<\/td>\n<td>R$ 597<\/td>\n<\/tr>\n<tr>\n<td>Piau\u00ed<\/td>\n<td>R$ 750<\/td>\n<\/tr>\n<tr>\n<td>Cear\u00e1<\/td>\n<td>R$ 824<\/td>\n<\/tr>\n<tr>\n<td>Rio Grande do Norte<\/td>\n<td>R$ 845<\/td>\n<\/tr>\n<tr>\n<td>Para\u00edba<\/td>\n<td>R$ 928<\/td>\n<\/tr>\n<tr>\n<td>Pernambuco<\/td>\n<td>R$ 852<\/td>\n<\/tr>\n<tr>\n<td>Alagoas<\/td>\n<td>R$ 658<\/td>\n<\/tr>\n<tr>\n<td>Sergipe<\/td>\n<td>R$ 834<\/td>\n<\/tr>\n<tr>\n<td>Bahia<\/td>\n<td>R$ 862<\/td>\n<\/tr>\n<tr>\n<td>Minas Gerais<\/td>\n<td>R$ 1.224<\/td>\n<\/tr>\n<tr>\n<td>Esp\u00edrito Santo<\/td>\n<td>R$ 1.205<\/td>\n<\/tr>\n<tr>\n<td>Rio de Janeiro<\/td>\n<td>R$ 1.445<\/td>\n<\/tr>\n<tr>\n<td>S\u00e3o Paulo<\/td>\n<td>R$ 1.712<\/td>\n<\/tr>\n<tr>\n<td>Paran\u00e1<\/td>\n<td>R$ 1.472<\/td>\n<\/tr>\n<tr>\n<td>Santa Catarina<\/td>\n<td>R$ 1.597<\/td>\n<\/tr>\n<tr>\n<td>Rio Grande do Sul<\/td>\n<td>R$ 1.635<\/td>\n<\/tr>\n<tr>\n<td>Mato Grosso do Sul<\/td>\n<td>R$ 1.291<\/td>\n<\/tr>\n<tr>\n<td>Mato Grosso<\/td>\n<td>R$ 1.247<\/td>\n<\/tr>\n<tr>\n<td>Goi\u00e1s<\/td>\n<td>R$ 1.277<\/td>\n<\/tr>\n<tr>\n<td>Distrito Federal<\/td>\n<td>R$ 2.548<\/td>\n<\/tr>\n<\/tbody>\n<\/table>\n<p><\/center>A PNAD Cont\u00ednua \u00e9 uma pesquisa domiciliar que, a cada trimestre, capta informa\u00e7\u00f5es socioecon\u00f4micas e demogr\u00e1ficas em cerca de 211 mil domic\u00edlios, em aproximadamente 16 mil setores censit\u00e1rios, distribu\u00eddos em cerca de 3,5 mil munic\u00edpios.<\/p>\n","protected":false},"excerpt":{"rendered":"<p>Da Ag\u00eancia IBGE &#8211; O IBGE divulga hoje os valores dos rendimentos domiciliares\u00a0per capita\u00a0referentes a 2017 para o Brasil e Unidades da Federa\u00e7\u00e3o, calculados com base na Pesquisa Nacional por Amostra de Domic\u00edlios Cont\u00ednua (PNAD Cont\u00ednua) e enviados ao Tribunal de Contas da Uni\u00e3o (TCU). Esta divulga\u00e7\u00e3o atende ao disposto na Lei Complementar 143\/2013, que&#8230;<a class=\"more-link\" href=\"http:\/\/blogdalucianaoliveira.com.br\/blog\/2018\/02\/28\/ibge-divulga-o-rendimento-domiciliar-per-capita-2017\/\">Continue a leitura <span class=\"meta-nav\">&raquo;<\/span><\/a><\/p>\n","protected":false},"author":1,"featured_media":0,"comment_status":"closed","ping_status":"open","sticky":false,"template":"","format":"standard","meta":{"_exactmetrics_skip_tracking":false,"_exactmetrics_sitenote_active":false,"_exactmetrics_sitenote_note":"","_exactmetrics_sitenote_category":0,"jetpack_post_was_ever_published":false,"_jetpack_newsletter_access":"","_jetpack_dont_email_post_to_subs":false,"_jetpack_newsletter_tier_id":0,"_jetpack_memberships_contains_paywalled_content":false,"_jetpack_memberships_contains_paid_content":false,"footnotes":"","jetpack_publicize_message":"","jetpack_publicize_feature_enabled":true,"jetpack_social_post_already_shared":true,"jetpack_social_options":{"image_generator_settings":{"template":"highway","enabled":false},"version":2}},"categories":[1],"tags":[],"class_list":["post-16828","post","type-post","status-publish","format-standard","hentry","category-notas"],"jetpack_publicize_connections":[],"jetpack_sharing_enabled":true,"jetpack_featured_media_url":"","jetpack_shortlink":"https:\/\/wp.me\/p7wKYW-4nq","jetpack-related-posts":[],"_links":{"self":[{"href":"http:\/\/blogdalucianaoliveira.com.br\/blog\/wp-json\/wp\/v2\/posts\/16828","targetHints":{"allow":["GET"]}}],"collection":[{"href":"http:\/\/blogdalucianaoliveira.com.br\/blog\/wp-json\/wp\/v2\/posts"}],"about":[{"href":"http:\/\/blogdalucianaoliveira.com.br\/blog\/wp-json\/wp\/v2\/types\/post"}],"author":[{"embeddable":true,"href":"http:\/\/blogdalucianaoliveira.com.br\/blog\/wp-json\/wp\/v2\/users\/1"}],"replies":[{"embeddable":true,"href":"http:\/\/blogdalucianaoliveira.com.br\/blog\/wp-json\/wp\/v2\/comments?post=16828"}],"version-history":[{"count":2,"href":"http:\/\/blogdalucianaoliveira.com.br\/blog\/wp-json\/wp\/v2\/posts\/16828\/revisions"}],"predecessor-version":[{"id":16833,"href":"http:\/\/blogdalucianaoliveira.com.br\/blog\/wp-json\/wp\/v2\/posts\/16828\/revisions\/16833"}],"wp:attachment":[{"href":"http:\/\/blogdalucianaoliveira.com.br\/blog\/wp-json\/wp\/v2\/media?parent=16828"}],"wp:term":[{"taxonomy":"category","embeddable":true,"href":"http:\/\/blogdalucianaoliveira.com.br\/blog\/wp-json\/wp\/v2\/categories?post=16828"},{"taxonomy":"post_tag","embeddable":true,"href":"http:\/\/blogdalucianaoliveira.com.br\/blog\/wp-json\/wp\/v2\/tags?post=16828"}],"curies":[{"name":"wp","href":"https:\/\/api.w.org\/{rel}","templated":true}]}}