{"id":16837,"date":"2018-02-28T18:20:11","date_gmt":"2018-02-28T22:20:11","guid":{"rendered":"http:\/\/blogdalucianaoliveira.com.br\/blog\/?p=16837"},"modified":"2018-02-28T18:20:11","modified_gmt":"2018-02-28T22:20:11","slug":"presidente-da-eletrobras-e-ferido-e-3-servidores-sao-detidos-em-audiencia-sobre-privatizacao","status":"publish","type":"post","link":"http:\/\/blogdalucianaoliveira.com.br\/blog\/2018\/02\/28\/presidente-da-eletrobras-e-ferido-e-3-servidores-sao-detidos-em-audiencia-sobre-privatizacao\/","title":{"rendered":"Presidente da Eletrobras \u00e9 ferido e 3 servidores s\u00e3o detidos em audi\u00eancia sobre privatiza\u00e7\u00e3o"},"content":{"rendered":"<div class=\"jetpack-video-wrapper\"><iframe loading=\"lazy\" title=\"Tumulto marca audi\u00eancia pela privatiza\u00e7\u00e3o da Eletrobr\u00e1s\" width=\"600\" height=\"338\" src=\"https:\/\/www.youtube.com\/embed\/ugFiya8OlcI?feature=oembed\" frameborder=\"0\" allow=\"accelerometer; autoplay; clipboard-write; encrypted-media; gyroscope; picture-in-picture; web-share\" referrerpolicy=\"strict-origin-when-cross-origin\" allowfullscreen><\/iframe><\/div>\n<p>&nbsp;<\/p>\n<p>Do Cidade Verde &#8211; Come\u00e7ou com tumulto a audi\u00eancia p\u00fablica para discutir o processo de privatiza\u00e7\u00e3o da Cepisa na tarde desta quarta-feira (28), em Teresina. O evento acontece na sede do Sindicato dos Lojistas do Com\u00e9rcio de Teresina (Sindilojas). A seguran\u00e7a precisou ser refor\u00e7ada por conta de um quebra-quebra, que terminou com o presidente da Eletrobras-PI, Arquelau Siqueira Amorim J\u00fanior, ferido na cabe\u00e7a por um estofado de cadeira jogado por um manifestante.<!--more--><\/p>\n<p>Um funcion\u00e1rio da Eletrobras identificado como Ot\u00e1vio Ribeiro tamb\u00e9m foi ferido na cabe\u00e7a, segundo ele, por um cassetete usado pela pol\u00edcia. Servidores da empresa chegaram a ser detidos pela tropa de choque da Pol\u00edcia Militar, que est\u00e1 no local.<\/p>\n<p>Representantes do BNDES e do Minist\u00e9rio de Minas e Energia participam da audi\u00eancia, bem como do Cons\u00f3rcio Mais Energia B. A audi\u00eancia tem o objetivo de prestar informa\u00e7\u00f5es ao p\u00fablico, bem como receber sugest\u00f5es e contribui\u00e7\u00f5es ao referido processo de desestatiza\u00e7\u00e3o, cuja modalidade ser\u00e1 a aliena\u00e7\u00e3o de participa\u00e7\u00e3o societ\u00e1ria representativa de seu controle acion\u00e1rio.<\/p>\n<p>A audi\u00eancia foi encerrada por volta das 15h e apenas representantes do BNDES e da Eletrobras conseguiram se manifestar oralmente. Ap\u00f3s o final, alguns manifestantes tentaram passar pelo bloqueio dos policiais para subir no local onde estava a mesa de honra.\u00a0Do lado de fora, policiais impediam a entrada de outros manifestantes que batiam tambores, vaiavam e pedia pela n\u00e3o privatiza\u00e7\u00e3o.<\/p>\n<p>A coronel J\u00falia Beatriz, coordenadora de gerenciamento de crise da PM, confirmou que tr\u00eas manifestantes foram detidos por estarem prejudicando a andamento da audi\u00eancia. Ela afirmou que todos foram algemados para que fossem conduzidos e retirados do audit\u00f3rio onde a audi\u00eancia aconteceu e que devem ser liberados depois. \u201cEles tiveram que ser algemados para serem conduzidos porque estavam agitando\u201d, disse a coronel.<\/p>\n<p><iframe loading=\"lazy\" src=\"https:\/\/www.youtube.com\/embed\/6IXtxxGZg8s\" width=\"750\" height=\"422\" frameborder=\"0\" allowfullscreen=\"allowfullscreen\" data-mce-fragment=\"1\"><\/iframe><\/p>\n<p><strong>Audi\u00eancia ilegal<\/strong><\/p>\n<p>O presidente do Sindicato dos Urbanit\u00e1rios, Paulo Sampaio, confirmou que tr\u00eas trabalhadores da Cepisa foram detidos durante a manifesta\u00e7\u00e3o. Ele disse que o ato \u00e9 arbitr\u00e1rio e condenou a pris\u00e3o dos servidores.<\/p>\n<p>&#8220;O clima est\u00e1 muito tenso, essa audi\u00eancia \u00e9 ilegal e estamos aqui resistindo. Vamos ficar de vig\u00edlia e n\u00e3o aceitamos a pris\u00e3o dos trabalhadores que est\u00e3o lutando contra a privatiza\u00e7\u00e3o da empresa&#8221;, disse o presidente.<\/p>\n<p>De acordo com ele, n\u00e3o houve o debate necess\u00e1rio com a sociedade civil organizada. \u201cH\u00e1 uma ilegalidade na tratativa, que come\u00e7a pelo presidente do BNDES, que est\u00e1 sendo investigado, e o governo federal tem feito essa pol\u00edtica de estado m\u00ednimo, que entrega a gest\u00e3o p\u00fablica, as estatais, para o capital privado. N\u00f3s defendemos uma Eletrobras p\u00fablica que possa receber investimentos\u201d, disse.<\/p>\n<p>Ele acrescentou que houve trucul\u00eancia da pol\u00edcia. \u201cAqui n\u00e3o foi nem 30 minutos de audi\u00eancia, a mesa ficou vazia, n\u00e3o houve clima, houve enfrentamento entre os trabalhadores e a pol\u00edcia. Tem tr\u00eas companheiros nossos que foram detidos e est\u00e3o l\u00e1 dentro, porque a pol\u00edcia foi truculenta, inclusive teve pancadaria e teve trabalhadores que sa\u00edram sangrando. Foi aberta a audi\u00eancia para que as pessoas pudessem se manifestar e n\u00e3o houve ningu\u00e9m para dizer se era a favor ou contra. Entendemos que \u00e9 uma audi\u00eancia nula e ilegal\u201d, finalizou.<\/p>\n<p><strong>BNDES garante que audi\u00eancia tem validade<\/strong><\/p>\n<p>A representante do BNDES, Lidiane Gon\u00e7alves, lamentou que a audi\u00eancia tenha ocorrido de forma conturbada, mas afirmou que a reuni\u00e3o cumpriu todos os ritos conforme determina a legisla\u00e7\u00e3o e que o processo para a venda da empresa p\u00fablica em leil\u00e3o continua. Assim, de acordo com ela, est\u00e1 mantido o prazo para que a Eletrobras v\u00e1 a leil\u00e3o no dia 30 de abril.<\/p>\n<p>\u201cA audi\u00eancia \u00e9 quando o processo entra na fase p\u00fablica, n\u00e3o \u00e9 o momento de a sociedade dizer se quer ou n\u00e3o quer vender, porque isso \u00e9 decidido pela via empresarial, em assembleia de acionistas da empresa. Infelizmente a gente lamenta porque houve uma baderna, uma s\u00e9rie de manifesta\u00e7\u00f5es violentas, em que tacaram coisas em cima das pessoas que estavam explanando, mas a audi\u00eancia aconteceu conforme o previsto na legisla\u00e7\u00e3o, ainda que de forma conturbada e o requisito legal foi cumprido\u201d, garantiu.<\/p>\n<p>Ela acrescentou que \u201co processo continua e a audi\u00eancia foi v\u00e1lida, a audi\u00eancia seguiu o rito, houveram as explana\u00e7\u00f5es e na sequ\u00eancia n\u00e3o houve manifesta\u00e7\u00f5es orais e nem perguntas escritas e ent\u00e3o a audi\u00eancia foi encerada\u201d.<\/p>\n<p>Lidiane explicou ainda que na sua apresenta\u00e7\u00e3o, explicou todas as condi\u00e7\u00f5es de contorno da desestatiza\u00e7\u00e3o da Eletrobras e a participa\u00e7\u00e3o do Banco nesse processo. \u201cO BNDES entra porque tem a incumb\u00eancia de executar esse processo atrav\u00e9s do Fundo Nacional de Desestatiza\u00e7\u00e3o [&#8230;] Houveram aprova\u00e7\u00f5es de todas as fases em Assembleia do processo tamb\u00e9m pela Eletrobras conforme o determinado pela legisla\u00e7\u00e3o\u201d.<\/p>\n","protected":false},"excerpt":{"rendered":"<p>&nbsp; Do Cidade Verde &#8211; Come\u00e7ou com tumulto a audi\u00eancia p\u00fablica para discutir o processo de privatiza\u00e7\u00e3o da Cepisa na tarde desta quarta-feira (28), em Teresina. O evento acontece na sede do Sindicato dos Lojistas do Com\u00e9rcio de Teresina (Sindilojas). A seguran\u00e7a precisou ser refor\u00e7ada por conta de um quebra-quebra, que terminou com o presidente&#8230;<a class=\"more-link\" href=\"http:\/\/blogdalucianaoliveira.com.br\/blog\/2018\/02\/28\/presidente-da-eletrobras-e-ferido-e-3-servidores-sao-detidos-em-audiencia-sobre-privatizacao\/\">Continue a leitura <span class=\"meta-nav\">&raquo;<\/span><\/a><\/p>\n","protected":false},"author":1,"featured_media":0,"comment_status":"closed","ping_status":"open","sticky":false,"template":"","format":"standard","meta":{"_exactmetrics_skip_tracking":false,"_exactmetrics_sitenote_active":false,"_exactmetrics_sitenote_note":"","_exactmetrics_sitenote_category":0,"jetpack_post_was_ever_published":false,"_jetpack_newsletter_access":"","_jetpack_dont_email_post_to_subs":false,"_jetpack_newsletter_tier_id":0,"_jetpack_memberships_contains_paywalled_content":false,"_jetpack_memberships_contains_paid_content":false,"footnotes":"","jetpack_publicize_message":"","jetpack_publicize_feature_enabled":true,"jetpack_social_post_already_shared":true,"jetpack_social_options":{"image_generator_settings":{"template":"highway","enabled":false},"version":2}},"categories":[1],"tags":[],"class_list":["post-16837","post","type-post","status-publish","format-standard","hentry","category-notas"],"jetpack_publicize_connections":[],"jetpack_sharing_enabled":true,"jetpack_featured_media_url":"","jetpack_shortlink":"https:\/\/wp.me\/p7wKYW-4nz","jetpack-related-posts":[],"_links":{"self":[{"href":"http:\/\/blogdalucianaoliveira.com.br\/blog\/wp-json\/wp\/v2\/posts\/16837","targetHints":{"allow":["GET"]}}],"collection":[{"href":"http:\/\/blogdalucianaoliveira.com.br\/blog\/wp-json\/wp\/v2\/posts"}],"about":[{"href":"http:\/\/blogdalucianaoliveira.com.br\/blog\/wp-json\/wp\/v2\/types\/post"}],"author":[{"embeddable":true,"href":"http:\/\/blogdalucianaoliveira.com.br\/blog\/wp-json\/wp\/v2\/users\/1"}],"replies":[{"embeddable":true,"href":"http:\/\/blogdalucianaoliveira.com.br\/blog\/wp-json\/wp\/v2\/comments?post=16837"}],"version-history":[{"count":1,"href":"http:\/\/blogdalucianaoliveira.com.br\/blog\/wp-json\/wp\/v2\/posts\/16837\/revisions"}],"predecessor-version":[{"id":16838,"href":"http:\/\/blogdalucianaoliveira.com.br\/blog\/wp-json\/wp\/v2\/posts\/16837\/revisions\/16838"}],"wp:attachment":[{"href":"http:\/\/blogdalucianaoliveira.com.br\/blog\/wp-json\/wp\/v2\/media?parent=16837"}],"wp:term":[{"taxonomy":"category","embeddable":true,"href":"http:\/\/blogdalucianaoliveira.com.br\/blog\/wp-json\/wp\/v2\/categories?post=16837"},{"taxonomy":"post_tag","embeddable":true,"href":"http:\/\/blogdalucianaoliveira.com.br\/blog\/wp-json\/wp\/v2\/tags?post=16837"}],"curies":[{"name":"wp","href":"https:\/\/api.w.org\/{rel}","templated":true}]}}