{"id":16842,"date":"2018-03-01T11:41:21","date_gmt":"2018-03-01T15:41:21","guid":{"rendered":"http:\/\/blogdalucianaoliveira.com.br\/blog\/?p=16842"},"modified":"2018-03-01T11:47:42","modified_gmt":"2018-03-01T15:47:42","slug":"historico-salario-de-professor-no-maranhao-passa-a-ser-o-mais-alto-do-brasil","status":"publish","type":"post","link":"http:\/\/blogdalucianaoliveira.com.br\/blog\/2018\/03\/01\/historico-salario-de-professor-no-maranhao-passa-a-ser-o-mais-alto-do-brasil\/","title":{"rendered":"Hist\u00f3rico: sal\u00e1rio de professor no Maranh\u00e3o passa a ser o mais alto do Brasil"},"content":{"rendered":"<h2 class=\"resumo\"><img data-recalc-dims=\"1\" loading=\"lazy\" decoding=\"async\" data-attachment-id=\"16843\" data-permalink=\"http:\/\/blogdalucianaoliveira.com.br\/blog\/2018\/03\/01\/historico-salario-de-professor-no-maranhao-passa-a-ser-o-mais-alto-do-brasil\/professores-do-maranhao-tem-a-maior-remuneracao-do-nordeste-1024x646\/\" data-orig-file=\"https:\/\/i0.wp.com\/blogdalucianaoliveira.com.br\/blog\/wp-content\/uploads\/2018\/03\/Professores-do-Maranh%C3%A3o-t%C3%AAm-a-maior-remunera%C3%A7%C3%A3o-do-Nordeste-1024x646.jpg?fit=1024%2C646\" data-orig-size=\"1024,646\" data-comments-opened=\"0\" data-image-meta=\"{&quot;aperture&quot;:&quot;0&quot;,&quot;credit&quot;:&quot;&quot;,&quot;camera&quot;:&quot;&quot;,&quot;caption&quot;:&quot;&quot;,&quot;created_timestamp&quot;:&quot;0&quot;,&quot;copyright&quot;:&quot;&quot;,&quot;focal_length&quot;:&quot;0&quot;,&quot;iso&quot;:&quot;0&quot;,&quot;shutter_speed&quot;:&quot;0&quot;,&quot;title&quot;:&quot;&quot;,&quot;orientation&quot;:&quot;0&quot;}\" data-image-title=\"\" data-image-description=\"\" data-image-caption=\"\" data-medium-file=\"https:\/\/i0.wp.com\/blogdalucianaoliveira.com.br\/blog\/wp-content\/uploads\/2018\/03\/Professores-do-Maranh%C3%A3o-t%C3%AAm-a-maior-remunera%C3%A7%C3%A3o-do-Nordeste-1024x646.jpg?fit=300%2C189\" data-large-file=\"https:\/\/i0.wp.com\/blogdalucianaoliveira.com.br\/blog\/wp-content\/uploads\/2018\/03\/Professores-do-Maranh%C3%A3o-t%C3%AAm-a-maior-remunera%C3%A7%C3%A3o-do-Nordeste-1024x646.jpg?fit=600%2C379\" class=\"alignnone size-full wp-image-16843\" src=\"https:\/\/i0.wp.com\/blogdalucianaoliveira.com.br\/blog\/wp-content\/uploads\/2018\/03\/Professores-do-Maranh%C3%A3o-t%C3%AAm-a-maior-remunera%C3%A7%C3%A3o-do-Nordeste-1024x646.jpg?resize=600%2C379\" alt=\" \" width=\"600\" height=\"379\" srcset=\"https:\/\/i0.wp.com\/blogdalucianaoliveira.com.br\/blog\/wp-content\/uploads\/2018\/03\/Professores-do-Maranh%C3%A3o-t%C3%AAm-a-maior-remunera%C3%A7%C3%A3o-do-Nordeste-1024x646.jpg?resize=1024%2C646 1024w, https:\/\/i0.wp.com\/blogdalucianaoliveira.com.br\/blog\/wp-content\/uploads\/2018\/03\/Professores-do-Maranh%C3%A3o-t%C3%AAm-a-maior-remunera%C3%A7%C3%A3o-do-Nordeste-1024x646.jpg?resize=300%2C189 300w, https:\/\/i0.wp.com\/blogdalucianaoliveira.com.br\/blog\/wp-content\/uploads\/2018\/03\/Professores-do-Maranh%C3%A3o-t%C3%AAm-a-maior-remunera%C3%A7%C3%A3o-do-Nordeste-1024x646.jpg?resize=768%2C485 768w, https:\/\/i0.wp.com\/blogdalucianaoliveira.com.br\/blog\/wp-content\/uploads\/2018\/03\/Professores-do-Maranh%C3%A3o-t%C3%AAm-a-maior-remunera%C3%A7%C3%A3o-do-Nordeste-1024x646.jpg?resize=476%2C300 476w\" sizes=\"auto, (max-width: 600px) 100vw, 600px\" \/><\/h2>\n<h2 class=\"resumo\">Sal\u00e1rio inicial de professor no Maranh\u00e3o passa para R$ 5.750 e se torna o mais alto do Brasil. Medida foi anunciada nesta ter\u00e7a-feira (27) pelo governador Fl\u00e1vio Dino: \u201cAcreditamos que esse grande investimento \u00e9 fundamental para desenvolver o nosso Estado\u201d<\/h2>\n<p><!--more--><\/p>\n<p>No Pragmatismo Pol\u00edtico &#8211; O sal\u00e1rio inicial de um professor no\u00a0<a href=\"https:\/\/www.pragmatismopolitico.com.br\/tag\/maranhao\" target=\"_blank\" rel=\"noopener\">Maranh\u00e3o<\/a>ser\u00e1 de R$ 5.750. A medida hist\u00f3rica foi anunciada nesta ter\u00e7a-feira (27) pelo governador Fl\u00e1vio Dino (PCdoB) e refere-se a docentes que cumprem carga hor\u00e1ria de 40 horas semanais.<\/p>\n<p class=\"par_texto\">Para os professores de 20 horas semanais \u2014 aqueles em princ\u00edpio de carreira \u2014 o sal\u00e1rio inicial aumenta para R$ 2.875,41, o que tamb\u00e9m representa um valor recorde a n\u00edvel nacional.<\/p>\n<p class=\"par_texto\">\u201cCom a medida que editei ontem, o sal\u00e1rio inicial do professor de 40h no Maranh\u00e3o passar\u00e1 para R$ 5.750,00. Acreditamos que esse grande investimento \u00e9 fundamental para desenvolver o nosso Estado\u201d, publicou Fl\u00e1vio Dino em sua conta pessoal do Twitter.<\/p>\n<div class=\"pub_1_ymonetize_mobile\"><\/div>\n<p class=\"par_texto\">Desde 2015, os professores do Maranh\u00e3o tiveram reajuste salarial de 30,35%, acima da infla\u00e7\u00e3o do per\u00edodo medida pelo IPCA (\u00edndice oficial), de 21,46%.<\/p>\n<p class=\"par_texto\">Isso significa que os professores tiveram um significativo aumento real, ou seja, elevaram o poder de compra diante da infla\u00e7\u00e3o. S\u00e3o 31 mil professores beneficiados com o reajuste.<\/p>\n<p class=\"par_texto\">\u201cNenhum outro estado concedeu reajuste a todos os seus educadores em 2018\u201d, disse o secret\u00e1rio de Estado da Educa\u00e7\u00e3o, Felipe Camar\u00e3o.<\/p>\n<blockquote class=\"twitter-tweet\" data-lang=\"pt\">\n<p class=\"par_texto\">&#8220;Com a medida que editei ontem, o sal\u00e1rio inicial do professor de 40h no Maranh\u00e3o passar\u00e1 para R$ 5.750,00. Acreditamos que esse grande investimento \u00e9 fundamental para desenvolver o nosso Estado.&#8221;<\/p>\n<blockquote class=\"twitter-tweet\" data-lang=\"pt\">\n<p class=\"par_texto\">via Twitter \u2014 Fl\u00e1vio Dino (@FlavioDino)\u00a0<a href=\"https:\/\/twitter.com\/FlavioDino\/status\/968801177105297408?ref_src=twsrc%5Etfw\">28 de fevereiro de 2018<\/a><\/p>\n<p class=\"par_texto\">Na internet, o aumento salarial para professores do Maranh\u00e3o foi celebrado. \u201c\u00c9 assim que se faz governo: pensando na educa\u00e7\u00e3o\u201d, publicou o jornalista Xico S\u00e1.<\/p>\n<p class=\"par_texto\">\u201cParab\u00e9ns governador. Isso \u00e9 o reconhecimento aos profissionais de educa\u00e7\u00e3o. Espero que eles tamb\u00e9m saibam valorizar\u201d, escreveu uma internauta.<\/p>\n<p class=\"par_texto\">\u201cParab\u00e9ns pela medida. Valorizar o profissional da educa\u00e7\u00e3o \u00e9 de fato o melhor caminho para se alcan\u00e7ar o desenvolvimento econ\u00f4mico e social. Mesmo de fora, serei total apoio \u00e0 tua causa\u201d, postou outra.<\/p>\n<\/blockquote>\n<\/blockquote>\n<h2>S\u00e3o Paulo<\/h2>\n<p class=\"par_texto\">Usando o estado mais rico da Federa\u00e7\u00e3o como refer\u00eancia comparativa, o sal\u00e1rio base de um professor de 40 horas semanais em S\u00e3o Paulo \u00e9 de R$ 2.415,89 \u2014 menos da metade do valor que ser\u00e1 pago no Maranh\u00e3o.<\/p>\n<p class=\"par_texto\">No in\u00edcio do ano, o governador Geraldo Alckmin (PSDB) anunciou, ap\u00f3s muita press\u00e3o dos educadores, um reajuste de 7% para os profissionais da rede estadual, o que elevar\u00e1 os rendimentos para R$ 2.585,00.<\/p>\n<div class=\"foto-conteudo-post centro completa\"><\/div>\n","protected":false},"excerpt":{"rendered":"<p>Sal\u00e1rio inicial de professor no Maranh\u00e3o passa para R$ 5.750 e se torna o mais alto do Brasil. Medida foi anunciada nesta ter\u00e7a-feira (27) pelo governador Fl\u00e1vio Dino: \u201cAcreditamos que esse grande investimento \u00e9 fundamental para desenvolver o nosso Estado\u201d<\/p>\n","protected":false},"author":1,"featured_media":0,"comment_status":"closed","ping_status":"open","sticky":false,"template":"","format":"standard","meta":{"_exactmetrics_skip_tracking":false,"_exactmetrics_sitenote_active":false,"_exactmetrics_sitenote_note":"","_exactmetrics_sitenote_category":0,"jetpack_post_was_ever_published":false,"_jetpack_newsletter_access":"","_jetpack_dont_email_post_to_subs":false,"_jetpack_newsletter_tier_id":0,"_jetpack_memberships_contains_paywalled_content":false,"_jetpack_memberships_contains_paid_content":false,"footnotes":"","jetpack_publicize_message":"","jetpack_publicize_feature_enabled":true,"jetpack_social_post_already_shared":true,"jetpack_social_options":{"image_generator_settings":{"template":"highway","enabled":false},"version":2}},"categories":[1],"tags":[],"class_list":["post-16842","post","type-post","status-publish","format-standard","hentry","category-notas"],"jetpack_publicize_connections":[],"jetpack_sharing_enabled":true,"jetpack_featured_media_url":"","jetpack_shortlink":"https:\/\/wp.me\/p7wKYW-4nE","jetpack-related-posts":[],"_links":{"self":[{"href":"http:\/\/blogdalucianaoliveira.com.br\/blog\/wp-json\/wp\/v2\/posts\/16842","targetHints":{"allow":["GET"]}}],"collection":[{"href":"http:\/\/blogdalucianaoliveira.com.br\/blog\/wp-json\/wp\/v2\/posts"}],"about":[{"href":"http:\/\/blogdalucianaoliveira.com.br\/blog\/wp-json\/wp\/v2\/types\/post"}],"author":[{"embeddable":true,"href":"http:\/\/blogdalucianaoliveira.com.br\/blog\/wp-json\/wp\/v2\/users\/1"}],"replies":[{"embeddable":true,"href":"http:\/\/blogdalucianaoliveira.com.br\/blog\/wp-json\/wp\/v2\/comments?post=16842"}],"version-history":[{"count":4,"href":"http:\/\/blogdalucianaoliveira.com.br\/blog\/wp-json\/wp\/v2\/posts\/16842\/revisions"}],"predecessor-version":[{"id":16847,"href":"http:\/\/blogdalucianaoliveira.com.br\/blog\/wp-json\/wp\/v2\/posts\/16842\/revisions\/16847"}],"wp:attachment":[{"href":"http:\/\/blogdalucianaoliveira.com.br\/blog\/wp-json\/wp\/v2\/media?parent=16842"}],"wp:term":[{"taxonomy":"category","embeddable":true,"href":"http:\/\/blogdalucianaoliveira.com.br\/blog\/wp-json\/wp\/v2\/categories?post=16842"},{"taxonomy":"post_tag","embeddable":true,"href":"http:\/\/blogdalucianaoliveira.com.br\/blog\/wp-json\/wp\/v2\/tags?post=16842"}],"curies":[{"name":"wp","href":"https:\/\/api.w.org\/{rel}","templated":true}]}}