{"id":1686,"date":"2016-06-15T18:21:00","date_gmt":"2016-06-15T22:21:00","guid":{"rendered":"http:\/\/blogdalucianaoliveira.com.br\/blog\/?p=1686"},"modified":"2016-06-15T18:33:23","modified_gmt":"2016-06-15T22:33:23","slug":"de-novo-senador-valdir-raupp-e-citado-por-delator-na-lava-jato-causa-estranheza-que-ninguem-proteste-em-rondonia","status":"publish","type":"post","link":"http:\/\/blogdalucianaoliveira.com.br\/blog\/2016\/06\/15\/de-novo-senador-valdir-raupp-e-citado-por-delator-na-lava-jato-causa-estranheza-que-ninguem-proteste-em-rondonia\/","title":{"rendered":"De novo, senador Valdir Raupp \u00e9 citado por delator na Lava Jato. Causa &#8216;estranheza&#8217; que ningu\u00e9m proteste em Rond\u00f4nia"},"content":{"rendered":"<p><img data-recalc-dims=\"1\" loading=\"lazy\" decoding=\"async\" data-attachment-id=\"1687\" data-permalink=\"http:\/\/blogdalucianaoliveira.com.br\/blog\/2016\/06\/15\/de-novo-senador-valdir-raupp-e-citado-por-delator-na-lava-jato-causa-estranheza-que-ninguem-proteste-em-rondonia\/image-362\/\" data-orig-file=\"https:\/\/i0.wp.com\/blogdalucianaoliveira.com.br\/blog\/wp-content\/uploads\/2016\/06\/image-58.jpeg?fit=900%2C470\" data-orig-size=\"900,470\" data-comments-opened=\"0\" data-image-meta=\"{&quot;aperture&quot;:&quot;0&quot;,&quot;credit&quot;:&quot;&quot;,&quot;camera&quot;:&quot;&quot;,&quot;caption&quot;:&quot;&quot;,&quot;created_timestamp&quot;:&quot;0&quot;,&quot;copyright&quot;:&quot;&quot;,&quot;focal_length&quot;:&quot;0&quot;,&quot;iso&quot;:&quot;0&quot;,&quot;shutter_speed&quot;:&quot;0&quot;,&quot;title&quot;:&quot;&quot;,&quot;orientation&quot;:&quot;0&quot;}\" data-image-title=\"image\" data-image-description=\"\" data-image-caption=\"\" data-medium-file=\"https:\/\/i0.wp.com\/blogdalucianaoliveira.com.br\/blog\/wp-content\/uploads\/2016\/06\/image-58.jpeg?fit=300%2C157\" data-large-file=\"https:\/\/i0.wp.com\/blogdalucianaoliveira.com.br\/blog\/wp-content\/uploads\/2016\/06\/image-58.jpeg?fit=600%2C313\" src=\"https:\/\/i0.wp.com\/blogdalucianaoliveira.com.br\/blog\/wp-content\/uploads\/2016\/06\/image-58.jpeg?resize=600%2C313\" alt=\"image\" width=\"600\" height=\"313\" class=\"alignnone size-full wp-image-1687\" srcset=\"https:\/\/i0.wp.com\/blogdalucianaoliveira.com.br\/blog\/wp-content\/uploads\/2016\/06\/image-58.jpeg?w=900 900w, https:\/\/i0.wp.com\/blogdalucianaoliveira.com.br\/blog\/wp-content\/uploads\/2016\/06\/image-58.jpeg?resize=300%2C157 300w, https:\/\/i0.wp.com\/blogdalucianaoliveira.com.br\/blog\/wp-content\/uploads\/2016\/06\/image-58.jpeg?resize=768%2C401 768w, https:\/\/i0.wp.com\/blogdalucianaoliveira.com.br\/blog\/wp-content\/uploads\/2016\/06\/image-58.jpeg?resize=574%2C300 574w\" sizes=\"auto, (max-width: 600px) 100vw, 600px\" \/><\/p>\n<p>Fa\u00e7am as contas pra saber quantos delatores da Lava-Jato j\u00e1 citaram o envolvimento do senador Valdir Raupp (PMDB-RO) nos desvios da Petrobras. <!--more--><\/p>\n<p>Paulo Roberto Costa, o operador Fernando Baiano e o doleiro Alberto Youssef afirmaram em suas dela\u00e7\u00f5es que ele teria recebido pelo menos R$ 500 mil para a campanha ao Senado em 2010.<br \/>\nBaiano disse que pediu a &#8216;ajuda&#8217; a Costa e Youssef teria sido o operador do pagamento. <\/p>\n<p>\u201cS\u00f3 teve uma vez que eu pedi uma doa\u00e7\u00e3o para o Paulo Roberto Costa, para um parlamentar do PMDB. O senador Valdir Raupp.&#8221;<br \/>\nFernando Baiano<\/p>\n<p>Agora, outro delator, o ex-presidente da Transpetro, S\u00e9rgio Machado, cita o senador de Rond\u00f4nia. <\/p>\n<p><img data-recalc-dims=\"1\" loading=\"lazy\" decoding=\"async\" data-attachment-id=\"1688\" data-permalink=\"http:\/\/blogdalucianaoliveira.com.br\/blog\/2016\/06\/15\/de-novo-senador-valdir-raupp-e-citado-por-delator-na-lava-jato-causa-estranheza-que-ninguem-proteste-em-rondonia\/image-363\/\" data-orig-file=\"https:\/\/i0.wp.com\/blogdalucianaoliveira.com.br\/blog\/wp-content\/uploads\/2016\/06\/image-1.png?fit=750%2C1334\" data-orig-size=\"750,1334\" data-comments-opened=\"0\" data-image-meta=\"{&quot;aperture&quot;:&quot;0&quot;,&quot;credit&quot;:&quot;&quot;,&quot;camera&quot;:&quot;&quot;,&quot;caption&quot;:&quot;&quot;,&quot;created_timestamp&quot;:&quot;0&quot;,&quot;copyright&quot;:&quot;&quot;,&quot;focal_length&quot;:&quot;0&quot;,&quot;iso&quot;:&quot;0&quot;,&quot;shutter_speed&quot;:&quot;0&quot;,&quot;title&quot;:&quot;&quot;,&quot;orientation&quot;:&quot;0&quot;}\" data-image-title=\"image\" data-image-description=\"\" data-image-caption=\"\" data-medium-file=\"https:\/\/i0.wp.com\/blogdalucianaoliveira.com.br\/blog\/wp-content\/uploads\/2016\/06\/image-1.png?fit=169%2C300\" data-large-file=\"https:\/\/i0.wp.com\/blogdalucianaoliveira.com.br\/blog\/wp-content\/uploads\/2016\/06\/image-1.png?fit=576%2C1024\" src=\"https:\/\/i0.wp.com\/blogdalucianaoliveira.com.br\/blog\/wp-content\/uploads\/2016\/06\/image-1.png?resize=600%2C1067\" alt=\"image\" width=\"600\" height=\"1067\" class=\"alignnone size-full wp-image-1688\" srcset=\"https:\/\/i0.wp.com\/blogdalucianaoliveira.com.br\/blog\/wp-content\/uploads\/2016\/06\/image-1.png?w=750 750w, https:\/\/i0.wp.com\/blogdalucianaoliveira.com.br\/blog\/wp-content\/uploads\/2016\/06\/image-1.png?resize=169%2C300 169w, https:\/\/i0.wp.com\/blogdalucianaoliveira.com.br\/blog\/wp-content\/uploads\/2016\/06\/image-1.png?resize=576%2C1024 576w\" sizes=\"auto, (max-width: 600px) 100vw, 600px\" \/><\/p>\n<p>Quantas vezes mais ser\u00e3o necess\u00e1rias pra que o senador seja cobrado por toda a imprensa rondoniense? <\/p>\n<p>Cad\u00ea os Gigantes da P\u00e1tria?<br \/>\nA OAB?<br \/>\nAs lideran\u00e7as do PSDB local, convocadas \u00e0 manifesta\u00e7\u00f5es por Mariana Carvalho e Expedito Junior?<br \/>\nOs magistrados que protestaram contra a corrup\u00e7\u00e3o e pelo fortalecimento da Lava Jato?<br \/>\nEra ou n\u00e3o um movimento partid\u00e1rio que tinha pauta \u00fanica: o impeachment da presidente?<br \/>\nSe n\u00e3o era, provem!<br \/>\nProtestem contra isso!<\/p>\n<p>T\u00e1 feio demais. <\/p>\n","protected":false},"excerpt":{"rendered":"<p>Fa\u00e7am as contas pra saber quantos delatores da Lava-Jato j\u00e1 citaram o envolvimento do senador Valdir Raupp (PMDB-RO) nos desvios da Petrobras.<\/p>\n","protected":false},"author":1,"featured_media":0,"comment_status":"closed","ping_status":"open","sticky":false,"template":"","format":"standard","meta":{"_exactmetrics_skip_tracking":false,"_exactmetrics_sitenote_active":false,"_exactmetrics_sitenote_note":"","_exactmetrics_sitenote_category":0,"jetpack_post_was_ever_published":false,"_jetpack_newsletter_access":"","_jetpack_dont_email_post_to_subs":false,"_jetpack_newsletter_tier_id":0,"_jetpack_memberships_contains_paywalled_content":false,"_jetpack_memberships_contains_paid_content":false,"footnotes":"","jetpack_publicize_message":"","jetpack_publicize_feature_enabled":true,"jetpack_social_post_already_shared":true,"jetpack_social_options":{"image_generator_settings":{"template":"highway","enabled":false},"version":2}},"categories":[1],"tags":[21,69,131,130],"class_list":["post-1686","post","type-post","status-publish","format-standard","hentry","category-notas","tag-corrupcao","tag-lava-jato","tag-senador","tag-valdir-raupp"],"jetpack_publicize_connections":[],"jetpack_sharing_enabled":true,"jetpack_featured_media_url":"","jetpack_shortlink":"https:\/\/wp.me\/p7wKYW-rc","jetpack-related-posts":[],"_links":{"self":[{"href":"http:\/\/blogdalucianaoliveira.com.br\/blog\/wp-json\/wp\/v2\/posts\/1686","targetHints":{"allow":["GET"]}}],"collection":[{"href":"http:\/\/blogdalucianaoliveira.com.br\/blog\/wp-json\/wp\/v2\/posts"}],"about":[{"href":"http:\/\/blogdalucianaoliveira.com.br\/blog\/wp-json\/wp\/v2\/types\/post"}],"author":[{"embeddable":true,"href":"http:\/\/blogdalucianaoliveira.com.br\/blog\/wp-json\/wp\/v2\/users\/1"}],"replies":[{"embeddable":true,"href":"http:\/\/blogdalucianaoliveira.com.br\/blog\/wp-json\/wp\/v2\/comments?post=1686"}],"version-history":[{"count":4,"href":"http:\/\/blogdalucianaoliveira.com.br\/blog\/wp-json\/wp\/v2\/posts\/1686\/revisions"}],"predecessor-version":[{"id":1692,"href":"http:\/\/blogdalucianaoliveira.com.br\/blog\/wp-json\/wp\/v2\/posts\/1686\/revisions\/1692"}],"wp:attachment":[{"href":"http:\/\/blogdalucianaoliveira.com.br\/blog\/wp-json\/wp\/v2\/media?parent=1686"}],"wp:term":[{"taxonomy":"category","embeddable":true,"href":"http:\/\/blogdalucianaoliveira.com.br\/blog\/wp-json\/wp\/v2\/categories?post=1686"},{"taxonomy":"post_tag","embeddable":true,"href":"http:\/\/blogdalucianaoliveira.com.br\/blog\/wp-json\/wp\/v2\/tags?post=1686"}],"curies":[{"name":"wp","href":"https:\/\/api.w.org\/{rel}","templated":true}]}}