{"id":1699,"date":"2016-06-16T11:46:46","date_gmt":"2016-06-16T15:46:46","guid":{"rendered":"http:\/\/blogdalucianaoliveira.com.br\/blog\/?p=1699"},"modified":"2016-06-16T11:54:15","modified_gmt":"2016-06-16T15:54:15","slug":"ficha-suja-temer-diz-que-nao-receber-doacao-ilegal-e-condicao-pra-assumir-cargo-politico-podem-rir-a-vontade","status":"publish","type":"post","link":"http:\/\/blogdalucianaoliveira.com.br\/blog\/2016\/06\/16\/ficha-suja-temer-diz-que-nao-receber-doacao-ilegal-e-condicao-pra-assumir-cargo-politico-podem-rir-a-vontade\/","title":{"rendered":"Ficha suja, Temer diz que n\u00e3o receber doa\u00e7\u00e3o ilegal \u00e9 condi\u00e7\u00e3o pra assumir cargo pol\u00edtico. Podem rir \u00e0 vontade"},"content":{"rendered":"<p><img data-recalc-dims=\"1\" loading=\"lazy\" decoding=\"async\" data-attachment-id=\"1700\" data-permalink=\"http:\/\/blogdalucianaoliveira.com.br\/blog\/2016\/06\/16\/ficha-suja-temer-diz-que-nao-receber-doacao-ilegal-e-condicao-pra-assumir-cargo-politico-podem-rir-a-vontade\/image-366\/\" data-orig-file=\"https:\/\/i0.wp.com\/blogdalucianaoliveira.com.br\/blog\/wp-content\/uploads\/2016\/06\/image-61.jpeg?fit=633%2C353\" data-orig-size=\"633,353\" data-comments-opened=\"0\" data-image-meta=\"{&quot;aperture&quot;:&quot;0&quot;,&quot;credit&quot;:&quot;&quot;,&quot;camera&quot;:&quot;&quot;,&quot;caption&quot;:&quot;&quot;,&quot;created_timestamp&quot;:&quot;0&quot;,&quot;copyright&quot;:&quot;&quot;,&quot;focal_length&quot;:&quot;0&quot;,&quot;iso&quot;:&quot;0&quot;,&quot;shutter_speed&quot;:&quot;0&quot;,&quot;title&quot;:&quot;&quot;,&quot;orientation&quot;:&quot;0&quot;}\" data-image-title=\"image\" data-image-description=\"\" data-image-caption=\"\" data-medium-file=\"https:\/\/i0.wp.com\/blogdalucianaoliveira.com.br\/blog\/wp-content\/uploads\/2016\/06\/image-61.jpeg?fit=300%2C167\" data-large-file=\"https:\/\/i0.wp.com\/blogdalucianaoliveira.com.br\/blog\/wp-content\/uploads\/2016\/06\/image-61.jpeg?fit=600%2C335\" src=\"https:\/\/i0.wp.com\/blogdalucianaoliveira.com.br\/blog\/wp-content\/uploads\/2016\/06\/image-61.jpeg?resize=600%2C335\" alt=\"image\" width=\"600\" height=\"335\" class=\"alignnone size-full wp-image-1700\" srcset=\"https:\/\/i0.wp.com\/blogdalucianaoliveira.com.br\/blog\/wp-content\/uploads\/2016\/06\/image-61.jpeg?w=633 633w, https:\/\/i0.wp.com\/blogdalucianaoliveira.com.br\/blog\/wp-content\/uploads\/2016\/06\/image-61.jpeg?resize=300%2C167 300w, https:\/\/i0.wp.com\/blogdalucianaoliveira.com.br\/blog\/wp-content\/uploads\/2016\/06\/image-61.jpeg?resize=538%2C300 538w\" sizes=\"auto, (max-width: 600px) 100vw, 600px\" \/><\/p>\n<p>&#8220;Algu\u00e9m que teria cometido aquele delito irrespons\u00e1vel que o cidad\u00e3o Machado apontou n\u00e3o teria at\u00e9 condi\u00e7\u00f5es de presidir o pa\u00eds&#8221;, disse o interino sobre as den\u00fancias do ex-presidente da Transpetro, S\u00e9rgio Machado. <!--more--><\/p>\n<p>Essa talvez seja a desculpa mais esfarrapada, a declara\u00e7\u00e3o mais pat\u00e9tica de um citado por delator na Lava Jato. <\/p>\n<p>Primeiramente, Temer n\u00e3o foi eleito presidente. <\/p>\n<p>Segundamente, ser ficha suja, condenado pelo TRE\/SP n\u00e3o o impediu de assumir a presid\u00eancia. <\/p>\n<p>E terceiramente, \u00e9 zombar da cara do brasileiro dizer que \u00e9 uma condi\u00e7\u00e3o pra ocupa o cargo de presidente n\u00e3o ter cometido o que ele classificou como&#8217;delito&#8217; de receber recebeu doa\u00e7\u00e3o ilegal. <\/p>\n<p>Sabemos que \u00e9 o contr\u00e1rio. Sem caixa 2, \u00e9 improv\u00e1vel que algu\u00e9m se eleja. Pra presid\u00eancia, ent\u00e3o&#8230;<\/p>\n<p>Para querido&#8230;<\/p>\n<p>Ali\u00e1s, isso vale pra todos os mandatos pol\u00edticos! Como Temer tem coragem de fingir pudor com doa\u00e7\u00f5es ilegais e delitos que deveriam impedir posses em mandatos pol\u00edticos com mais de 290 deputados federais e 47 senadores enrolados com a justi\u00e7a? <\/p>\n<p>Temer foi condenado a pagar multa de R$ 80 mil por ter feito doa\u00e7\u00f5es acima do limite imposto pela legisla\u00e7\u00e3o eleitoral na campanha de 2014.<\/p>\n<p>Declara\u00e7\u00e3o pat\u00e9tica! <\/p>\n<p>Segundo o delator, &#8220;Temer assumiu a presid\u00eancia do PMDB para controlar a destina\u00e7\u00e3o de recursos doados a pol\u00edticos do partido para campanhas eleitorais.&#8221;<\/p>\n<p>Em outras palavras, Temer definia quem ia receber a propina, como teria feito pra ajudar o ex-deputado federal Gabriel Chalita, que na \u00e9poca estava no PMDB e concorreu \u00e0 Prefeitura de S\u00e3o Paulo. <\/p>\n<p>N\u00e3o cola interino! <\/p>\n<p>Diga que est\u00e1 tranquilo e confia nas institui\u00e7\u00f5es pra investigar, que a den\u00fancia lhe causou &#8216;estranheza&#8217; como alegou Valdir Raupp, mas n\u00e3o zombe da cara do brasileiro. <\/p>\n","protected":false},"excerpt":{"rendered":"<p>&#8220;Algu\u00e9m que teria cometido aquele delito irrespons\u00e1vel que o cidad\u00e3o Machado apontou n\u00e3o teria at\u00e9 condi\u00e7\u00f5es de presidir o pa\u00eds&#8221;, disse o interino sobre as den\u00fancias do ex-presidente da Transpetro, S\u00e9rgio Machado.<\/p>\n","protected":false},"author":1,"featured_media":0,"comment_status":"closed","ping_status":"open","sticky":false,"template":"","format":"standard","meta":{"_exactmetrics_skip_tracking":false,"_exactmetrics_sitenote_active":false,"_exactmetrics_sitenote_note":"","_exactmetrics_sitenote_category":0,"jetpack_post_was_ever_published":false,"_jetpack_newsletter_access":"","_jetpack_dont_email_post_to_subs":false,"_jetpack_newsletter_tier_id":0,"_jetpack_memberships_contains_paywalled_content":false,"_jetpack_memberships_contains_paid_content":false,"footnotes":"","jetpack_publicize_message":"","jetpack_publicize_feature_enabled":true,"jetpack_social_post_already_shared":true,"jetpack_social_options":{"image_generator_settings":{"template":"highway","enabled":false},"version":2}},"categories":[1],"tags":[],"class_list":["post-1699","post","type-post","status-publish","format-standard","hentry","category-notas"],"jetpack_publicize_connections":[],"jetpack_sharing_enabled":true,"jetpack_featured_media_url":"","jetpack_shortlink":"https:\/\/wp.me\/p7wKYW-rp","jetpack-related-posts":[],"_links":{"self":[{"href":"http:\/\/blogdalucianaoliveira.com.br\/blog\/wp-json\/wp\/v2\/posts\/1699","targetHints":{"allow":["GET"]}}],"collection":[{"href":"http:\/\/blogdalucianaoliveira.com.br\/blog\/wp-json\/wp\/v2\/posts"}],"about":[{"href":"http:\/\/blogdalucianaoliveira.com.br\/blog\/wp-json\/wp\/v2\/types\/post"}],"author":[{"embeddable":true,"href":"http:\/\/blogdalucianaoliveira.com.br\/blog\/wp-json\/wp\/v2\/users\/1"}],"replies":[{"embeddable":true,"href":"http:\/\/blogdalucianaoliveira.com.br\/blog\/wp-json\/wp\/v2\/comments?post=1699"}],"version-history":[{"count":6,"href":"http:\/\/blogdalucianaoliveira.com.br\/blog\/wp-json\/wp\/v2\/posts\/1699\/revisions"}],"predecessor-version":[{"id":1706,"href":"http:\/\/blogdalucianaoliveira.com.br\/blog\/wp-json\/wp\/v2\/posts\/1699\/revisions\/1706"}],"wp:attachment":[{"href":"http:\/\/blogdalucianaoliveira.com.br\/blog\/wp-json\/wp\/v2\/media?parent=1699"}],"wp:term":[{"taxonomy":"category","embeddable":true,"href":"http:\/\/blogdalucianaoliveira.com.br\/blog\/wp-json\/wp\/v2\/categories?post=1699"},{"taxonomy":"post_tag","embeddable":true,"href":"http:\/\/blogdalucianaoliveira.com.br\/blog\/wp-json\/wp\/v2\/tags?post=1699"}],"curies":[{"name":"wp","href":"https:\/\/api.w.org\/{rel}","templated":true}]}}