{"id":16992,"date":"2018-03-12T11:05:37","date_gmt":"2018-03-12T15:05:37","guid":{"rendered":"http:\/\/blogdalucianaoliveira.com.br\/blog\/?p=16992"},"modified":"2018-03-12T11:05:37","modified_gmt":"2018-03-12T15:05:37","slug":"carmem-lucia-a-nova-engavetadora-geral-da-republica","status":"publish","type":"post","link":"http:\/\/blogdalucianaoliveira.com.br\/blog\/2018\/03\/12\/carmem-lucia-a-nova-engavetadora-geral-da-republica\/","title":{"rendered":"Carmem L\u00facia: a nova \u201cengavetadora-geral da Rep\u00fablica\u201d?"},"content":{"rendered":"<p><img data-recalc-dims=\"1\" loading=\"lazy\" decoding=\"async\" data-attachment-id=\"16993\" data-permalink=\"http:\/\/blogdalucianaoliveira.com.br\/blog\/2018\/03\/12\/carmem-lucia-a-nova-engavetadora-geral-da-republica\/caca-2\/\" data-orig-file=\"https:\/\/i0.wp.com\/blogdalucianaoliveira.com.br\/blog\/wp-content\/uploads\/2018\/03\/caca.jpg?fit=490%2C280\" data-orig-size=\"490,280\" data-comments-opened=\"0\" data-image-meta=\"{&quot;aperture&quot;:&quot;0&quot;,&quot;credit&quot;:&quot;&quot;,&quot;camera&quot;:&quot;&quot;,&quot;caption&quot;:&quot;&quot;,&quot;created_timestamp&quot;:&quot;0&quot;,&quot;copyright&quot;:&quot;&quot;,&quot;focal_length&quot;:&quot;0&quot;,&quot;iso&quot;:&quot;0&quot;,&quot;shutter_speed&quot;:&quot;0&quot;,&quot;title&quot;:&quot;&quot;,&quot;orientation&quot;:&quot;0&quot;}\" data-image-title=\"caca\" data-image-description=\"\" data-image-caption=\"\" data-medium-file=\"https:\/\/i0.wp.com\/blogdalucianaoliveira.com.br\/blog\/wp-content\/uploads\/2018\/03\/caca.jpg?fit=300%2C171\" data-large-file=\"https:\/\/i0.wp.com\/blogdalucianaoliveira.com.br\/blog\/wp-content\/uploads\/2018\/03\/caca.jpg?fit=490%2C280\" class=\"alignnone size-full wp-image-16993\" src=\"https:\/\/i0.wp.com\/blogdalucianaoliveira.com.br\/blog\/wp-content\/uploads\/2018\/03\/caca.jpg?resize=490%2C280\" alt=\"caca\" width=\"490\" height=\"280\" srcset=\"https:\/\/i0.wp.com\/blogdalucianaoliveira.com.br\/blog\/wp-content\/uploads\/2018\/03\/caca.jpg?w=490 490w, https:\/\/i0.wp.com\/blogdalucianaoliveira.com.br\/blog\/wp-content\/uploads\/2018\/03\/caca.jpg?resize=300%2C171 300w\" sizes=\"auto, (max-width: 490px) 100vw, 490px\" \/><\/p>\n<p>No 247, por Laurez Cerqueira &#8211; As \u00e1guas do Lago Parano\u00e1, que banham os jardins do Pal\u00e1cio do Jaburu, s\u00e3o testemunhas: durante a conspira\u00e7\u00e3o para o golpe de Estado, o ministro do Supremo Tribunal Federal, Gilmar Mendes, manteve encontros secretos com Michel Temer, como embaixador da corte jur\u00eddica no apoio institucional para a derrubada da presidenta Dilma.<!--more--><\/p>\n<p>Recentemente, a presidenta da Suprema corte, Carmem L\u00facia, tamb\u00e9m manteve, na pr\u00f3pria casa, encontro secreto com o investigado Michel Temer. Fuma\u00e7as da chamin\u00e9 mostraram sinais de que foram colocados na mesa de negocia\u00e7\u00e3o a aprova\u00e7\u00e3o, pelo Congresso, do aux\u00edlio moradia e outros penduricalhos para a casta do judici\u00e1rio. O que Michel Temer e seus comparsas ganharam em troca ainda n\u00e3o se sabe. Mas pode ser engavetamento de processos.<\/p>\n<p>A press\u00e3o \u00e9 grande para regulamentar a corrup\u00e7\u00e3o instalada no judici\u00e1rio, com ju\u00edzes e procuradores aumentando as pr\u00f3prias retiradas salariais dos cofres p\u00fablicos como nunca se viu. Mais de 70% dos ju\u00edzes federais recebem, de forma ilegal, acima do teto estabelecido pela Constitui\u00e7\u00e3o e as leis vigentes.<\/p>\n<p>O aumento do teto salarial para satisfazer a casta do judici\u00e1rio provoca aumento do teto de todas as categorias vinculadas ao teto federal, em efeito cascata. A Constitui\u00e7\u00e3o determina que a remunera\u00e7\u00e3o de autoridades estaduais e de 75% do teto das autoridades federais e, das municipais,75% do teto das autoridades estaduais.<\/p>\n<p>Ou seja, aumentados os ganhos de ministros dos tribunais superiores e procuradores federais, presidente da Rep\u00fablica, ministros, senadores, deputados federais, v\u00e3o aumentar automaticamente os tetos de governadores, prefeitos, deputados estaduais, vereadores, magistrados e procuradores estaduais. Isso representa um gasto de recursos federais, estaduais e municipais sem precedentes. Ser\u00e1 uma farra com os impostos dos cidad\u00e3os e cidad\u00e3s.<\/p>\n<p>Com a ascens\u00e3o da ministra Carmem L\u00facia \u00e0 presid\u00eancia da Suprema Corte, os conspiradores parecem ter ganhado de presente uma &#8220;engavetadora-geral da Rep\u00fablica&#8221; para os processos que envolvem denunciados na &#8220;opera\u00e7\u00e3o lava-jato&#8221;.<\/p>\n<p>Mas n\u00e3o todos. \u00c9 necess\u00e1rio ser filiado ao PSDB, ao MDB, ao DEM, ter provas materiais incontestes dos maiores valores dos esc\u00e2ndalos de corrup\u00e7\u00e3o, como por exemplo, valores astron\u00f4micos em contas de bancos na Su\u00ed\u00e7a, serem pol\u00edticos graduados como os senadores A\u00e9cio Neves, Jos\u00e9 Serra, Romero Juc\u00e1, Alu\u00edsio Nunes Ferreira, Agripino Maia, ou Michel Temer. As chances de serem protegidos s\u00e3o muito grandes. Alguns deles j\u00e1 foram beneficiados com arquivamento.<\/p>\n<p>Mas se alguns dos investigados forem do Partido dos Trabalhadores s\u00e3o mandados imediatamente ao pelourinho, para o a\u00e7oite midi\u00e1tico. \u00c9 o que a ministra Carmem L\u00facia est\u00e1 fazendo com o ex-Presidente Lula. Ela sabe que o ex-presidente Lula \u00e9 inocente, que a Constitui\u00e7\u00e3o garante a presun\u00e7\u00e3o de inoc\u00eancia, que est\u00e1 sendo condenado sem provas por um colegiado articulado politicamente, mas n\u00e3o pauta, no Supremo, a decis\u00e3o de pris\u00e3o em segunda inst\u00e2ncia.<\/p>\n<p>Ela tamb\u00e9m n\u00e3o pauta o pedido de anula\u00e7\u00e3o do criminoso impeatchment da presidenta Dilma, votado por parlamentares comprovadamente corruptos, para, no lugar dela, colocar uma &#8220;quadrilha&#8221; na presid\u00eancia da Rep\u00fablica, como est\u00e1 qualificado no relat\u00f3rio da Pol\u00edcia Federal.<\/p>\n<p>A ministra Carmem L\u00facia tem demonstrado ser bastante vol\u00favel e demonstrado despreparo para o exerc\u00edcio do cargo. Outro dia esteve num jantar com lobistas de grandes corpora\u00e7\u00f5es multinacionais, como a Shell, Coca-cola, Vivo, Simens, grandes bancos, e outras empresas estrangeiras, e at\u00e9 teceu coment\u00e1rios pol\u00edticos desastrosos, inadequados \u00e0 sua fun\u00e7\u00e3o p\u00fablica. A liturgia do cargo n\u00e3o permite tamanha promiscuidade.<\/p>\n<p>O encontro secreto de Carmem L\u00facia e Michel Temer, em noite chuvosa em Bras\u00edlia, para degustarem um card\u00e1pio de negociatas, entrar\u00e1 para a hist\u00f3ria como a cena que melhor representa a grave crise institucional do Brasil e seus personagens.<\/p>\n","protected":false},"excerpt":{"rendered":"<p>No 247, por Laurez Cerqueira &#8211; As \u00e1guas do Lago Parano\u00e1, que banham os jardins do Pal\u00e1cio do Jaburu, s\u00e3o testemunhas: durante a conspira\u00e7\u00e3o para o golpe de Estado, o ministro do Supremo Tribunal Federal, Gilmar Mendes, manteve encontros secretos com Michel Temer, como embaixador da corte jur\u00eddica no apoio institucional para a derrubada da&#8230;<a class=\"more-link\" href=\"http:\/\/blogdalucianaoliveira.com.br\/blog\/2018\/03\/12\/carmem-lucia-a-nova-engavetadora-geral-da-republica\/\">Continue a leitura <span class=\"meta-nav\">&raquo;<\/span><\/a><\/p>\n","protected":false},"author":1,"featured_media":0,"comment_status":"closed","ping_status":"open","sticky":false,"template":"","format":"standard","meta":{"_exactmetrics_skip_tracking":false,"_exactmetrics_sitenote_active":false,"_exactmetrics_sitenote_note":"","_exactmetrics_sitenote_category":0,"jetpack_post_was_ever_published":false,"_jetpack_newsletter_access":"","_jetpack_dont_email_post_to_subs":false,"_jetpack_newsletter_tier_id":0,"_jetpack_memberships_contains_paywalled_content":false,"_jetpack_memberships_contains_paid_content":false,"footnotes":"","jetpack_publicize_message":"","jetpack_publicize_feature_enabled":true,"jetpack_social_post_already_shared":true,"jetpack_social_options":{"image_generator_settings":{"template":"highway","enabled":false},"version":2}},"categories":[1],"tags":[],"class_list":["post-16992","post","type-post","status-publish","format-standard","hentry","category-notas"],"jetpack_publicize_connections":[],"jetpack_sharing_enabled":true,"jetpack_featured_media_url":"","jetpack_shortlink":"https:\/\/wp.me\/p7wKYW-4q4","jetpack-related-posts":[],"_links":{"self":[{"href":"http:\/\/blogdalucianaoliveira.com.br\/blog\/wp-json\/wp\/v2\/posts\/16992","targetHints":{"allow":["GET"]}}],"collection":[{"href":"http:\/\/blogdalucianaoliveira.com.br\/blog\/wp-json\/wp\/v2\/posts"}],"about":[{"href":"http:\/\/blogdalucianaoliveira.com.br\/blog\/wp-json\/wp\/v2\/types\/post"}],"author":[{"embeddable":true,"href":"http:\/\/blogdalucianaoliveira.com.br\/blog\/wp-json\/wp\/v2\/users\/1"}],"replies":[{"embeddable":true,"href":"http:\/\/blogdalucianaoliveira.com.br\/blog\/wp-json\/wp\/v2\/comments?post=16992"}],"version-history":[{"count":1,"href":"http:\/\/blogdalucianaoliveira.com.br\/blog\/wp-json\/wp\/v2\/posts\/16992\/revisions"}],"predecessor-version":[{"id":16994,"href":"http:\/\/blogdalucianaoliveira.com.br\/blog\/wp-json\/wp\/v2\/posts\/16992\/revisions\/16994"}],"wp:attachment":[{"href":"http:\/\/blogdalucianaoliveira.com.br\/blog\/wp-json\/wp\/v2\/media?parent=16992"}],"wp:term":[{"taxonomy":"category","embeddable":true,"href":"http:\/\/blogdalucianaoliveira.com.br\/blog\/wp-json\/wp\/v2\/categories?post=16992"},{"taxonomy":"post_tag","embeddable":true,"href":"http:\/\/blogdalucianaoliveira.com.br\/blog\/wp-json\/wp\/v2\/tags?post=16992"}],"curies":[{"name":"wp","href":"https:\/\/api.w.org\/{rel}","templated":true}]}}