{"id":16995,"date":"2018-03-13T09:39:04","date_gmt":"2018-03-13T13:39:04","guid":{"rendered":"http:\/\/blogdalucianaoliveira.com.br\/blog\/?p=16995"},"modified":"2018-03-13T09:39:04","modified_gmt":"2018-03-13T13:39:04","slug":"os-dias-tem-sido-assim-2","status":"publish","type":"post","link":"http:\/\/blogdalucianaoliveira.com.br\/blog\/2018\/03\/13\/os-dias-tem-sido-assim-2\/","title":{"rendered":"Os dias t\u00eam sido assim"},"content":{"rendered":"<p><img data-recalc-dims=\"1\" loading=\"lazy\" decoding=\"async\" data-attachment-id=\"16996\" data-permalink=\"http:\/\/blogdalucianaoliveira.com.br\/blog\/2018\/03\/13\/os-dias-tem-sido-assim-2\/dcad0cf7-aa59-4b58-bb37-3cfd0d3b3c4b\/\" data-orig-file=\"https:\/\/i0.wp.com\/blogdalucianaoliveira.com.br\/blog\/wp-content\/uploads\/2018\/03\/DCAD0CF7-AA59-4B58-BB37-3CFD0D3B3C4B.jpeg?fit=295%2C265\" data-orig-size=\"295,265\" data-comments-opened=\"0\" data-image-meta=\"{&quot;aperture&quot;:&quot;0&quot;,&quot;credit&quot;:&quot;&quot;,&quot;camera&quot;:&quot;&quot;,&quot;caption&quot;:&quot;&quot;,&quot;created_timestamp&quot;:&quot;0&quot;,&quot;copyright&quot;:&quot;&quot;,&quot;focal_length&quot;:&quot;0&quot;,&quot;iso&quot;:&quot;0&quot;,&quot;shutter_speed&quot;:&quot;0&quot;,&quot;title&quot;:&quot;&quot;,&quot;orientation&quot;:&quot;0&quot;}\" data-image-title=\"DCAD0CF7-AA59-4B58-BB37-3CFD0D3B3C4B\" data-image-description=\"\" data-image-caption=\"\" data-medium-file=\"https:\/\/i0.wp.com\/blogdalucianaoliveira.com.br\/blog\/wp-content\/uploads\/2018\/03\/DCAD0CF7-AA59-4B58-BB37-3CFD0D3B3C4B.jpeg?fit=295%2C265\" data-large-file=\"https:\/\/i0.wp.com\/blogdalucianaoliveira.com.br\/blog\/wp-content\/uploads\/2018\/03\/DCAD0CF7-AA59-4B58-BB37-3CFD0D3B3C4B.jpeg?fit=295%2C265\" class=\"alignnone size-full wp-image-16996\" src=\"https:\/\/i0.wp.com\/blogdalucianaoliveira.com.br\/blog\/wp-content\/uploads\/2018\/03\/DCAD0CF7-AA59-4B58-BB37-3CFD0D3B3C4B.jpeg?resize=295%2C265\" alt=\"DCAD0CF7-AA59-4B58-BB37-3CFD0D3B3C4B\" width=\"295\" height=\"265\" \/><\/p>\n<p>\u201cA pol\u00edcia n\u00e3o parou, n\u00e3o pediu documentos. Simplesmente metralhou.\u201d<\/p>\n<p>Matheus Melo<br \/>\n23 anos<br \/>\nNegro<br \/>\nExecutado em favela por policiais quando voltava da igreja<\/p>\n<p>Como dar bom dia?<\/p>\n","protected":false},"excerpt":{"rendered":"<p>\u201cA pol\u00edcia n\u00e3o parou, n\u00e3o pediu documentos. Simplesmente metralhou.\u201d Matheus Melo 23 anos Negro Executado em favela por policiais quando voltava da igreja Como dar bom dia?<\/p>\n","protected":false},"author":1,"featured_media":0,"comment_status":"closed","ping_status":"open","sticky":false,"template":"","format":"standard","meta":{"_exactmetrics_skip_tracking":false,"_exactmetrics_sitenote_active":false,"_exactmetrics_sitenote_note":"","_exactmetrics_sitenote_category":0,"jetpack_post_was_ever_published":false,"_jetpack_newsletter_access":"","_jetpack_dont_email_post_to_subs":false,"_jetpack_newsletter_tier_id":0,"_jetpack_memberships_contains_paywalled_content":false,"_jetpack_memberships_contains_paid_content":false,"footnotes":"","jetpack_publicize_message":"","jetpack_publicize_feature_enabled":true,"jetpack_social_post_already_shared":true,"jetpack_social_options":{"image_generator_settings":{"template":"highway","enabled":false},"version":2}},"categories":[1],"tags":[],"class_list":["post-16995","post","type-post","status-publish","format-standard","hentry","category-notas"],"jetpack_publicize_connections":[],"jetpack_sharing_enabled":true,"jetpack_featured_media_url":"","jetpack_shortlink":"https:\/\/wp.me\/p7wKYW-4q7","jetpack-related-posts":[],"_links":{"self":[{"href":"http:\/\/blogdalucianaoliveira.com.br\/blog\/wp-json\/wp\/v2\/posts\/16995","targetHints":{"allow":["GET"]}}],"collection":[{"href":"http:\/\/blogdalucianaoliveira.com.br\/blog\/wp-json\/wp\/v2\/posts"}],"about":[{"href":"http:\/\/blogdalucianaoliveira.com.br\/blog\/wp-json\/wp\/v2\/types\/post"}],"author":[{"embeddable":true,"href":"http:\/\/blogdalucianaoliveira.com.br\/blog\/wp-json\/wp\/v2\/users\/1"}],"replies":[{"embeddable":true,"href":"http:\/\/blogdalucianaoliveira.com.br\/blog\/wp-json\/wp\/v2\/comments?post=16995"}],"version-history":[{"count":1,"href":"http:\/\/blogdalucianaoliveira.com.br\/blog\/wp-json\/wp\/v2\/posts\/16995\/revisions"}],"predecessor-version":[{"id":16997,"href":"http:\/\/blogdalucianaoliveira.com.br\/blog\/wp-json\/wp\/v2\/posts\/16995\/revisions\/16997"}],"wp:attachment":[{"href":"http:\/\/blogdalucianaoliveira.com.br\/blog\/wp-json\/wp\/v2\/media?parent=16995"}],"wp:term":[{"taxonomy":"category","embeddable":true,"href":"http:\/\/blogdalucianaoliveira.com.br\/blog\/wp-json\/wp\/v2\/categories?post=16995"},{"taxonomy":"post_tag","embeddable":true,"href":"http:\/\/blogdalucianaoliveira.com.br\/blog\/wp-json\/wp\/v2\/tags?post=16995"}],"curies":[{"name":"wp","href":"https:\/\/api.w.org\/{rel}","templated":true}]}}