{"id":16998,"date":"2018-03-13T09:40:06","date_gmt":"2018-03-13T13:40:06","guid":{"rendered":"http:\/\/blogdalucianaoliveira.com.br\/blog\/?p=16998"},"modified":"2018-03-13T09:40:06","modified_gmt":"2018-03-13T13:40:06","slug":"os-dias-tem-sido-assim-3","status":"publish","type":"post","link":"http:\/\/blogdalucianaoliveira.com.br\/blog\/2018\/03\/13\/os-dias-tem-sido-assim-3\/","title":{"rendered":"Os dias t\u00eam sido assim"},"content":{"rendered":"<p><img data-recalc-dims=\"1\" loading=\"lazy\" decoding=\"async\" data-attachment-id=\"16999\" data-permalink=\"http:\/\/blogdalucianaoliveira.com.br\/blog\/2018\/03\/13\/os-dias-tem-sido-assim-3\/a68d4c41-222a-44ce-8406-b72ce86219f7\/\" data-orig-file=\"https:\/\/i0.wp.com\/blogdalucianaoliveira.com.br\/blog\/wp-content\/uploads\/2018\/03\/A68D4C41-222A-44CE-8406-B72CE86219F7.jpeg?fit=750%2C440\" data-orig-size=\"750,440\" data-comments-opened=\"0\" data-image-meta=\"{&quot;aperture&quot;:&quot;0&quot;,&quot;credit&quot;:&quot;&quot;,&quot;camera&quot;:&quot;&quot;,&quot;caption&quot;:&quot;&quot;,&quot;created_timestamp&quot;:&quot;0&quot;,&quot;copyright&quot;:&quot;&quot;,&quot;focal_length&quot;:&quot;0&quot;,&quot;iso&quot;:&quot;0&quot;,&quot;shutter_speed&quot;:&quot;0&quot;,&quot;title&quot;:&quot;&quot;,&quot;orientation&quot;:&quot;0&quot;}\" data-image-title=\"A68D4C41-222A-44CE-8406-B72CE86219F7\" data-image-description=\"\" data-image-caption=\"\" data-medium-file=\"https:\/\/i0.wp.com\/blogdalucianaoliveira.com.br\/blog\/wp-content\/uploads\/2018\/03\/A68D4C41-222A-44CE-8406-B72CE86219F7.jpeg?fit=300%2C176\" data-large-file=\"https:\/\/i0.wp.com\/blogdalucianaoliveira.com.br\/blog\/wp-content\/uploads\/2018\/03\/A68D4C41-222A-44CE-8406-B72CE86219F7.jpeg?fit=600%2C352\" class=\"alignnone size-full wp-image-16999\" src=\"https:\/\/i0.wp.com\/blogdalucianaoliveira.com.br\/blog\/wp-content\/uploads\/2018\/03\/A68D4C41-222A-44CE-8406-B72CE86219F7.jpeg?resize=600%2C352\" alt=\"A68D4C41-222A-44CE-8406-B72CE86219F7\" width=\"600\" height=\"352\" srcset=\"https:\/\/i0.wp.com\/blogdalucianaoliveira.com.br\/blog\/wp-content\/uploads\/2018\/03\/A68D4C41-222A-44CE-8406-B72CE86219F7.jpeg?w=750 750w, https:\/\/i0.wp.com\/blogdalucianaoliveira.com.br\/blog\/wp-content\/uploads\/2018\/03\/A68D4C41-222A-44CE-8406-B72CE86219F7.jpeg?resize=300%2C176 300w, https:\/\/i0.wp.com\/blogdalucianaoliveira.com.br\/blog\/wp-content\/uploads\/2018\/03\/A68D4C41-222A-44CE-8406-B72CE86219F7.jpeg?resize=511%2C300 511w\" sizes=\"auto, (max-width: 600px) 100vw, 600px\" \/><\/p>\n<p>Paulo S\u00e9rgio<\/p>\n<p>Representante da Associa\u00e7\u00e3o dos Caboclos, ind\u00edgenas e Quilombolas da Amaz\u00f4nia (CAINQUIAMA).<\/p>\n<p>Assassinado com quatro tiros no munic\u00edpio de Barcarena.<\/p>\n<p>H\u00e1 um ano denunciava as irregularidades de empresas mineradoras que estavam jogando res\u00edduos t\u00f3xicos nos rios e contaminando a popula\u00e7\u00e3o.<\/p>\n<p>Segundo o Minist\u00e9rio P\u00fablico do Par\u00e1 , os representantes da associa\u00e7\u00e3o vinham sofrendo ame\u00e7adas de policiais.<\/p>\n<p>Mais um morto, menos um lutando pela vida de todos.<\/p>\n<p>Como dar bom dia?<\/p>\n","protected":false},"excerpt":{"rendered":"<p>Paulo S\u00e9rgio Representante da Associa\u00e7\u00e3o dos Caboclos, ind\u00edgenas e Quilombolas da Amaz\u00f4nia (CAINQUIAMA). Assassinado com quatro tiros no munic\u00edpio de Barcarena. H\u00e1 um ano denunciava as irregularidades de empresas mineradoras que estavam jogando res\u00edduos t\u00f3xicos nos rios e contaminando a popula\u00e7\u00e3o. Segundo o Minist\u00e9rio P\u00fablico do Par\u00e1 , os representantes da associa\u00e7\u00e3o vinham sofrendo ame\u00e7adas&#8230;<a class=\"more-link\" href=\"http:\/\/blogdalucianaoliveira.com.br\/blog\/2018\/03\/13\/os-dias-tem-sido-assim-3\/\">Continue a leitura <span class=\"meta-nav\">&raquo;<\/span><\/a><\/p>\n","protected":false},"author":1,"featured_media":0,"comment_status":"closed","ping_status":"open","sticky":false,"template":"","format":"standard","meta":{"_exactmetrics_skip_tracking":false,"_exactmetrics_sitenote_active":false,"_exactmetrics_sitenote_note":"","_exactmetrics_sitenote_category":0,"jetpack_post_was_ever_published":false,"_jetpack_newsletter_access":"","_jetpack_dont_email_post_to_subs":false,"_jetpack_newsletter_tier_id":0,"_jetpack_memberships_contains_paywalled_content":false,"_jetpack_memberships_contains_paid_content":false,"footnotes":"","jetpack_publicize_message":"","jetpack_publicize_feature_enabled":true,"jetpack_social_post_already_shared":true,"jetpack_social_options":{"image_generator_settings":{"template":"highway","enabled":false},"version":2}},"categories":[1],"tags":[],"class_list":["post-16998","post","type-post","status-publish","format-standard","hentry","category-notas"],"jetpack_publicize_connections":[],"jetpack_sharing_enabled":true,"jetpack_featured_media_url":"","jetpack_shortlink":"https:\/\/wp.me\/p7wKYW-4qa","jetpack-related-posts":[],"_links":{"self":[{"href":"http:\/\/blogdalucianaoliveira.com.br\/blog\/wp-json\/wp\/v2\/posts\/16998","targetHints":{"allow":["GET"]}}],"collection":[{"href":"http:\/\/blogdalucianaoliveira.com.br\/blog\/wp-json\/wp\/v2\/posts"}],"about":[{"href":"http:\/\/blogdalucianaoliveira.com.br\/blog\/wp-json\/wp\/v2\/types\/post"}],"author":[{"embeddable":true,"href":"http:\/\/blogdalucianaoliveira.com.br\/blog\/wp-json\/wp\/v2\/users\/1"}],"replies":[{"embeddable":true,"href":"http:\/\/blogdalucianaoliveira.com.br\/blog\/wp-json\/wp\/v2\/comments?post=16998"}],"version-history":[{"count":1,"href":"http:\/\/blogdalucianaoliveira.com.br\/blog\/wp-json\/wp\/v2\/posts\/16998\/revisions"}],"predecessor-version":[{"id":17000,"href":"http:\/\/blogdalucianaoliveira.com.br\/blog\/wp-json\/wp\/v2\/posts\/16998\/revisions\/17000"}],"wp:attachment":[{"href":"http:\/\/blogdalucianaoliveira.com.br\/blog\/wp-json\/wp\/v2\/media?parent=16998"}],"wp:term":[{"taxonomy":"category","embeddable":true,"href":"http:\/\/blogdalucianaoliveira.com.br\/blog\/wp-json\/wp\/v2\/categories?post=16998"},{"taxonomy":"post_tag","embeddable":true,"href":"http:\/\/blogdalucianaoliveira.com.br\/blog\/wp-json\/wp\/v2\/tags?post=16998"}],"curies":[{"name":"wp","href":"https:\/\/api.w.org\/{rel}","templated":true}]}}