{"id":17004,"date":"2018-03-13T13:40:31","date_gmt":"2018-03-13T17:40:31","guid":{"rendered":"http:\/\/blogdalucianaoliveira.com.br\/blog\/?p=17004"},"modified":"2018-03-13T13:41:12","modified_gmt":"2018-03-13T17:41:12","slug":"composicao-da-assembleia-nacional-de-cuba-e-uma-das-mais-democraticas-do-continente","status":"publish","type":"post","link":"http:\/\/blogdalucianaoliveira.com.br\/blog\/2018\/03\/13\/composicao-da-assembleia-nacional-de-cuba-e-uma-das-mais-democraticas-do-continente\/","title":{"rendered":"Composi\u00e7\u00e3o da\u00a0Assembleia Nacional de Cuba\u00a0\u00e9 uma das mais democr\u00e1ticas do continente"},"content":{"rendered":"<p><img data-recalc-dims=\"1\" loading=\"lazy\" decoding=\"async\" data-attachment-id=\"17008\" data-permalink=\"http:\/\/blogdalucianaoliveira.com.br\/blog\/2018\/03\/13\/composicao-da-assembleia-nacional-de-cuba-e-uma-das-mais-democraticas-do-continente\/1dd30ca5-9d1e-49df-8e87-e3a9632adabf\/\" data-orig-file=\"https:\/\/i0.wp.com\/blogdalucianaoliveira.com.br\/blog\/wp-content\/uploads\/2018\/03\/1DD30CA5-9D1E-49DF-8E87-E3A9632ADABF.jpeg?fit=750%2C477\" data-orig-size=\"750,477\" data-comments-opened=\"0\" data-image-meta=\"{&quot;aperture&quot;:&quot;0&quot;,&quot;credit&quot;:&quot;&quot;,&quot;camera&quot;:&quot;&quot;,&quot;caption&quot;:&quot;&quot;,&quot;created_timestamp&quot;:&quot;0&quot;,&quot;copyright&quot;:&quot;&quot;,&quot;focal_length&quot;:&quot;0&quot;,&quot;iso&quot;:&quot;0&quot;,&quot;shutter_speed&quot;:&quot;0&quot;,&quot;title&quot;:&quot;&quot;,&quot;orientation&quot;:&quot;0&quot;}\" data-image-title=\"1DD30CA5-9D1E-49DF-8E87-E3A9632ADABF\" data-image-description=\"\" data-image-caption=\"\" data-medium-file=\"https:\/\/i0.wp.com\/blogdalucianaoliveira.com.br\/blog\/wp-content\/uploads\/2018\/03\/1DD30CA5-9D1E-49DF-8E87-E3A9632ADABF.jpeg?fit=300%2C191\" data-large-file=\"https:\/\/i0.wp.com\/blogdalucianaoliveira.com.br\/blog\/wp-content\/uploads\/2018\/03\/1DD30CA5-9D1E-49DF-8E87-E3A9632ADABF.jpeg?fit=600%2C382\" src=\"https:\/\/i0.wp.com\/blogdalucianaoliveira.com.br\/blog\/wp-content\/uploads\/2018\/03\/1DD30CA5-9D1E-49DF-8E87-E3A9632ADABF.jpeg?resize=600%2C382\" alt=\"1DD30CA5-9D1E-49DF-8E87-E3A9632ADABF\" width=\"600\" height=\"382\" class=\"alignnone size-full wp-image-17008\" srcset=\"https:\/\/i0.wp.com\/blogdalucianaoliveira.com.br\/blog\/wp-content\/uploads\/2018\/03\/1DD30CA5-9D1E-49DF-8E87-E3A9632ADABF.jpeg?w=750 750w, https:\/\/i0.wp.com\/blogdalucianaoliveira.com.br\/blog\/wp-content\/uploads\/2018\/03\/1DD30CA5-9D1E-49DF-8E87-E3A9632ADABF.jpeg?resize=300%2C191 300w, https:\/\/i0.wp.com\/blogdalucianaoliveira.com.br\/blog\/wp-content\/uploads\/2018\/03\/1DD30CA5-9D1E-49DF-8E87-E3A9632ADABF.jpeg?resize=472%2C300 472w\" sizes=\"auto, (max-width: 600px) 100vw, 600px\" \/><\/p>\n<p>Elei\u00e7\u00e3o em Cuba no \u00faltimo domingo teve participa\u00e7\u00e3o de 82,9% dos eleitores.<!--more--><\/p>\n<p>No Brasil de Fato, por Fania Rodriguez &#8211; \u201cAs elei\u00e7\u00f5es cubanas foram um sucesso. Registramos uma participa\u00e7\u00e3o massiva dos eleitores\u201d, informou a presidente do Comiss\u00e3o Eleitoral Nacional (CEN), Alina Balseiro, durante entrevista coletiva \u00e0 imprensa internacional, nessa segunda-feira (12).<\/p>\n<p>Segundo dados preliminares do Poder Eleitoral, cerca de 7,3 milh\u00f5es de cubanos participaram das elei\u00e7\u00f5es da Assembleia Nacional do Poder Popular e das\u00a0Assembleias Provinciais. O n\u00famero representa\u00a082,9% dos eleitores. Mais de 8,9 milh\u00f5es de cubanos estavam habilitados a votar.<\/p>\n<p>A presidenta do \u00f3rg\u00e3o alertou que os n\u00fameros divulgados ainda s\u00e3o dados pr\u00e9vios e o podem mudar quando todos os votos forem processados. \u201cPermitiu-se pela primeira vez que as pessoas que estivessem fora de seu domic\u00edlio eleitoral pudessem votar. Esses votos ainda n\u00e3o foram processados\u201d, explicou Alina Balseiro. Na \u00faltima elei\u00e7\u00e3o nacional, em 2013, os dados finais do CEN apontaram uma participa\u00e7\u00e3o de 89% da popula\u00e7\u00e3o votante.<\/p>\n<p>Outro dado divulgado pela presidenta\u00a0mostra que os votos\u00a0brancos diminu\u00edram. Na elei\u00e7\u00e3o de 2013 foram 4,66% e esse ano foram 4%. Os votos nulos somam 1% e se manteve est\u00e1vel.<\/p>\n<p>Apesar do voto n\u00e3o ser obrigat\u00f3rio, os processos cubanos registram participa\u00e7\u00e3o eleitoral acima da m\u00e9dia dos pa\u00edses do continente Americano. Na Col\u00f4mbia, por exemplo, que tamb\u00e9m realizou elei\u00e7\u00f5es para o Congresso no \u00faltimo final de semana, o \u00edndice de participa\u00e7\u00e3o ficou em 45%, segundo dados divulgados pela imprensa colombiana, na segunda-feira (12).<\/p>\n<p>Dos 605 deputados eleitos no \u00faltimo domingo, cerca de 53% s\u00e3o mulheres, o que converte a Assembleia Nacional cubana no segundo parlamente com mais mulheres eleitas, depois da Bol\u00edvia.<\/p>\n<p>Al\u00e9m disso, 40,6% dos parlamentares possuem menos de 50 anos e 13% s\u00e3o jovens de menos de 35 anos. A composi\u00e7\u00e3o racial tamb\u00e9m \u00e9 uma das mais democr\u00e1ticas da Am\u00e9rica Latina. Cerca de 59,5% do parlamento eleito\u00a0\u00e9 branco e 40,5% negro e pardo.<\/p>\n<p>Em entrevista exclusiva ao Brasil de Fato, a presidenta do CEN destacou o car\u00e1ter popular e participativo das elei\u00e7\u00f5es legislativas cubanas. \u201cPara entender a composi\u00e7\u00e3o da Assembleia Nacional \u00e9 preciso entender tamb\u00e9m o sistema eleitoral cubano. A sele\u00e7\u00e3o dos candidatos que participam das elei\u00e7\u00f5es nacionais come\u00e7am na base, com uma assembleia de vizinhos. Isso envolve a participa\u00e7\u00e3o do povo desde a primeira etapa\u201d, destacou Balseiro.<\/p>\n<p>De acordo com a presidenta da Comiss\u00e3o Eleitoral, a popula\u00e7\u00e3o participa de todas as etapas do processo eleitoral, incluindo a escolha dos candidatos.<\/p>\n<p>\u201cPelo menos 47% dos deputados eleitos s\u00e3o fruto das assembleias dos n\u00facleos de base de cada bairro. O que quero dizer \u00e9 que isso flui de forma aut\u00f4noma. N\u00e3o existe nenhum tipo de press\u00e3o, tudo \u00e9 feito de forma volunt\u00e1ria. As pessoas escolhidas nesses espa\u00e7os s\u00e3o a pr\u00f3pria representa\u00e7\u00e3o do povo\u201d, ressaltou a funcion\u00e1rio do Estado cubano, Alina Balseiro.<\/p>\n<p>As elei\u00e7\u00f5es cubana s\u00e3o realizadas em tr\u00eas etapas. A primeira foi em novembro do ano passado, quando os delegados dos n\u00facleos de base foram eleitos. Quase a metade dos candidatos a parlamentares sa\u00edram dessa primeira etapa. No \u00faltimo domingo foi a segunda etapa, com a elei\u00e7\u00e3o dos deputados Assembleia Nacional do Poder Popular e dos 1.200 delegados das 15 Assembleias Provinciais (estados). E a terceira e \u00faltima etapa ser\u00e1 realizada em abril, com a elei\u00e7\u00e3o do Conselho de Estado da Assembleia Nacional e do presidente do Conselho, que tamb\u00e9m ser\u00e1 o presidente do pa\u00eds.<\/p>\n","protected":false},"excerpt":{"rendered":"<p>Elei\u00e7\u00e3o em Cuba no \u00faltimo domingo teve participa\u00e7\u00e3o de 82,9% dos eleitores.<\/p>\n","protected":false},"author":1,"featured_media":0,"comment_status":"closed","ping_status":"open","sticky":false,"template":"","format":"standard","meta":{"_exactmetrics_skip_tracking":false,"_exactmetrics_sitenote_active":false,"_exactmetrics_sitenote_note":"","_exactmetrics_sitenote_category":0,"jetpack_post_was_ever_published":false,"_jetpack_newsletter_access":"","_jetpack_dont_email_post_to_subs":false,"_jetpack_newsletter_tier_id":0,"_jetpack_memberships_contains_paywalled_content":false,"_jetpack_memberships_contains_paid_content":false,"footnotes":"","jetpack_publicize_message":"","jetpack_publicize_feature_enabled":true,"jetpack_social_post_already_shared":true,"jetpack_social_options":{"image_generator_settings":{"template":"highway","enabled":false},"version":2}},"categories":[1],"tags":[],"class_list":["post-17004","post","type-post","status-publish","format-standard","hentry","category-notas"],"jetpack_publicize_connections":[],"jetpack_sharing_enabled":true,"jetpack_featured_media_url":"","jetpack_shortlink":"https:\/\/wp.me\/p7wKYW-4qg","jetpack-related-posts":[],"_links":{"self":[{"href":"http:\/\/blogdalucianaoliveira.com.br\/blog\/wp-json\/wp\/v2\/posts\/17004","targetHints":{"allow":["GET"]}}],"collection":[{"href":"http:\/\/blogdalucianaoliveira.com.br\/blog\/wp-json\/wp\/v2\/posts"}],"about":[{"href":"http:\/\/blogdalucianaoliveira.com.br\/blog\/wp-json\/wp\/v2\/types\/post"}],"author":[{"embeddable":true,"href":"http:\/\/blogdalucianaoliveira.com.br\/blog\/wp-json\/wp\/v2\/users\/1"}],"replies":[{"embeddable":true,"href":"http:\/\/blogdalucianaoliveira.com.br\/blog\/wp-json\/wp\/v2\/comments?post=17004"}],"version-history":[{"count":2,"href":"http:\/\/blogdalucianaoliveira.com.br\/blog\/wp-json\/wp\/v2\/posts\/17004\/revisions"}],"predecessor-version":[{"id":17010,"href":"http:\/\/blogdalucianaoliveira.com.br\/blog\/wp-json\/wp\/v2\/posts\/17004\/revisions\/17010"}],"wp:attachment":[{"href":"http:\/\/blogdalucianaoliveira.com.br\/blog\/wp-json\/wp\/v2\/media?parent=17004"}],"wp:term":[{"taxonomy":"category","embeddable":true,"href":"http:\/\/blogdalucianaoliveira.com.br\/blog\/wp-json\/wp\/v2\/categories?post=17004"},{"taxonomy":"post_tag","embeddable":true,"href":"http:\/\/blogdalucianaoliveira.com.br\/blog\/wp-json\/wp\/v2\/tags?post=17004"}],"curies":[{"name":"wp","href":"https:\/\/api.w.org\/{rel}","templated":true}]}}