{"id":17017,"date":"2018-03-14T12:08:51","date_gmt":"2018-03-14T16:08:51","guid":{"rendered":"http:\/\/blogdalucianaoliveira.com.br\/blog\/?p=17017"},"modified":"2018-03-14T12:08:51","modified_gmt":"2018-03-14T16:08:51","slug":"dcm-stf-busca-alternativa-para-tirar-carmen-lucia-de-cima-da-constituicao","status":"publish","type":"post","link":"http:\/\/blogdalucianaoliveira.com.br\/blog\/2018\/03\/14\/dcm-stf-busca-alternativa-para-tirar-carmen-lucia-de-cima-da-constituicao\/","title":{"rendered":"DCM: STF BUSCA ALTERNATIVA PARA TIRAR C\u00c1RMEN L\u00daCIA DE CIMA DA CONSTITUI\u00c7\u00c3O"},"content":{"rendered":"<p><img data-recalc-dims=\"1\" height=\"399\" width=\"600\" decoding=\"async\" src=\"https:\/\/i0.wp.com\/www.diariodocentrodomundo.com.br\/wp-content\/uploads\/2018\/02\/celso-600x399.jpg?resize=600%2C399&#038;ssl=1\" \/><\/p>\n<p>Supremo aposta que decano Celso de Mello definir\u00e1 futuro de Lula<!--more--><\/p>\n<p>&nbsp;<\/p>\n<p>Da\u00a0<a href=\"http:\/\/politica.estadao.com.br\/blogs\/coluna-do-estadao\/supremo-aposta-que-decano-definira-futuro-de-lula\/\">Coluna do Estad\u00e3o<\/a>.<\/p>\n<p><em>A aposta entre ministros do Supremo \u00e9 de que a retomada do debate sobre pris\u00e3o ap\u00f3s condena\u00e7\u00e3o em 2.\u00aa inst\u00e2ncia vir\u00e1 por meio do decano Celso de Mello. Mesmo os favor\u00e1veis \u00e0 mudan\u00e7a no atual entendimento sobre o tema j\u00e1 sinalizaram que n\u00e3o v\u00e3o p\u00f4r a discuss\u00e3o em mesa, deixando a expectativa sobre o colega, \u00fanico a ainda n\u00e3o dar seu veredicto. N\u00e3o h\u00e1 d\u00favidas na Corte de que, se Celso entender que cabe a ele fazer esse sacrif\u00edcio pelo tribunal, o far\u00e1. Mesmo contrariando a amiga C\u00e1rmen L\u00facia. A defesa de Lula tem esperan\u00e7a de que, rediscutido o tema, ele escape da pris\u00e3o.<\/em><\/p>\n<p><em>(\u2026)<\/em><\/p>\n<div class=\"td-a-rec td-a-rec-id-content_inlineright  \"><\/div>\n<p><em>H\u00e1 um acordo t\u00e1cito entre ministros do Supremo pelo qual, se Celso de Mello levantar o assunto no plen\u00e1rio, ele ter\u00e1 amplo apoio para tocar o debate. O ministro \u00e9 contra a pris\u00e3o ap\u00f3s condena\u00e7\u00e3o em segunda inst\u00e2ncia.<\/em><\/p>\n<p><em>(\u2026)<\/em><\/p>\n<p><em>Se o Supremo retomar o debate, a discuss\u00e3o pode vir acompanhada de quest\u00e3o sobre quando o r\u00e9u se torna ineleg\u00edvel. A defesa de Lula pede que seja ap\u00f3s tr\u00e2nsito em julgado.<\/em><\/p>\n<p><em>(\u2026)<\/em><\/p>\n","protected":false},"excerpt":{"rendered":"<p>Supremo aposta que decano Celso de Mello definir\u00e1 futuro de Lula<\/p>\n","protected":false},"author":1,"featured_media":0,"comment_status":"closed","ping_status":"open","sticky":false,"template":"","format":"standard","meta":{"_exactmetrics_skip_tracking":false,"_exactmetrics_sitenote_active":false,"_exactmetrics_sitenote_note":"","_exactmetrics_sitenote_category":0,"jetpack_post_was_ever_published":false,"_jetpack_newsletter_access":"","_jetpack_dont_email_post_to_subs":false,"_jetpack_newsletter_tier_id":0,"_jetpack_memberships_contains_paywalled_content":false,"_jetpack_memberships_contains_paid_content":false,"footnotes":"","jetpack_publicize_message":"","jetpack_publicize_feature_enabled":true,"jetpack_social_post_already_shared":true,"jetpack_social_options":{"image_generator_settings":{"template":"highway","enabled":false},"version":2}},"categories":[1],"tags":[],"class_list":["post-17017","post","type-post","status-publish","format-standard","hentry","category-notas"],"jetpack_publicize_connections":[],"jetpack_sharing_enabled":true,"jetpack_featured_media_url":"","jetpack_shortlink":"https:\/\/wp.me\/p7wKYW-4qt","jetpack-related-posts":[],"_links":{"self":[{"href":"http:\/\/blogdalucianaoliveira.com.br\/blog\/wp-json\/wp\/v2\/posts\/17017","targetHints":{"allow":["GET"]}}],"collection":[{"href":"http:\/\/blogdalucianaoliveira.com.br\/blog\/wp-json\/wp\/v2\/posts"}],"about":[{"href":"http:\/\/blogdalucianaoliveira.com.br\/blog\/wp-json\/wp\/v2\/types\/post"}],"author":[{"embeddable":true,"href":"http:\/\/blogdalucianaoliveira.com.br\/blog\/wp-json\/wp\/v2\/users\/1"}],"replies":[{"embeddable":true,"href":"http:\/\/blogdalucianaoliveira.com.br\/blog\/wp-json\/wp\/v2\/comments?post=17017"}],"version-history":[{"count":1,"href":"http:\/\/blogdalucianaoliveira.com.br\/blog\/wp-json\/wp\/v2\/posts\/17017\/revisions"}],"predecessor-version":[{"id":17018,"href":"http:\/\/blogdalucianaoliveira.com.br\/blog\/wp-json\/wp\/v2\/posts\/17017\/revisions\/17018"}],"wp:attachment":[{"href":"http:\/\/blogdalucianaoliveira.com.br\/blog\/wp-json\/wp\/v2\/media?parent=17017"}],"wp:term":[{"taxonomy":"category","embeddable":true,"href":"http:\/\/blogdalucianaoliveira.com.br\/blog\/wp-json\/wp\/v2\/categories?post=17017"},{"taxonomy":"post_tag","embeddable":true,"href":"http:\/\/blogdalucianaoliveira.com.br\/blog\/wp-json\/wp\/v2\/tags?post=17017"}],"curies":[{"name":"wp","href":"https:\/\/api.w.org\/{rel}","templated":true}]}}