{"id":17042,"date":"2018-03-15T19:55:33","date_gmt":"2018-03-15T23:55:33","guid":{"rendered":"http:\/\/blogdalucianaoliveira.com.br\/blog\/?p=17042"},"modified":"2018-03-15T19:55:33","modified_gmt":"2018-03-15T23:55:33","slug":"porto-velho-fez-ato-simbolico-por-marielle","status":"publish","type":"post","link":"http:\/\/blogdalucianaoliveira.com.br\/blog\/2018\/03\/15\/porto-velho-fez-ato-simbolico-por-marielle\/","title":{"rendered":"PORTO VELHO FEZ ATO SIMB\u00d3LICO POR MARIELLE"},"content":{"rendered":"<p><img data-recalc-dims=\"1\" loading=\"lazy\" decoding=\"async\" data-attachment-id=\"17043\" data-permalink=\"http:\/\/blogdalucianaoliveira.com.br\/blog\/2018\/03\/15\/porto-velho-fez-ato-simbolico-por-marielle\/82e161c2-c8da-4e33-95cc-042650bb8262\/\" data-orig-file=\"https:\/\/i0.wp.com\/blogdalucianaoliveira.com.br\/blog\/wp-content\/uploads\/2018\/03\/82E161C2-C8DA-4E33-95CC-042650BB8262.jpeg?fit=3264%2C2448\" data-orig-size=\"3264,2448\" data-comments-opened=\"0\" data-image-meta=\"{&quot;aperture&quot;:&quot;2.2&quot;,&quot;credit&quot;:&quot;&quot;,&quot;camera&quot;:&quot;iPhone 6&quot;,&quot;caption&quot;:&quot;&quot;,&quot;created_timestamp&quot;:&quot;1521138196&quot;,&quot;copyright&quot;:&quot;&quot;,&quot;focal_length&quot;:&quot;4.15&quot;,&quot;iso&quot;:&quot;160&quot;,&quot;shutter_speed&quot;:&quot;0.0333333333333&quot;,&quot;title&quot;:&quot;&quot;,&quot;orientation&quot;:&quot;1&quot;}\" data-image-title=\"82E161C2-C8DA-4E33-95CC-042650BB8262\" data-image-description=\"\" data-image-caption=\"\" data-medium-file=\"https:\/\/i0.wp.com\/blogdalucianaoliveira.com.br\/blog\/wp-content\/uploads\/2018\/03\/82E161C2-C8DA-4E33-95CC-042650BB8262.jpeg?fit=300%2C225\" data-large-file=\"https:\/\/i0.wp.com\/blogdalucianaoliveira.com.br\/blog\/wp-content\/uploads\/2018\/03\/82E161C2-C8DA-4E33-95CC-042650BB8262.jpeg?fit=600%2C450\" src=\"https:\/\/i0.wp.com\/blogdalucianaoliveira.com.br\/blog\/wp-content\/uploads\/2018\/03\/82E161C2-C8DA-4E33-95CC-042650BB8262.jpeg?resize=600%2C450\" alt=\"82E161C2-C8DA-4E33-95CC-042650BB8262\" width=\"600\" height=\"450\" class=\"alignnone size-full wp-image-17043\" srcset=\"https:\/\/i0.wp.com\/blogdalucianaoliveira.com.br\/blog\/wp-content\/uploads\/2018\/03\/82E161C2-C8DA-4E33-95CC-042650BB8262.jpeg?w=3264 3264w, https:\/\/i0.wp.com\/blogdalucianaoliveira.com.br\/blog\/wp-content\/uploads\/2018\/03\/82E161C2-C8DA-4E33-95CC-042650BB8262.jpeg?resize=300%2C225 300w, https:\/\/i0.wp.com\/blogdalucianaoliveira.com.br\/blog\/wp-content\/uploads\/2018\/03\/82E161C2-C8DA-4E33-95CC-042650BB8262.jpeg?resize=768%2C576 768w, https:\/\/i0.wp.com\/blogdalucianaoliveira.com.br\/blog\/wp-content\/uploads\/2018\/03\/82E161C2-C8DA-4E33-95CC-042650BB8262.jpeg?resize=1024%2C768 1024w, https:\/\/i0.wp.com\/blogdalucianaoliveira.com.br\/blog\/wp-content\/uploads\/2018\/03\/82E161C2-C8DA-4E33-95CC-042650BB8262.jpeg?resize=400%2C300 400w, https:\/\/i0.wp.com\/blogdalucianaoliveira.com.br\/blog\/wp-content\/uploads\/2018\/03\/82E161C2-C8DA-4E33-95CC-042650BB8262.jpeg?w=1200 1200w, https:\/\/i0.wp.com\/blogdalucianaoliveira.com.br\/blog\/wp-content\/uploads\/2018\/03\/82E161C2-C8DA-4E33-95CC-042650BB8262.jpeg?w=1800 1800w\" sizes=\"auto, (max-width: 600px) 100vw, 600px\" \/><\/p>\n<p>Foi no fim de tarde, no Mercado Cultural da Capital. O ato simb\u00f3lico organizado pelo Levante Popular da Juventude reuniu representantes de v\u00e1rios coletivos de mulheres e de movimentos sociais, al\u00e9m da lideran\u00e7a do PSOL, Pimenta de Rond\u00f4nia.<!--more--><\/p>\n<p>A vice-presidente da Seccional da OAB-RO, Marac\u00e9lia Oliveira e a presidente da Comiss\u00e3o da Mulher Advogada, Renata Fabris, tamb\u00e9m compareceram.<\/p>\n<p>\u00c9 de Rond\u00f4nia o topo do ranking na regi\u00e3o Norte de assassinatos de defensores de direitos humanos, a maioria envolvendo lideran\u00e7as e ativistas em conflitos no campo.<\/p>\n<p>Dos 32 registros de assassinatos em 2016, 19 ocorreram aqui, na luta para que a terra seja destinada \u00e0 sua fun\u00e7\u00e3o social.<\/p>\n<p>No ato simb\u00f3lico houve poesia, choro, vela e gritos de revolta.<\/p>\n<p><img data-recalc-dims=\"1\" loading=\"lazy\" decoding=\"async\" data-attachment-id=\"17044\" data-permalink=\"http:\/\/blogdalucianaoliveira.com.br\/blog\/2018\/03\/15\/porto-velho-fez-ato-simbolico-por-marielle\/7748cf35-fbf5-411b-8209-b2854ce286be\/\" data-orig-file=\"https:\/\/i0.wp.com\/blogdalucianaoliveira.com.br\/blog\/wp-content\/uploads\/2018\/03\/7748CF35-FBF5-411B-8209-B2854CE286BE.jpeg?fit=3264%2C2448\" data-orig-size=\"3264,2448\" data-comments-opened=\"0\" data-image-meta=\"{&quot;aperture&quot;:&quot;2.2&quot;,&quot;credit&quot;:&quot;&quot;,&quot;camera&quot;:&quot;iPhone 6&quot;,&quot;caption&quot;:&quot;&quot;,&quot;created_timestamp&quot;:&quot;1521138034&quot;,&quot;copyright&quot;:&quot;&quot;,&quot;focal_length&quot;:&quot;4.15&quot;,&quot;iso&quot;:&quot;40&quot;,&quot;shutter_speed&quot;:&quot;0.0333333333333&quot;,&quot;title&quot;:&quot;&quot;,&quot;orientation&quot;:&quot;1&quot;}\" data-image-title=\"7748CF35-FBF5-411B-8209-B2854CE286BE\" data-image-description=\"\" data-image-caption=\"\" data-medium-file=\"https:\/\/i0.wp.com\/blogdalucianaoliveira.com.br\/blog\/wp-content\/uploads\/2018\/03\/7748CF35-FBF5-411B-8209-B2854CE286BE.jpeg?fit=300%2C225\" data-large-file=\"https:\/\/i0.wp.com\/blogdalucianaoliveira.com.br\/blog\/wp-content\/uploads\/2018\/03\/7748CF35-FBF5-411B-8209-B2854CE286BE.jpeg?fit=600%2C450\" src=\"https:\/\/i0.wp.com\/blogdalucianaoliveira.com.br\/blog\/wp-content\/uploads\/2018\/03\/7748CF35-FBF5-411B-8209-B2854CE286BE.jpeg?resize=600%2C450\" alt=\"7748CF35-FBF5-411B-8209-B2854CE286BE\" width=\"600\" height=\"450\" class=\"alignnone size-full wp-image-17044\" srcset=\"https:\/\/i0.wp.com\/blogdalucianaoliveira.com.br\/blog\/wp-content\/uploads\/2018\/03\/7748CF35-FBF5-411B-8209-B2854CE286BE.jpeg?w=3264 3264w, https:\/\/i0.wp.com\/blogdalucianaoliveira.com.br\/blog\/wp-content\/uploads\/2018\/03\/7748CF35-FBF5-411B-8209-B2854CE286BE.jpeg?resize=300%2C225 300w, https:\/\/i0.wp.com\/blogdalucianaoliveira.com.br\/blog\/wp-content\/uploads\/2018\/03\/7748CF35-FBF5-411B-8209-B2854CE286BE.jpeg?resize=768%2C576 768w, https:\/\/i0.wp.com\/blogdalucianaoliveira.com.br\/blog\/wp-content\/uploads\/2018\/03\/7748CF35-FBF5-411B-8209-B2854CE286BE.jpeg?resize=1024%2C768 1024w, https:\/\/i0.wp.com\/blogdalucianaoliveira.com.br\/blog\/wp-content\/uploads\/2018\/03\/7748CF35-FBF5-411B-8209-B2854CE286BE.jpeg?resize=400%2C300 400w, https:\/\/i0.wp.com\/blogdalucianaoliveira.com.br\/blog\/wp-content\/uploads\/2018\/03\/7748CF35-FBF5-411B-8209-B2854CE286BE.jpeg?w=1200 1200w, https:\/\/i0.wp.com\/blogdalucianaoliveira.com.br\/blog\/wp-content\/uploads\/2018\/03\/7748CF35-FBF5-411B-8209-B2854CE286BE.jpeg?w=1800 1800w\" sizes=\"auto, (max-width: 600px) 100vw, 600px\" \/><\/p>\n<p>Os assassinatos da vereadora Marielle Franco e de seu motorista Anderson Pedro Gomes, foram lembrados com dor, mas fortaleceu o compromisso de transformar cada luto em luta.<\/p>\n<div class=\"jetpack-video-wrapper\"><iframe loading=\"lazy\" title=\"PORTO VELHO FEZ ATO SIMB\u00d3LICO POR MARIELLE\" width=\"600\" height=\"338\" src=\"https:\/\/www.youtube.com\/embed\/93t2r4FTvHE?feature=oembed\" frameborder=\"0\" allow=\"accelerometer; autoplay; clipboard-write; encrypted-media; gyroscope; picture-in-picture; web-share\" referrerpolicy=\"strict-origin-when-cross-origin\" allowfullscreen><\/iframe><\/div>\n","protected":false},"excerpt":{"rendered":"<p>Foi no fim de tarde, no Mercado Cultural da Capital. O ato simb\u00f3lico organizado pelo Levante Popular da Juventude reuniu representantes de v\u00e1rios coletivos de mulheres e de movimentos sociais, al\u00e9m da lideran\u00e7a do PSOL, Pimenta de Rond\u00f4nia.<\/p>\n","protected":false},"author":1,"featured_media":0,"comment_status":"closed","ping_status":"open","sticky":false,"template":"","format":"standard","meta":{"_exactmetrics_skip_tracking":false,"_exactmetrics_sitenote_active":false,"_exactmetrics_sitenote_note":"","_exactmetrics_sitenote_category":0,"jetpack_post_was_ever_published":false,"_jetpack_newsletter_access":"","_jetpack_dont_email_post_to_subs":false,"_jetpack_newsletter_tier_id":0,"_jetpack_memberships_contains_paywalled_content":false,"_jetpack_memberships_contains_paid_content":false,"footnotes":"","jetpack_publicize_message":"","jetpack_publicize_feature_enabled":true,"jetpack_social_post_already_shared":true,"jetpack_social_options":{"image_generator_settings":{"template":"highway","enabled":false},"version":2}},"categories":[1],"tags":[],"class_list":["post-17042","post","type-post","status-publish","format-standard","hentry","category-notas"],"jetpack_publicize_connections":[],"jetpack_sharing_enabled":true,"jetpack_featured_media_url":"","jetpack_shortlink":"https:\/\/wp.me\/p7wKYW-4qS","jetpack-related-posts":[],"_links":{"self":[{"href":"http:\/\/blogdalucianaoliveira.com.br\/blog\/wp-json\/wp\/v2\/posts\/17042","targetHints":{"allow":["GET"]}}],"collection":[{"href":"http:\/\/blogdalucianaoliveira.com.br\/blog\/wp-json\/wp\/v2\/posts"}],"about":[{"href":"http:\/\/blogdalucianaoliveira.com.br\/blog\/wp-json\/wp\/v2\/types\/post"}],"author":[{"embeddable":true,"href":"http:\/\/blogdalucianaoliveira.com.br\/blog\/wp-json\/wp\/v2\/users\/1"}],"replies":[{"embeddable":true,"href":"http:\/\/blogdalucianaoliveira.com.br\/blog\/wp-json\/wp\/v2\/comments?post=17042"}],"version-history":[{"count":1,"href":"http:\/\/blogdalucianaoliveira.com.br\/blog\/wp-json\/wp\/v2\/posts\/17042\/revisions"}],"predecessor-version":[{"id":17045,"href":"http:\/\/blogdalucianaoliveira.com.br\/blog\/wp-json\/wp\/v2\/posts\/17042\/revisions\/17045"}],"wp:attachment":[{"href":"http:\/\/blogdalucianaoliveira.com.br\/blog\/wp-json\/wp\/v2\/media?parent=17042"}],"wp:term":[{"taxonomy":"category","embeddable":true,"href":"http:\/\/blogdalucianaoliveira.com.br\/blog\/wp-json\/wp\/v2\/categories?post=17042"},{"taxonomy":"post_tag","embeddable":true,"href":"http:\/\/blogdalucianaoliveira.com.br\/blog\/wp-json\/wp\/v2\/tags?post=17042"}],"curies":[{"name":"wp","href":"https:\/\/api.w.org\/{rel}","templated":true}]}}