{"id":17051,"date":"2018-03-16T10:32:09","date_gmt":"2018-03-16T14:32:09","guid":{"rendered":"http:\/\/blogdalucianaoliveira.com.br\/blog\/?p=17051"},"modified":"2018-03-16T11:47:47","modified_gmt":"2018-03-16T15:47:47","slug":"chove-e-fede-sem-parar","status":"publish","type":"post","link":"http:\/\/blogdalucianaoliveira.com.br\/blog\/2018\/03\/16\/chove-e-fede-sem-parar\/","title":{"rendered":"CHOVE E FEDE SEM PARAR"},"content":{"rendered":"<p><img data-recalc-dims=\"1\" loading=\"lazy\" decoding=\"async\" data-attachment-id=\"17052\" data-permalink=\"http:\/\/blogdalucianaoliveira.com.br\/blog\/2018\/03\/16\/chove-e-fede-sem-parar\/cheirosa-2\/\" data-orig-file=\"https:\/\/i0.wp.com\/blogdalucianaoliveira.com.br\/blog\/wp-content\/uploads\/2018\/03\/cheirosa.jpg?fit=600%2C297\" data-orig-size=\"600,297\" data-comments-opened=\"0\" data-image-meta=\"{&quot;aperture&quot;:&quot;0&quot;,&quot;credit&quot;:&quot;&quot;,&quot;camera&quot;:&quot;&quot;,&quot;caption&quot;:&quot;&quot;,&quot;created_timestamp&quot;:&quot;0&quot;,&quot;copyright&quot;:&quot;&quot;,&quot;focal_length&quot;:&quot;0&quot;,&quot;iso&quot;:&quot;0&quot;,&quot;shutter_speed&quot;:&quot;0&quot;,&quot;title&quot;:&quot;&quot;,&quot;orientation&quot;:&quot;0&quot;}\" data-image-title=\"cheirosa\" data-image-description=\"\" data-image-caption=\"\" data-medium-file=\"https:\/\/i0.wp.com\/blogdalucianaoliveira.com.br\/blog\/wp-content\/uploads\/2018\/03\/cheirosa.jpg?fit=300%2C149\" data-large-file=\"https:\/\/i0.wp.com\/blogdalucianaoliveira.com.br\/blog\/wp-content\/uploads\/2018\/03\/cheirosa.jpg?fit=600%2C297\" src=\"https:\/\/i0.wp.com\/blogdalucianaoliveira.com.br\/blog\/wp-content\/uploads\/2018\/03\/cheirosa.jpg?resize=600%2C297\" alt=\"cheirosa\" width=\"600\" height=\"297\" class=\"alignnone size-full wp-image-17052\" srcset=\"https:\/\/i0.wp.com\/blogdalucianaoliveira.com.br\/blog\/wp-content\/uploads\/2018\/03\/cheirosa.jpg?w=600 600w, https:\/\/i0.wp.com\/blogdalucianaoliveira.com.br\/blog\/wp-content\/uploads\/2018\/03\/cheirosa.jpg?resize=300%2C149 300w\" sizes=\"auto, (max-width: 600px) 100vw, 600px\" \/><\/p>\n<p>\u00c9 tempo chuvoso, de \u00e1gua a subir cal\u00e7adas e bueiros a arrotar a catinga da capital. Da parte mais pobre \u00e0 mais nobre, sobe o fedor das coisas erradas.<\/p>\n<p>\u00c9 assim desde que aqui nasci e desgra\u00e7adamente, posso dizer que piorou muito.<!--more--><\/p>\n<p>N\u00e3o me refiro \u00e0 fedentina por falta de saneamento b\u00e1sico adequado, mas a que envolve nossos poderes p\u00fablicos. Fedem o legislativo, o executivo e o judici\u00e1rio.<\/p>\n<p>Se instalarem em pr\u00e9dios novos, suntuosos, n\u00e3o amenizou o bodum.<\/p>\n<p>Os esc\u00e2ndalos n\u00e3o param, se acumulam.<\/p>\n<p>No legislativo, temos ex-representantes do povo presos, a serem presos, condenados sem pena restritiva de liberdade e impunes. Do executivo, a mesma coisa. <\/p>\n<p>No judici\u00e1rio, temos ju\u00edzes \u2018punidos\u2019 com a aposentadoria compuls\u00f3ria, aquele \u2018quase pr\u00eamio\u2019 a quem falta com seus deveres funcionais.<\/p>\n<p>\u00c9 dos agentes p\u00fablicos e pol\u00edticos a pior inhaca.<\/p>\n<p>Mas, que povo \u00e9 esse que de t\u00e3o submetido, se acostumou ao mau cheiro ao inv\u00e9s de reclamar?<\/p>\n<p>Pior, que contribui com a pestil\u00eancia?<\/p>\n<p>Fosse justo culpar s\u00f3 os que exercem fun\u00e7\u00f5es p\u00fablicas n\u00e3o estaria vendo no poder, eleitos ou n\u00e3o, herdeiros da imprest\u00e1vel mentalidade pol\u00edtica da \u00e9poca do meu primeiro suti\u00e3.<\/p>\n<p>Os cidad\u00e3os comuns s\u00e3o c\u00famplices do rom\u00e2ntico fingimento de que o poder emana do povo e em seu nome \u00e9 exercido.<\/p>\n<p>N\u00f3s mentimos, v\u00f3s mentis, eles mentem.<\/p>\n<p>Mais um esc\u00e2ndalo veio \u00e0 tona com as \u00e1guas de marco e de novo envolvendo os poderes legislativo e executivo do estado.<\/p>\n<p>Uma escuta clandestina revelou conversa pra l\u00e1 de indecorosa entre o presidente da Assembleia Legislativa, Maur\u00e3o de Carvalho e o deputado Jesu\u00edno Bouabaid. <\/p>\n<p>Truncado ou n\u00e3o o di\u00e1logo, como alegam os envolvidos, era de utilizar instrumentos legais para chantagear o governador Conf\u00facio Moura que falavam.<\/p>\n<p>Era sobre sabendo, n\u00e3o mandarem investigar imediatamente den\u00fancias que poderiam derrubar o governo e evitar o preju\u00edzo de milh\u00f5es ao estado.  <\/p>\n<p>Os deputados divulgaram umas notas focando apenas na gravidade da intercepta\u00e7\u00e3o ilegal da conversa.<\/p>\n<p>O governador se limitou a dizer que diante de t\u00e3o grave fato s\u00f3 lhe cabe o sil\u00eancio.<\/p>\n<p>Foi h\u00e1 poucos dias e j\u00e1 n\u00e3o se fala mais nisso. O povo inalou a catinga com espantosa normalidade.<\/p>\n<p>Tem jornalista que at\u00e9 qualifica os que usam a estrat\u00e9gia da desfa\u00e7atez diante de um esc\u00e2ndalo como admir\u00e1veis articuladores pol\u00edticos.<\/p>\n<p>Tamanha a impureza, sist\u00eamica e banalizada deve ter sequelado o c\u00e9rebro dos rondonienses para justificar frouxid\u00e3o e acomoda\u00e7\u00e3o \u00e0 indec\u00eancia.<\/p>\n<p>A possibilidade de higieniza\u00e7\u00e3o est\u00e1 logo ali, nas elei\u00e7\u00f5es de outubro.<\/p>\n<p>Infelizmente, o que vemos em ve\u00edculos de comunica\u00e7\u00e3o e nas redes sociais s\u00e3o perspectivas de inten\u00e7\u00e3o de votos em v\u00e1rios pol\u00edticos catingosos. <\/p>\n<p>E assim se alternam os per\u00edodos chorosos e fedorentos em Rond\u00f4nia.<br \/>\nDa parte mais pobre \u00e0 mais nobre, o insuport\u00e1vel mau cheiro a que se referiu Gullar:<\/p>\n<p><em>Falo de um odor que entranha em tudo e que se espalha<br \/>\npela cidade inteira feito g\u00e1s<br \/>\ne por mais<br \/>\nbanhos que tomemos<br \/>\ne por mais<br \/>\ndesodorantes<br \/>\nque usemos<br \/>\n(na boca, na axila<br \/>\nna vagina;<br \/>\nno vaso do banheiro,<br \/>\nno setor financeiro)<br \/>\nn\u00e3o se acaba esse cheiro<\/em><\/p>\n<div class=\"jetpack-video-wrapper\"><iframe loading=\"lazy\" title=\"Chove e fede sem parar\" width=\"600\" height=\"338\" src=\"https:\/\/www.youtube.com\/embed\/I8He_nUbwDU?feature=oembed\" frameborder=\"0\" allow=\"accelerometer; autoplay; clipboard-write; encrypted-media; gyroscope; picture-in-picture; web-share\" referrerpolicy=\"strict-origin-when-cross-origin\" allowfullscreen><\/iframe><\/div>\n","protected":false},"excerpt":{"rendered":"<p>\u00c9 tempo chuvoso, de \u00e1gua a subir cal\u00e7adas e bueiros a arrotar a catinga da capital. Da parte mais pobre \u00e0 mais nobre, sobe o fedor das coisas erradas. \u00c9 assim desde que aqui nasci e desgra\u00e7adamente, posso dizer que piorou muito.<\/p>\n","protected":false},"author":1,"featured_media":17052,"comment_status":"closed","ping_status":"open","sticky":false,"template":"","format":"standard","meta":{"_exactmetrics_skip_tracking":false,"_exactmetrics_sitenote_active":false,"_exactmetrics_sitenote_note":"","_exactmetrics_sitenote_category":0,"jetpack_post_was_ever_published":false,"_jetpack_newsletter_access":"","_jetpack_dont_email_post_to_subs":false,"_jetpack_newsletter_tier_id":0,"_jetpack_memberships_contains_paywalled_content":false,"_jetpack_memberships_contains_paid_content":false,"footnotes":"","jetpack_publicize_message":"","jetpack_publicize_feature_enabled":true,"jetpack_social_post_already_shared":true,"jetpack_social_options":{"image_generator_settings":{"template":"highway","enabled":false},"version":2}},"categories":[1],"tags":[],"class_list":["post-17051","post","type-post","status-publish","format-standard","has-post-thumbnail","hentry","category-notas"],"jetpack_publicize_connections":[],"jetpack_sharing_enabled":true,"jetpack_featured_media_url":"https:\/\/i0.wp.com\/blogdalucianaoliveira.com.br\/blog\/wp-content\/uploads\/2018\/03\/cheirosa.jpg?fit=600%2C297","jetpack_shortlink":"https:\/\/wp.me\/p7wKYW-4r1","jetpack-related-posts":[],"_links":{"self":[{"href":"http:\/\/blogdalucianaoliveira.com.br\/blog\/wp-json\/wp\/v2\/posts\/17051","targetHints":{"allow":["GET"]}}],"collection":[{"href":"http:\/\/blogdalucianaoliveira.com.br\/blog\/wp-json\/wp\/v2\/posts"}],"about":[{"href":"http:\/\/blogdalucianaoliveira.com.br\/blog\/wp-json\/wp\/v2\/types\/post"}],"author":[{"embeddable":true,"href":"http:\/\/blogdalucianaoliveira.com.br\/blog\/wp-json\/wp\/v2\/users\/1"}],"replies":[{"embeddable":true,"href":"http:\/\/blogdalucianaoliveira.com.br\/blog\/wp-json\/wp\/v2\/comments?post=17051"}],"version-history":[{"count":3,"href":"http:\/\/blogdalucianaoliveira.com.br\/blog\/wp-json\/wp\/v2\/posts\/17051\/revisions"}],"predecessor-version":[{"id":17058,"href":"http:\/\/blogdalucianaoliveira.com.br\/blog\/wp-json\/wp\/v2\/posts\/17051\/revisions\/17058"}],"wp:featuredmedia":[{"embeddable":true,"href":"http:\/\/blogdalucianaoliveira.com.br\/blog\/wp-json\/wp\/v2\/media\/17052"}],"wp:attachment":[{"href":"http:\/\/blogdalucianaoliveira.com.br\/blog\/wp-json\/wp\/v2\/media?parent=17051"}],"wp:term":[{"taxonomy":"category","embeddable":true,"href":"http:\/\/blogdalucianaoliveira.com.br\/blog\/wp-json\/wp\/v2\/categories?post=17051"},{"taxonomy":"post_tag","embeddable":true,"href":"http:\/\/blogdalucianaoliveira.com.br\/blog\/wp-json\/wp\/v2\/tags?post=17051"}],"curies":[{"name":"wp","href":"https:\/\/api.w.org\/{rel}","templated":true}]}}