{"id":17055,"date":"2018-03-16T11:43:20","date_gmt":"2018-03-16T15:43:20","guid":{"rendered":"http:\/\/blogdalucianaoliveira.com.br\/blog\/?p=17055"},"modified":"2018-03-16T11:43:20","modified_gmt":"2018-03-16T15:43:20","slug":"o-dia-seguinte-dos-ativistas-do-rio-entre-o-medo-e-a-indignacao-ativa","status":"publish","type":"post","link":"http:\/\/blogdalucianaoliveira.com.br\/blog\/2018\/03\/16\/o-dia-seguinte-dos-ativistas-do-rio-entre-o-medo-e-a-indignacao-ativa\/","title":{"rendered":"O dia seguinte dos ativistas do Rio: entre o medo e a indigna\u00e7\u00e3o ativa"},"content":{"rendered":"<p><img data-recalc-dims=\"1\" loading=\"lazy\" decoding=\"async\" data-attachment-id=\"17056\" data-permalink=\"http:\/\/blogdalucianaoliveira.com.br\/blog\/2018\/03\/16\/o-dia-seguinte-dos-ativistas-do-rio-entre-o-medo-e-a-indignacao-ativa\/hoje-2\/\" data-orig-file=\"https:\/\/i0.wp.com\/blogdalucianaoliveira.com.br\/blog\/wp-content\/uploads\/2018\/03\/hoje.jpg?fit=1960%2C1307\" data-orig-size=\"1960,1307\" data-comments-opened=\"0\" data-image-meta=\"{&quot;aperture&quot;:&quot;0&quot;,&quot;credit&quot;:&quot;&quot;,&quot;camera&quot;:&quot;&quot;,&quot;caption&quot;:&quot;&quot;,&quot;created_timestamp&quot;:&quot;0&quot;,&quot;copyright&quot;:&quot;&quot;,&quot;focal_length&quot;:&quot;0&quot;,&quot;iso&quot;:&quot;0&quot;,&quot;shutter_speed&quot;:&quot;0&quot;,&quot;title&quot;:&quot;&quot;,&quot;orientation&quot;:&quot;0&quot;}\" data-image-title=\"hoje\" data-image-description=\"\" data-image-caption=\"\" data-medium-file=\"https:\/\/i0.wp.com\/blogdalucianaoliveira.com.br\/blog\/wp-content\/uploads\/2018\/03\/hoje.jpg?fit=300%2C200\" data-large-file=\"https:\/\/i0.wp.com\/blogdalucianaoliveira.com.br\/blog\/wp-content\/uploads\/2018\/03\/hoje.jpg?fit=600%2C400\" src=\"https:\/\/i0.wp.com\/blogdalucianaoliveira.com.br\/blog\/wp-content\/uploads\/2018\/03\/hoje.jpg?resize=600%2C400\" alt=\"hoje\" width=\"600\" height=\"400\" class=\"alignnone size-full wp-image-17056\" srcset=\"https:\/\/i0.wp.com\/blogdalucianaoliveira.com.br\/blog\/wp-content\/uploads\/2018\/03\/hoje.jpg?w=1960 1960w, https:\/\/i0.wp.com\/blogdalucianaoliveira.com.br\/blog\/wp-content\/uploads\/2018\/03\/hoje.jpg?resize=300%2C200 300w, https:\/\/i0.wp.com\/blogdalucianaoliveira.com.br\/blog\/wp-content\/uploads\/2018\/03\/hoje.jpg?resize=768%2C512 768w, https:\/\/i0.wp.com\/blogdalucianaoliveira.com.br\/blog\/wp-content\/uploads\/2018\/03\/hoje.jpg?resize=1024%2C683 1024w, https:\/\/i0.wp.com\/blogdalucianaoliveira.com.br\/blog\/wp-content\/uploads\/2018\/03\/hoje.jpg?resize=450%2C300 450w, https:\/\/i0.wp.com\/blogdalucianaoliveira.com.br\/blog\/wp-content\/uploads\/2018\/03\/hoje.jpg?w=1200 1200w, https:\/\/i0.wp.com\/blogdalucianaoliveira.com.br\/blog\/wp-content\/uploads\/2018\/03\/hoje.jpg?w=1800 1800w\" sizes=\"auto, (max-width: 600px) 100vw, 600px\" \/><\/p>\n<p>Ativistas e especialistas apontam que apenas uma resposta en\u00e9rgica do Estado garante a seguran\u00e7a dos militantes<!--more--><\/p>\n<p>GIL ALESSI<br \/>\nFELIPE BETIM<br \/>\nNo El Pa\u00eds<\/p>\n<p>Um misto de medo e esperan\u00e7a. Assim especialistas em seguran\u00e7a p\u00fablica, direitos humanos e ativistas vislumbram o futuro da milit\u00e2ncia nas comunidades pobres do Rio de Janeiro ap\u00f3s o assassinato da vereadora Marielle Franco e de seu motorista Anderson Gomes. Ambos foram baleados na noite de quarta-feira em uma emboscada no centro da capital fluminense. A parlamentar tinha um hist\u00f3rico de milit\u00e2ncia contra abusos da pol\u00edcia nas favelas. A quest\u00e3o que se coloca \u00e9: se uma autoridade eleita com mais de 46.000 votos pode ser executada em uma regi\u00e3o nobre da cidade, o que o futuro reserva para ativistas nos becos e vielas?<\/p>\n<p>\u201cA Marielle era a voz dos sem voz. Mulher, negra e favelada. Ceifar a voz dela de forma b\u00e1rbara coloca em quest\u00e3o a possibilidade de que outras pessoas possam tomar essa voz e seguir adiante\u201d, afirma o soci\u00f3logo Ign\u00e1cio Cano, da Universidade Estadual do Rio de Janeiro. Mas o professor tamb\u00e9m vislumbra uma \u201cmobiliza\u00e7\u00e3o crescente\u201d em defesa dos direitos b\u00e1sicos ap\u00f3s a morte da vereadora. Ele cita como exemplo o crime da ju\u00edza Patricia Acioli, assassinada por policiais corruptos em 2011. \u201cA morte da ju\u00edza mudou o panorama, fez com que um grupo de policiais fosse condenado e, no final, teve consequ\u00eancias positivas para a Justi\u00e7a e a sociedade. Esperamos que o assassinato da Marielle tamb\u00e9m traga algo bom para futuro, por mais doloroso que possa ser agora\u201d.<\/p>\n<p>A diretora da ONG Human Rights Watch para o Brasil, Maria Laura Canineu, afirma que o momento \u00e9 de apreens\u00e3o. \u201cEssa morte tem o efeito de provocar medo principalmente para os ativistas que trabalham nas comunidades, na linha de frente da defesa dos direitos humanos e que lidam com a militariza\u00e7\u00e3o crescente das opera\u00e7\u00f5es\u201d, diz. De acordo com ela, o assassinato de uma militante hist\u00f3rica detentora de um mandato eletivo tem for\u00e7a para provocar \u201cauto-censura\u201d em alguns ativistas. \u201cEssa quest\u00e3o do medo foi a primeira que me veio \u00e0 cabe\u00e7a quando fiquei sabendo do crime. A\u00ed quando cheguei no Rio nesta quinta-feira eu me deparei com um clima impressionante, de que as pessoas n\u00e3o est\u00e3o dispostas a deixar ficar assim\u201d, afirma Canineu. A diretora vislumbra um clima de \u201cindigna\u00e7\u00e3o ativa\u201d entre militantes e simpatizantes da causa dos direitos humanos. \u201cN\u00e3o uma indigna\u00e7\u00e3o que paralisa, mas uma que faz agir\u201d.<\/p>\n<p>As pessoas que lotaram o centro do Rio de Janeiro nesta quinta-feira para homenagear a vereadora falavam justamente em dar continuidade a sua luta, em n\u00e3o deixar que seu assassinato calasse seus princ\u00edpios. &#8220;Todos somos Marielle&#8221;, repetiam. Mas esse ambiente de &#8220;indigna\u00e7\u00e3o ativa&#8221; descrito pela diretora da HRW se misturava com certa tens\u00e3o no ar. Se tiveram a aud\u00e1cia de assassinar uma popular vereadora no centro da cidade, isso significa que qualquer um poderia ser o pr\u00f3ximo, dizia-se. &#8220;Nunca imaginei que estaria aqui hoje por causa da Mari. Tenho medo do que pode acontecer&#8221;, relatou ao EL PA\u00cdS um ativista da periferia.<\/p>\n<p>Para Canineu, o futuro dos ativistas e militantes nas favelas do Rio est\u00e1 nas m\u00e3os do Estado. \u201cA resposta que o Governo e o Poder Judici\u00e1rio v\u00e3o dar ir\u00e1 determinar os rumos da situa\u00e7\u00e3o. Agora \u00e9 a hora deles demonstrarem comprometimento pela luta contra a impunidade: os assassinatos precisam ser esclarecidos e de forma r\u00e1pida\u201d, diz. O retrospecto brasileiro neste ponto \u00e9, \u201cinfelizmente\u201d, um fracasso: \u201cO Estado tem falhado sucessivamente na investiga\u00e7\u00e3o de crimes, sejam cometidos por policiais ou ex-policiais ou contra policiais. H\u00e1 um fracasso completo na investiga\u00e7\u00e3o de homic\u00eddios como um todo no pa\u00eds\u201d.<\/p>\n<p>A apura\u00e7\u00e3o do crime ficar\u00e1 a cargo do Departamento de Homic\u00eddios da Pol\u00edcia Civil &#8211; o chefe da corpora\u00e7\u00e3o, Rivaldo Barbosa, disse que eles t\u00eam &#8220;todas as condi\u00e7\u00f5es para elucidar o assassinato&#8221;. O ministro da Seguran\u00e7a P\u00fablica, Raul Jungmann, ofereceu a ajuda da Pol\u00edcia Federal para auxiliar nas apura\u00e7\u00f5es.<\/p>\n<p>Na p\u00e1gina do Facebook do Mar\u00e9 Vive, que monitora viola\u00e7\u00f5es dos direitos humanos no complexo de favelas da Mar\u00e9, o \u00faltimo post d\u00e1 uma ideia do clima. <\/p>\n<p>\u201cN\u00e3o pensem que vamos arregar o p\u00e9 na LUTA pela garantia da VIDA de nossos DIREITOS. Por ELA [Mariella] por N\u00d3S por TODOS e TODAS. #LUTOemLUTA #MARIELLEPRESENTE\u201d.<\/p>\n","protected":false},"excerpt":{"rendered":"<p>Ativistas e especialistas apontam que apenas uma resposta en\u00e9rgica do Estado garante a seguran\u00e7a dos militantes<\/p>\n","protected":false},"author":1,"featured_media":0,"comment_status":"closed","ping_status":"open","sticky":false,"template":"","format":"standard","meta":{"_exactmetrics_skip_tracking":false,"_exactmetrics_sitenote_active":false,"_exactmetrics_sitenote_note":"","_exactmetrics_sitenote_category":0,"jetpack_post_was_ever_published":false,"_jetpack_newsletter_access":"","_jetpack_dont_email_post_to_subs":false,"_jetpack_newsletter_tier_id":0,"_jetpack_memberships_contains_paywalled_content":false,"_jetpack_memberships_contains_paid_content":false,"footnotes":"","jetpack_publicize_message":"","jetpack_publicize_feature_enabled":true,"jetpack_social_post_already_shared":true,"jetpack_social_options":{"image_generator_settings":{"template":"highway","enabled":false},"version":2}},"categories":[1],"tags":[],"class_list":["post-17055","post","type-post","status-publish","format-standard","hentry","category-notas"],"jetpack_publicize_connections":[],"jetpack_sharing_enabled":true,"jetpack_featured_media_url":"","jetpack_shortlink":"https:\/\/wp.me\/p7wKYW-4r5","jetpack-related-posts":[],"_links":{"self":[{"href":"http:\/\/blogdalucianaoliveira.com.br\/blog\/wp-json\/wp\/v2\/posts\/17055","targetHints":{"allow":["GET"]}}],"collection":[{"href":"http:\/\/blogdalucianaoliveira.com.br\/blog\/wp-json\/wp\/v2\/posts"}],"about":[{"href":"http:\/\/blogdalucianaoliveira.com.br\/blog\/wp-json\/wp\/v2\/types\/post"}],"author":[{"embeddable":true,"href":"http:\/\/blogdalucianaoliveira.com.br\/blog\/wp-json\/wp\/v2\/users\/1"}],"replies":[{"embeddable":true,"href":"http:\/\/blogdalucianaoliveira.com.br\/blog\/wp-json\/wp\/v2\/comments?post=17055"}],"version-history":[{"count":1,"href":"http:\/\/blogdalucianaoliveira.com.br\/blog\/wp-json\/wp\/v2\/posts\/17055\/revisions"}],"predecessor-version":[{"id":17057,"href":"http:\/\/blogdalucianaoliveira.com.br\/blog\/wp-json\/wp\/v2\/posts\/17055\/revisions\/17057"}],"wp:attachment":[{"href":"http:\/\/blogdalucianaoliveira.com.br\/blog\/wp-json\/wp\/v2\/media?parent=17055"}],"wp:term":[{"taxonomy":"category","embeddable":true,"href":"http:\/\/blogdalucianaoliveira.com.br\/blog\/wp-json\/wp\/v2\/categories?post=17055"},{"taxonomy":"post_tag","embeddable":true,"href":"http:\/\/blogdalucianaoliveira.com.br\/blog\/wp-json\/wp\/v2\/tags?post=17055"}],"curies":[{"name":"wp","href":"https:\/\/api.w.org\/{rel}","templated":true}]}}