{"id":17067,"date":"2018-03-17T19:21:20","date_gmt":"2018-03-17T23:21:20","guid":{"rendered":"http:\/\/blogdalucianaoliveira.com.br\/blog\/?p=17067"},"modified":"2018-03-17T19:21:20","modified_gmt":"2018-03-17T23:21:20","slug":"abusos-e-truculencia-marcam-um-mes-de-intervencao-no-rj","status":"publish","type":"post","link":"http:\/\/blogdalucianaoliveira.com.br\/blog\/2018\/03\/17\/abusos-e-truculencia-marcam-um-mes-de-intervencao-no-rj\/","title":{"rendered":"Abusos e trucul\u00eancia marcam um m\u00eas de interven\u00e7\u00e3o no RJ"},"content":{"rendered":"<p><img data-recalc-dims=\"1\" loading=\"lazy\" decoding=\"async\" data-attachment-id=\"17068\" data-permalink=\"http:\/\/blogdalucianaoliveira.com.br\/blog\/2018\/03\/17\/abusos-e-truculencia-marcam-um-mes-de-intervencao-no-rj\/cri-3\/\" data-orig-file=\"https:\/\/i0.wp.com\/blogdalucianaoliveira.com.br\/blog\/wp-content\/uploads\/2018\/03\/cri.jpg?fit=640%2C427\" data-orig-size=\"640,427\" data-comments-opened=\"0\" data-image-meta=\"{&quot;aperture&quot;:&quot;0&quot;,&quot;credit&quot;:&quot;&quot;,&quot;camera&quot;:&quot;&quot;,&quot;caption&quot;:&quot;&quot;,&quot;created_timestamp&quot;:&quot;0&quot;,&quot;copyright&quot;:&quot;&quot;,&quot;focal_length&quot;:&quot;0&quot;,&quot;iso&quot;:&quot;0&quot;,&quot;shutter_speed&quot;:&quot;0&quot;,&quot;title&quot;:&quot;&quot;,&quot;orientation&quot;:&quot;0&quot;}\" data-image-title=\"cri\" data-image-description=\"\" data-image-caption=\"\" data-medium-file=\"https:\/\/i0.wp.com\/blogdalucianaoliveira.com.br\/blog\/wp-content\/uploads\/2018\/03\/cri.jpg?fit=300%2C200\" data-large-file=\"https:\/\/i0.wp.com\/blogdalucianaoliveira.com.br\/blog\/wp-content\/uploads\/2018\/03\/cri.jpg?fit=600%2C400\" src=\"https:\/\/i0.wp.com\/blogdalucianaoliveira.com.br\/blog\/wp-content\/uploads\/2018\/03\/cri.jpg?resize=600%2C400\" alt=\"cri\" width=\"600\" height=\"400\" class=\"alignnone size-full wp-image-17068\" srcset=\"https:\/\/i0.wp.com\/blogdalucianaoliveira.com.br\/blog\/wp-content\/uploads\/2018\/03\/cri.jpg?w=640 640w, https:\/\/i0.wp.com\/blogdalucianaoliveira.com.br\/blog\/wp-content\/uploads\/2018\/03\/cri.jpg?resize=300%2C200 300w, https:\/\/i0.wp.com\/blogdalucianaoliveira.com.br\/blog\/wp-content\/uploads\/2018\/03\/cri.jpg?resize=450%2C300 450w\" sizes=\"auto, (max-width: 600px) 100vw, 600px\" \/><\/p>\n<p>Relat\u00f3rio mostra um aumento nos homic\u00eddios a tiros desde que o governo Temer decretou a interven\u00e7\u00e3o<!--more--><\/p>\n<p>J\u00falia Dolce<br \/>\nBrasil de Fato | S\u00e3o Paulo (SP)<\/p>\n<p>A interven\u00e7\u00e3o federal militar no Rio de Janeiro completa um m\u00eas nesta sexta-feira (16), apenas dois dias ap\u00f3s o assassinato da vereadora Marielle Franco (Psol). Cenas como crian\u00e7as tendo suas mochilas revistadas antes de entrarem na escola e moradores das favelas serem fotografados segurando a identidade para circular pela cidade se tornaram corriqueiras e exemplificam a arbitrariedade da a\u00e7\u00f5es militares desde a interven\u00e7\u00e3o.<\/p>\n<p>Para Filipe dos Anjos, secret\u00e1rio geral da Federa\u00e7\u00e3o das Associa\u00e7\u00f5es de Favelas do Estado do Rio de Janeiro (Farferj), essas mudan\u00e7as na rotina das favelas mostram que o principal interesse do Estado com a interven\u00e7\u00e3o n\u00e3o \u00e9 a garantia da seguran\u00e7a da popula\u00e7\u00e3o.<\/p>\n<p>&#8220;\u00c9 uma interven\u00e7\u00e3o pol\u00edtica, de um governo impopular, inimigo do povo, que n\u00e3o passou pelas urnas. Um governo que est\u00e1 no poder sobre um golpe, que usa os militares porque setores da sociedade acreditam que a raiz da inseguran\u00e7a p\u00fablica est\u00e1 nas favelas. N\u00f3s denunciamos o contr\u00e1rio. Para muitos pol\u00edticos, a quest\u00e3o da viol\u00eancia gera capital pol\u00edtico, a viol\u00eancia sempre foi uma forma de domina\u00e7\u00e3o nas favelas, essa viol\u00eancia que compra mais armas, viaturas, policiais\u2026 E o social est\u00e1 ficando de lado&#8221;, denunciou.<\/p>\n<p>O prop\u00f3sito da interven\u00e7\u00e3o tamb\u00e9m \u00e9 questionado pelo Deputado Federal Wadih Damous (PT-RJ), que destacou um recrudescimento da viol\u00eancia no estado no \u00faltimo m\u00eas.<\/p>\n<p>&#8220;N\u00e3o se sabe qual \u00e9 o objetivo estrat\u00e9gico [da interven\u00e7\u00e3o]. Se era para substituir a pol\u00edcia no combate \u00e0 inseguran\u00e7a, ela \u00e9 um fracasso total. Porque na semana passada pessoas foram metralhadas na Pra\u00e7a S\u00e3o Salvador, por exemplo. Vem se sucedendo epis\u00f3dios de assassinatos, mortes por bala perdida, enfim, o cotidiano que todo mundo conhece no Rio de Janeiro. Acho at\u00e9 que se agravou depois da interven\u00e7\u00e3o&#8221;, opinou.<\/p>\n<p>Levantamento<\/p>\n<p>A plataforma Fogo Cruzado, desenvolvida como uma ferramenta de mapeamento coletivo de tiroteios e disparos de armas de fogo no Rio de Janeiro, apontou, em relat\u00f3rio divulgado nesta quinta-feira (15), um aumento nos homic\u00eddios a tiros desde que o governo do presidente golpista Michel Temer (MDB) decretou a interven\u00e7\u00e3o.<\/p>\n<p>Os dados, uma compila\u00e7\u00e3o de levantamentos de usu\u00e1rios da plataforma, da imprensa e dos canais oficiais da Pol\u00edcia Militar, mostra que foram 149 assassinatos em tiroteios no \u00faltimo m\u00eas, contra 126 entre 15 de janeiro e 16 de fevereiro deste ano. Os tiroteios com a presen\u00e7a de um agente de seguran\u00e7a representam 133 do n\u00famero total deste m\u00eas. Entre janeiro e fevereiro, o n\u00famero foi 106.<\/p>\n<p>Para Paula Napoli\u00e3o, analista de dados do Fogo Cruzado, ainda \u00e9 cedo para tirar conclus\u00f5es sobre o aumento da viol\u00eancia armada, no entanto, ela destaca os casos de viola\u00e7\u00f5es de direitos dos moradores de favelas como consequ\u00eancia da interven\u00e7\u00e3o.<\/p>\n<p>&#8220;A gente vai ter que aguardar um pouco mais para conseguir falar algo de concreto sobre a consequ\u00eancia da interven\u00e7\u00e3o para a viol\u00eancia armada, mas o que a gente v\u00ea de cara s\u00e3o os casos, como o na Vila Kennedy, em que a popula\u00e7\u00e3o tem o direito de ir e vir, de circular, afetado, por conta dessa opera\u00e7\u00f5es militarizadas e n\u00e3o preparadas para lidar com a sociedade civil. O que precisamos fazer como sociedade civil \u00e9 acompanhar essas situa\u00e7\u00f5es de perto para que n\u00e3o haja nenhuma viola\u00e7\u00e3o dos direitos dos moradores nessas \u00e1reas&#8221;, afirmou.<\/p>\n<p>Segundo Filipe dos Anjos, a atua\u00e7\u00e3o da Pol\u00edcia Militar como um bra\u00e7o armado do Estado para realizar exterm\u00ednios sempre aconteceu nas favelas. Ele acredita, por\u00e9m, que a interven\u00e7\u00e3o federal traz mais impunidade a essa realidade.<\/p>\n<p>&#8220;[A favela de] Acari, por exemplo, como Mariella denunciou [dias antes de ser assassinada], est\u00e1 sendo alvo de muitas opera\u00e7\u00f5es que o pr\u00f3prio batalh\u00e3o da \u00e1rea n\u00e3o reconhece, opera\u00e7\u00f5es ilegais, e os moradores questionam essa mudan\u00e7a da interven\u00e7\u00e3o federal para a pol\u00edcia, porque n\u00e3o v\u00eaem muita mudan\u00e7a. Mas a gente v\u00ea sim mudan\u00e7a, porque \u00e9 uma interven\u00e7\u00e3o que vem e passou pelo crivo do Senado e da C\u00e2mara, direcionada \u00e0s favelas, depois de n\u00e3o cumprir uma agenda de reforma da Previd\u00eancia, de um governo que tem a pior aprova\u00e7\u00e3o da hist\u00f3ria do Brasil. Tudo isso est\u00e1 ligado, e a gente est\u00e1 muito preocupado&#8221;, apontou.<\/p>\n<p>Contatada pelo Brasil de Fato, a assessoria de imprensa do Instituto de Seguran\u00e7a P\u00fablica da Secretaria de Seguran\u00e7a do Estado do Rio de Janeiro, respons\u00e1vel pelos mapeamento de dados sobre a viol\u00eancia no estado, afirmou que ainda n\u00e3o possui estat\u00edsticas atualizadas do \u00faltimo m\u00eas.<\/p>\n<p>Edi\u00e7\u00e3o: Nina Fideles<\/p>\n","protected":false},"excerpt":{"rendered":"<p>Relat\u00f3rio mostra um aumento nos homic\u00eddios a tiros desde que o governo Temer decretou a interven\u00e7\u00e3o<\/p>\n","protected":false},"author":1,"featured_media":0,"comment_status":"closed","ping_status":"open","sticky":false,"template":"","format":"standard","meta":{"_exactmetrics_skip_tracking":false,"_exactmetrics_sitenote_active":false,"_exactmetrics_sitenote_note":"","_exactmetrics_sitenote_category":0,"jetpack_post_was_ever_published":false,"_jetpack_newsletter_access":"","_jetpack_dont_email_post_to_subs":false,"_jetpack_newsletter_tier_id":0,"_jetpack_memberships_contains_paywalled_content":false,"_jetpack_memberships_contains_paid_content":false,"footnotes":"","jetpack_publicize_message":"","jetpack_publicize_feature_enabled":true,"jetpack_social_post_already_shared":true,"jetpack_social_options":{"image_generator_settings":{"template":"highway","enabled":false},"version":2}},"categories":[1],"tags":[],"class_list":["post-17067","post","type-post","status-publish","format-standard","hentry","category-notas"],"jetpack_publicize_connections":[],"jetpack_sharing_enabled":true,"jetpack_featured_media_url":"","jetpack_shortlink":"https:\/\/wp.me\/p7wKYW-4rh","jetpack-related-posts":[],"_links":{"self":[{"href":"http:\/\/blogdalucianaoliveira.com.br\/blog\/wp-json\/wp\/v2\/posts\/17067","targetHints":{"allow":["GET"]}}],"collection":[{"href":"http:\/\/blogdalucianaoliveira.com.br\/blog\/wp-json\/wp\/v2\/posts"}],"about":[{"href":"http:\/\/blogdalucianaoliveira.com.br\/blog\/wp-json\/wp\/v2\/types\/post"}],"author":[{"embeddable":true,"href":"http:\/\/blogdalucianaoliveira.com.br\/blog\/wp-json\/wp\/v2\/users\/1"}],"replies":[{"embeddable":true,"href":"http:\/\/blogdalucianaoliveira.com.br\/blog\/wp-json\/wp\/v2\/comments?post=17067"}],"version-history":[{"count":1,"href":"http:\/\/blogdalucianaoliveira.com.br\/blog\/wp-json\/wp\/v2\/posts\/17067\/revisions"}],"predecessor-version":[{"id":17069,"href":"http:\/\/blogdalucianaoliveira.com.br\/blog\/wp-json\/wp\/v2\/posts\/17067\/revisions\/17069"}],"wp:attachment":[{"href":"http:\/\/blogdalucianaoliveira.com.br\/blog\/wp-json\/wp\/v2\/media?parent=17067"}],"wp:term":[{"taxonomy":"category","embeddable":true,"href":"http:\/\/blogdalucianaoliveira.com.br\/blog\/wp-json\/wp\/v2\/categories?post=17067"},{"taxonomy":"post_tag","embeddable":true,"href":"http:\/\/blogdalucianaoliveira.com.br\/blog\/wp-json\/wp\/v2\/tags?post=17067"}],"curies":[{"name":"wp","href":"https:\/\/api.w.org\/{rel}","templated":true}]}}