{"id":17070,"date":"2018-03-17T19:28:20","date_gmt":"2018-03-17T23:28:20","guid":{"rendered":"http:\/\/blogdalucianaoliveira.com.br\/blog\/?p=17070"},"modified":"2018-03-17T19:28:20","modified_gmt":"2018-03-17T23:28:20","slug":"sushi-de-feijao-e-shoyo-de-tucupi-como-imigrantes-japoneses-recriaram-pratos-tipicos-na-amazonia","status":"publish","type":"post","link":"http:\/\/blogdalucianaoliveira.com.br\/blog\/2018\/03\/17\/sushi-de-feijao-e-shoyo-de-tucupi-como-imigrantes-japoneses-recriaram-pratos-tipicos-na-amazonia\/","title":{"rendered":"Sushi de feij\u00e3o e shoyo de tucupi: como imigrantes japoneses recriaram pratos t\u00edpicos na Amaz\u00f4nia"},"content":{"rendered":"<p><img data-recalc-dims=\"1\" loading=\"lazy\" decoding=\"async\" data-attachment-id=\"17071\" data-permalink=\"http:\/\/blogdalucianaoliveira.com.br\/blog\/2018\/03\/17\/sushi-de-feijao-e-shoyo-de-tucupi-como-imigrantes-japoneses-recriaram-pratos-tipicos-na-amazonia\/japo\/\" data-orig-file=\"https:\/\/i0.wp.com\/blogdalucianaoliveira.com.br\/blog\/wp-content\/uploads\/2018\/03\/japo.jpg?fit=660%2C371\" data-orig-size=\"660,371\" data-comments-opened=\"0\" data-image-meta=\"{&quot;aperture&quot;:&quot;0&quot;,&quot;credit&quot;:&quot;&quot;,&quot;camera&quot;:&quot;&quot;,&quot;caption&quot;:&quot;&quot;,&quot;created_timestamp&quot;:&quot;0&quot;,&quot;copyright&quot;:&quot;&quot;,&quot;focal_length&quot;:&quot;0&quot;,&quot;iso&quot;:&quot;0&quot;,&quot;shutter_speed&quot;:&quot;0&quot;,&quot;title&quot;:&quot;&quot;,&quot;orientation&quot;:&quot;0&quot;}\" data-image-title=\"japo\" data-image-description=\"\" data-image-caption=\"\" data-medium-file=\"https:\/\/i0.wp.com\/blogdalucianaoliveira.com.br\/blog\/wp-content\/uploads\/2018\/03\/japo.jpg?fit=300%2C169\" data-large-file=\"https:\/\/i0.wp.com\/blogdalucianaoliveira.com.br\/blog\/wp-content\/uploads\/2018\/03\/japo.jpg?fit=600%2C337\" class=\"alignnone size-full wp-image-17071\" src=\"https:\/\/i0.wp.com\/blogdalucianaoliveira.com.br\/blog\/wp-content\/uploads\/2018\/03\/japo.jpg?resize=600%2C337\" alt=\"japo\" width=\"600\" height=\"337\" srcset=\"https:\/\/i0.wp.com\/blogdalucianaoliveira.com.br\/blog\/wp-content\/uploads\/2018\/03\/japo.jpg?w=660 660w, https:\/\/i0.wp.com\/blogdalucianaoliveira.com.br\/blog\/wp-content\/uploads\/2018\/03\/japo.jpg?resize=300%2C169 300w, https:\/\/i0.wp.com\/blogdalucianaoliveira.com.br\/blog\/wp-content\/uploads\/2018\/03\/japo.jpg?resize=534%2C300 534w\" sizes=\"auto, (max-width: 600px) 100vw, 600px\" \/><\/p>\n<div class=\"byline\"><span class=\"byline__name\">Evanildo da Silveira<\/span><span class=\"byline__title\">De S\u00e3o Paulo para a BBC Brasil &#8211;\u00a0<\/span>Os japoneses que imigraram para o Amazonas depois da Segunda Guerra Mundial apelaram \u00e0 criatividade para conseguir fazer as tradicionais receitas de sua rica culin\u00e1ria. Ao chegar em um local estranho e distante da terra natal, substitu\u00edram a soja pela mandioca e transformaram o mam\u00e3o em picles e saladas, por exemplo.<\/div>\n<p><!--more--><\/p>\n<p>Os relatos dessas inven\u00e7\u00f5es culin\u00e1rias foram coletados oralmente pela pesquisadora Linda Midori Tsuji Nishikido, da Universidade de S\u00e3o Paulo (USP), para sua disserta\u00e7\u00e3o de mestrado sobre os h\u00e1bitos alimentares dos imigrantes japoneses no Amazonas entre 1957 e 1963. Ela ouviu seus pr\u00f3prios pais, parentes e amigos, que chegaram ao Brasil naquele \u00e9poca e, hoje, est\u00e3o com idades entre 60 e 100 anos.<\/p>\n<p>Linda chama essas receitas de &#8220;ressignifica\u00e7\u00f5es de iguarias&#8221;. &#8220;Embora tenha como base a culin\u00e1ria japonesa e nomeada como tal, na realidade s\u00e3o cria\u00e7\u00f5es novas, com ingredientes pr\u00f3prios do lugar imigrado&#8221;, explica. &#8220;Assim, na aus\u00eancia de soja, recriaram o molho shoyu a base de tucupi (l\u00edquido extra\u00eddo da mandioca) e reinventaram o miso (pasta de soja), usando de feij\u00e3o de praia.&#8221;<\/p>\n<p><img data-recalc-dims=\"1\" loading=\"lazy\" decoding=\"async\" data-attachment-id=\"17072\" data-permalink=\"http:\/\/blogdalucianaoliveira.com.br\/blog\/2018\/03\/17\/sushi-de-feijao-e-shoyo-de-tucupi-como-imigrantes-japoneses-recriaram-pratos-tipicos-na-amazonia\/sus-3\/\" data-orig-file=\"https:\/\/i0.wp.com\/blogdalucianaoliveira.com.br\/blog\/wp-content\/uploads\/2018\/03\/sus.jpg?fit=624%2C351\" data-orig-size=\"624,351\" data-comments-opened=\"0\" data-image-meta=\"{&quot;aperture&quot;:&quot;0&quot;,&quot;credit&quot;:&quot;&quot;,&quot;camera&quot;:&quot;&quot;,&quot;caption&quot;:&quot;&quot;,&quot;created_timestamp&quot;:&quot;0&quot;,&quot;copyright&quot;:&quot;&quot;,&quot;focal_length&quot;:&quot;0&quot;,&quot;iso&quot;:&quot;0&quot;,&quot;shutter_speed&quot;:&quot;0&quot;,&quot;title&quot;:&quot;&quot;,&quot;orientation&quot;:&quot;0&quot;}\" data-image-title=\"sus\" data-image-description=\"\" data-image-caption=\"\" data-medium-file=\"https:\/\/i0.wp.com\/blogdalucianaoliveira.com.br\/blog\/wp-content\/uploads\/2018\/03\/sus.jpg?fit=300%2C169\" data-large-file=\"https:\/\/i0.wp.com\/blogdalucianaoliveira.com.br\/blog\/wp-content\/uploads\/2018\/03\/sus.jpg?fit=600%2C338\" class=\"alignnone size-full wp-image-17072\" src=\"https:\/\/i0.wp.com\/blogdalucianaoliveira.com.br\/blog\/wp-content\/uploads\/2018\/03\/sus.jpg?resize=600%2C338\" alt=\"sus\" width=\"600\" height=\"338\" srcset=\"https:\/\/i0.wp.com\/blogdalucianaoliveira.com.br\/blog\/wp-content\/uploads\/2018\/03\/sus.jpg?w=624 624w, https:\/\/i0.wp.com\/blogdalucianaoliveira.com.br\/blog\/wp-content\/uploads\/2018\/03\/sus.jpg?resize=300%2C169 300w, https:\/\/i0.wp.com\/blogdalucianaoliveira.com.br\/blog\/wp-content\/uploads\/2018\/03\/sus.jpg?resize=533%2C300 533w\" sizes=\"auto, (max-width: 600px) 100vw, 600px\" \/><\/p>\n<p>O mam\u00e3o, por sua vez, normalmente consumido como fruta in natura ou como doce, para os japoneses do Amazonas, teve a fun\u00e7\u00e3o das verduras, j\u00e1 que haviam poucas op\u00e7\u00f5es delas na regi\u00e3o.<\/p>\n<div class=\"story-body\">\n<div class=\"story-body__inner\">\n<p>Eles consumiam essa fruta ainda verde como refogado, como\u00a0<i>tsukemono\u00a0<\/i>(esp\u00e9cie de picles) e como\u00a0<i>sunomono\u00a0<\/i>(esp\u00e9cie de salada, normalmente feita com pepino e vinagre). At\u00e9 as ra\u00edzes de mam\u00e3o foram aproveitadas para fazer o\u00a0<i>kinpira gobo\u00a0<\/i>(refogado \u00e0 base de bardana &#8211; uma erva, cujas ra\u00edzes s\u00e3o comest\u00edveis, e as folhas, usadas em saladas).<\/p>\n<p>A banana tamb\u00e9m passou por uma reinven\u00e7\u00e3o criativa. &#8220;Ela bem madura, j\u00e1 em ponto de putrefa\u00e7\u00e3o, serviu para fazer a pasta base para\u00a0<i>tsukemono\u00a0<\/i>(conserva de vegetais), dando a essa comida um sabor adocicado natural pr\u00f3prio da banana&#8221;, conta Linda.<\/p>\n<p>&#8220;Com a farinha, guarni\u00e7\u00e3o obrigat\u00f3ria para o consumo de peixe na regi\u00e3o amaz\u00f4nica, os imigrantes elaboraram o\u00a0<i>dango<\/i>, esp\u00e9cie de bolinho, como substituto do p\u00e3o. Com os peixes dos rios, fez-se\u00a0<i>sashimi<\/i>,\u00a0<i>kamaboko\u00a0<\/i>(massa de peixe) e o feij\u00e3o verde ou feij\u00e3o de metro serviu como recheio de\u00a0<i>makizushi<\/i>\u00a0(sushi enrolado).&#8221;<\/p>\n<h2 class=\"story-body__crosshead\">Registro da mem\u00f3ria<\/h2>\n<figure class=\"media-landscape has-caption full-width\"><span class=\"image-and-copyright-container\"><img data-recalc-dims=\"1\" loading=\"lazy\" decoding=\"async\" class=\"responsive-image__img js-image-replace\" src=\"https:\/\/i0.wp.com\/ichef.bbci.co.uk\/news\/624\/cpsprodpb\/11459\/production\/_100354707_tsukemonodemamoverde.jpg?resize=600%2C338&#038;ssl=1\" alt=\"sashimi com peixe do rios\" width=\"600\" height=\"338\" data-highest-encountered-width=\"624\" \/><\/span><figcaption class=\"media-caption\"><span class=\"media-caption__text\">Os imigrantes usaram peixes de rios para fazer o tradicional sashimi | Foto: Arquivo Pessoal<\/span><\/figcaption><\/figure>\n<p>Linda conta que uma de suas motiva\u00e7\u00f5es para realizar a pesquisa estava no fato de que seus pais e a maioria dos amigos e parentes estavam com idade acima dos 60 anos. &#8220;Isso me levou \u00e0 decis\u00e3o emergencial de entrevistar mais imigrantes, a fim de que os dados guardados na mem\u00f3ria fossem investigados e registrados&#8221;, explica.<\/p>\n<p>&#8220;Al\u00e9m disso, ser descendente de imigrantes &#8211; segunda gera\u00e7\u00e3o (nissei) -, me levou a mergulhar no universo da imigra\u00e7\u00e3o japonesa no p\u00f3s-guerra no Amazonas, com o objetivo, dentre outros, de deixar um legado para posteridade escrito em portugu\u00eas.&#8221;<\/p>\n<p>Ela diz ainda que a decis\u00e3o de escolher os h\u00e1bitos alimentares como tema da pesquisa repousa no conjunto de riqueza que eles carregam, sobretudo relacionados aos aspectos sociais e culturais.<\/p>\n<p>&#8220;Comer envolve caracter\u00edsticas inerentes \u00e0 complexidade humana, como prazer, sensa\u00e7\u00f5es, emo\u00e7\u00f5es, afetividades, isto \u00e9, se encontra impregnado de elementos simb\u00f3licos como tradi\u00e7\u00e3o, rito, costumes, comportamentos que caracterizam a cultura de uma etnia.&#8221;<\/p>\n<figure class=\"media-landscape has-caption full-width\"><span class=\"image-and-copyright-container\"><img data-recalc-dims=\"1\" loading=\"lazy\" decoding=\"async\" class=\"responsive-image__img js-image-replace\" src=\"https:\/\/i0.wp.com\/ichef.bbci.co.uk\/news\/624\/cpsprodpb\/1137A\/production\/_100422507_foto03.jpg?resize=600%2C338&#038;ssl=1\" alt=\"Imigrantes japoneses na d\u00e9cada de 1950\" width=\"600\" height=\"338\" data-highest-encountered-width=\"624\" \/><\/span><figcaption class=\"media-caption\"><span class=\"media-caption__text\">Lembrar da culin\u00e1ria ajudou a imigrantes a contar casos da \u00e9poca, como a adapta\u00e7\u00e3o \u00e0 Amaz\u00f4nia e queimadas | Foto: Arquivo Pessoal<\/span><\/figcaption><\/figure>\n<p>Segundo Linda, o que seu trabalho traz de novo \u00e9 a hist\u00f3ria da imigra\u00e7\u00e3o japonesa no Amazonas por meio do olhar interno, ou seja, que tem como fonte prim\u00e1ria os pr\u00f3prios imigrantes. &#8220;Eles revelaram pormenores, tais como as dificuldades, os desafios, o estranhamento com o novo pa\u00eds, que somente as pessoas que vivenciaram o fen\u00f4meno podem relatar&#8221;, diz a pesquisadora.<\/p>\n<p>Al\u00e9m disso, diz Linda, a tem\u00e1tica &#8220;h\u00e1bitos alimentares&#8221; faz despertar esse passado que parecia estar esquecido, ativando a mem\u00f3ria e evocando uma sequ\u00eancia de fatos vividos. Falar sobre assuntos alimentares fez emergir nas lembran\u00e7as dos imigrantes fatos dos seus momentos iniciais na Amaz\u00f4nia.<\/p>\n<p>Entre eles, Linda cita a constru\u00e7\u00e3o das primeiras casas de palha para a moradia, os obst\u00e1culos para se deslocar at\u00e9 a cidade de Manaus, as dificuldades para encontrar ingredientes pr\u00f3prios para a culin\u00e1ria japonesa, os estranhamentos relativos \u00e0 alimenta\u00e7\u00e3o dos brasileiros da regi\u00e3o.<\/p>\n<h2 class=\"story-body__crosshead\">Diversidade da culin\u00e1ria no Brasil<\/h2>\n<figure class=\"media-landscape has-caption full-width\"><span class=\"image-and-copyright-container\"><img data-recalc-dims=\"1\" loading=\"lazy\" decoding=\"async\" class=\"responsive-image__img js-image-replace\" src=\"https:\/\/i0.wp.com\/ichef.bbci.co.uk\/news\/624\/cpsprodpb\/16279\/production\/_100354709_feijodemetro.jpg?resize=600%2C338&#038;ssl=1\" alt=\"feij\u00e3o de metro\" width=\"600\" height=\"338\" data-highest-encountered-width=\"624\" \/><\/span><figcaption class=\"media-caption\"><span class=\"media-caption__text\">O feij\u00e3o de metro foi usado como recheio de makizushi (sushi enrolado) | Foto: Arquivo Pessoal<\/span><\/figcaption><\/figure>\n<p>&#8220;Deu para perceber na fei\u00e7\u00e3o de cada entrevistado que as reminisc\u00eancias do passado, mesmo os momentos dif\u00edceis, proporcionavam nostalgia, pois representava um tempo em que tudo era novidade, o espa\u00e7o, as pessoas, a vida bem diferente ao se comparar com a de sua terra natal&#8221;, conta a pesquisadora.<\/p>\n<p>Para a orientadora de Linda, professora Leiko Matsubara Morales, do Departamento de Letras Orientais da USP, o trabalho de sua aluna tem o m\u00e9rito de trazer uma hist\u00f3ria desconhecida, saindo do eixo S\u00e3o Paulo-Paran\u00e1.<\/p>\n<p>&#8220;A pesquisa \u00e9 importante n\u00e3o apenas porque a tem\u00e1tica trata da alimenta\u00e7\u00e3o, mas porque junto com ela traz a hist\u00f3ria das cidades e de suas peculiaridades, somando \u00e0 \u00e1rea de Estudos Japoneses.&#8221;, diz.<\/p>\n<figure class=\"media-landscape has-caption full-width\"><span class=\"image-and-copyright-container\"><img data-recalc-dims=\"1\" loading=\"lazy\" decoding=\"async\" class=\"responsive-image__img js-image-replace\" src=\"https:\/\/i0.wp.com\/ichef.bbci.co.uk\/news\/624\/cpsprodpb\/2D02\/production\/_100422511_foto5.jpg?resize=600%2C338&#038;ssl=1\" alt=\"Imigrantes japoneses comendo no Amazonas\" width=\"600\" height=\"338\" data-highest-encountered-width=\"624\" \/><\/span><figcaption class=\"media-caption\"><span class=\"media-caption__text\">Mulheres imigrantes fazem reuni\u00e3o para comer culin\u00e1ria t\u00edpica | Foto: Arquivo Pessoal<\/span><\/figcaption><\/figure>\n<p>Segundo Leiko, o trabalho n\u00e3o apenas resgatou algo que estava submerso, mas atribuiu o devido valor cultural, reconhecendo a culin\u00e1ria daquela regi\u00e3o como parte da diversidade dos h\u00e1bitos alimentares do Brasil.<\/p>\n<p>&#8220;A criatividade de que os japoneses lan\u00e7aram m\u00e3o nos mostra o quanto eles buscaram uma forma de vencer as adversidades impostas pela natureza, que n\u00e3o \u00e9 apenas decorr\u00eancia da diferen\u00e7a f\u00edsica, mas cultural e material&#8221;, explica.<\/p>\n<p>Leiko diz ainda que, ao levantar os dados, Linda conseguiu salvar v\u00e1rias informa\u00e7\u00f5es que n\u00e3o se encontram em nenhum livro de imigra\u00e7\u00e3o, pois a maioria foi escrita por aqueles que vivem nas regi\u00f5es onde a comunidade nikkei \u00e9 mais densa, como os estados de S\u00e3o Paulo e do Paran\u00e1.<\/p>\n<p>&#8220;Apesar de ter ido um contingente razo\u00e1vel de imigrantes, descendentes e at\u00e9 mesmo de executivos japoneses para a Amaz\u00f4nia, devido \u00e0 riqueza da zona franca de Manaus, h\u00e1 poucos trabalhos dessa natureza.&#8221;<\/p>\n<\/div>\n<\/div>\n<div class=\"tags-container\"><\/div>\n","protected":false},"excerpt":{"rendered":"<p>Evanildo da SilveiraDe S\u00e3o Paulo para a BBC Brasil &#8211;\u00a0Os japoneses que imigraram para o Amazonas depois da Segunda Guerra Mundial apelaram \u00e0 criatividade para conseguir fazer as tradicionais receitas de sua rica culin\u00e1ria. Ao chegar em um local estranho e distante da terra natal, substitu\u00edram a soja pela mandioca e transformaram o mam\u00e3o em&#8230;<a class=\"more-link\" href=\"http:\/\/blogdalucianaoliveira.com.br\/blog\/2018\/03\/17\/sushi-de-feijao-e-shoyo-de-tucupi-como-imigrantes-japoneses-recriaram-pratos-tipicos-na-amazonia\/\">Continue a leitura <span class=\"meta-nav\">&raquo;<\/span><\/a><\/p>\n","protected":false},"author":1,"featured_media":0,"comment_status":"closed","ping_status":"open","sticky":false,"template":"","format":"standard","meta":{"_exactmetrics_skip_tracking":false,"_exactmetrics_sitenote_active":false,"_exactmetrics_sitenote_note":"","_exactmetrics_sitenote_category":0,"jetpack_post_was_ever_published":false,"_jetpack_newsletter_access":"","_jetpack_dont_email_post_to_subs":false,"_jetpack_newsletter_tier_id":0,"_jetpack_memberships_contains_paywalled_content":false,"_jetpack_memberships_contains_paid_content":false,"footnotes":"","jetpack_publicize_message":"","jetpack_publicize_feature_enabled":true,"jetpack_social_post_already_shared":true,"jetpack_social_options":{"image_generator_settings":{"template":"highway","enabled":false},"version":2}},"categories":[1],"tags":[],"class_list":["post-17070","post","type-post","status-publish","format-standard","hentry","category-notas"],"jetpack_publicize_connections":[],"jetpack_sharing_enabled":true,"jetpack_featured_media_url":"","jetpack_shortlink":"https:\/\/wp.me\/p7wKYW-4rk","jetpack-related-posts":[],"_links":{"self":[{"href":"http:\/\/blogdalucianaoliveira.com.br\/blog\/wp-json\/wp\/v2\/posts\/17070","targetHints":{"allow":["GET"]}}],"collection":[{"href":"http:\/\/blogdalucianaoliveira.com.br\/blog\/wp-json\/wp\/v2\/posts"}],"about":[{"href":"http:\/\/blogdalucianaoliveira.com.br\/blog\/wp-json\/wp\/v2\/types\/post"}],"author":[{"embeddable":true,"href":"http:\/\/blogdalucianaoliveira.com.br\/blog\/wp-json\/wp\/v2\/users\/1"}],"replies":[{"embeddable":true,"href":"http:\/\/blogdalucianaoliveira.com.br\/blog\/wp-json\/wp\/v2\/comments?post=17070"}],"version-history":[{"count":1,"href":"http:\/\/blogdalucianaoliveira.com.br\/blog\/wp-json\/wp\/v2\/posts\/17070\/revisions"}],"predecessor-version":[{"id":17073,"href":"http:\/\/blogdalucianaoliveira.com.br\/blog\/wp-json\/wp\/v2\/posts\/17070\/revisions\/17073"}],"wp:attachment":[{"href":"http:\/\/blogdalucianaoliveira.com.br\/blog\/wp-json\/wp\/v2\/media?parent=17070"}],"wp:term":[{"taxonomy":"category","embeddable":true,"href":"http:\/\/blogdalucianaoliveira.com.br\/blog\/wp-json\/wp\/v2\/categories?post=17070"},{"taxonomy":"post_tag","embeddable":true,"href":"http:\/\/blogdalucianaoliveira.com.br\/blog\/wp-json\/wp\/v2\/tags?post=17070"}],"curies":[{"name":"wp","href":"https:\/\/api.w.org\/{rel}","templated":true}]}}