{"id":17074,"date":"2018-03-17T19:32:05","date_gmt":"2018-03-17T23:32:05","guid":{"rendered":"http:\/\/blogdalucianaoliveira.com.br\/blog\/?p=17074"},"modified":"2018-03-17T19:33:28","modified_gmt":"2018-03-17T23:33:28","slug":"direita-tenta-matar-marielle-pela-2a-vez","status":"publish","type":"post","link":"http:\/\/blogdalucianaoliveira.com.br\/blog\/2018\/03\/17\/direita-tenta-matar-marielle-pela-2a-vez\/","title":{"rendered":"Direita tenta matar Marielle pela 2\u00aa vez"},"content":{"rendered":"<p><img data-recalc-dims=\"1\" loading=\"lazy\" decoding=\"async\" data-attachment-id=\"17050\" data-permalink=\"http:\/\/blogdalucianaoliveira.com.br\/blog\/?attachment_id=17050\" data-orig-file=\"https:\/\/i0.wp.com\/blogdalucianaoliveira.com.br\/blog\/wp-content\/uploads\/2018\/03\/mari.jpg?fit=660%2C371\" data-orig-size=\"660,371\" data-comments-opened=\"0\" data-image-meta=\"{&quot;aperture&quot;:&quot;0&quot;,&quot;credit&quot;:&quot;&quot;,&quot;camera&quot;:&quot;&quot;,&quot;caption&quot;:&quot;&quot;,&quot;created_timestamp&quot;:&quot;0&quot;,&quot;copyright&quot;:&quot;&quot;,&quot;focal_length&quot;:&quot;0&quot;,&quot;iso&quot;:&quot;0&quot;,&quot;shutter_speed&quot;:&quot;0&quot;,&quot;title&quot;:&quot;&quot;,&quot;orientation&quot;:&quot;0&quot;}\" data-image-title=\"mari\" data-image-description=\"\" data-image-caption=\"\" data-medium-file=\"https:\/\/i0.wp.com\/blogdalucianaoliveira.com.br\/blog\/wp-content\/uploads\/2018\/03\/mari.jpg?fit=300%2C169\" data-large-file=\"https:\/\/i0.wp.com\/blogdalucianaoliveira.com.br\/blog\/wp-content\/uploads\/2018\/03\/mari.jpg?fit=600%2C337\" class=\"alignnone size-full wp-image-17050\" src=\"https:\/\/i0.wp.com\/blogdalucianaoliveira.com.br\/blog\/wp-content\/uploads\/2018\/03\/mari.jpg?resize=600%2C337\" alt=\"mari\" width=\"600\" height=\"337\" srcset=\"https:\/\/i0.wp.com\/blogdalucianaoliveira.com.br\/blog\/wp-content\/uploads\/2018\/03\/mari.jpg?w=660 660w, https:\/\/i0.wp.com\/blogdalucianaoliveira.com.br\/blog\/wp-content\/uploads\/2018\/03\/mari.jpg?resize=300%2C169 300w, https:\/\/i0.wp.com\/blogdalucianaoliveira.com.br\/blog\/wp-content\/uploads\/2018\/03\/mari.jpg?resize=534%2C300 534w\" sizes=\"auto, (max-width: 600px) 100vw, 600px\" \/><\/p>\n<p>Blog da Cidadania, por Eduardo Guimar\u00e3es &#8211; N\u00e3o h\u00e1 d\u00favida de que a extrema-direita assassinou a vereadora carioca pelo PSOL Marielle Franco. Al\u00e9m de suas cr\u00edticas \u00e0 interven\u00e7\u00e3o no Rio incomodar os militares, foi executada com 4 tiros na cabe\u00e7a e nada foi roubado. Mas a extrema-direita n\u00e3o est\u00e1 satisfeita; tamb\u00e9m quer assassinar a reputa\u00e7\u00e3o daquela de quem tirou a vida.<!--more--><\/p>\n<p>O assassinato de Marielle caiu como uma bomba na imprensa internacional.<\/p>\n<p><img data-recalc-dims=\"1\" loading=\"lazy\" decoding=\"async\" data-attachment-id=\"29949\" data-permalink=\"http:\/\/blogdalucianaoliveira.com.br\/blog\/2020\/11\/07\/joe-biden-vence-na-pensilvania-e-e-eleito-presidente-dos-estados-unidos\/33b10454-57eb-4b2c-94a3-e2bed44ceba6\/\" data-orig-file=\"https:\/\/i0.wp.com\/blogdalucianaoliveira.com.br\/blog\/wp-content\/uploads\/2020\/11\/33B10454-57EB-4B2C-94A3-E2BED44CEBA6.jpeg?fit=320%2C261\" data-orig-size=\"320,261\" data-comments-opened=\"0\" data-image-meta=\"{&quot;aperture&quot;:&quot;0&quot;,&quot;credit&quot;:&quot;&quot;,&quot;camera&quot;:&quot;&quot;,&quot;caption&quot;:&quot;&quot;,&quot;created_timestamp&quot;:&quot;0&quot;,&quot;copyright&quot;:&quot;&quot;,&quot;focal_length&quot;:&quot;0&quot;,&quot;iso&quot;:&quot;0&quot;,&quot;shutter_speed&quot;:&quot;0&quot;,&quot;title&quot;:&quot;&quot;,&quot;orientation&quot;:&quot;1&quot;}\" data-image-title=\"33B10454-57EB-4B2C-94A3-E2BED44CEBA6\" data-image-description=\"\" data-image-caption=\"\" data-medium-file=\"https:\/\/i0.wp.com\/blogdalucianaoliveira.com.br\/blog\/wp-content\/uploads\/2020\/11\/33B10454-57EB-4B2C-94A3-E2BED44CEBA6.jpeg?fit=300%2C245\" data-large-file=\"https:\/\/i0.wp.com\/blogdalucianaoliveira.com.br\/blog\/wp-content\/uploads\/2020\/11\/33B10454-57EB-4B2C-94A3-E2BED44CEBA6.jpeg?fit=320%2C261\" class=\"alignnone size-full wp-image-29949 aligncenter\" src=\"https:\/\/i0.wp.com\/blogdacidadania.com.br\/wp-content\/uploads\/2018\/03\/RFI.jpg?resize=528%2C450&#038;ssl=1\" sizes=\"auto, (max-width: 528px) 100vw, 528px\" srcset=\"https:\/\/blogdacidadania.com.br\/wp-content\/uploads\/2018\/03\/RFI.jpg 528w, https:\/\/blogdacidadania.com.br\/wp-content\/uploads\/2018\/03\/RFI-300x256.jpg 300w, https:\/\/blogdacidadania.com.br\/wp-content\/uploads\/2018\/03\/RFI-435x371.jpg 435w\" alt=\"\" width=\"528\" height=\"450\" \/><\/p>\n<p>New York Times lembrou que o Rio de Janeiro est\u00e1 sob o comando dos militares e ressaltou que Marielle n\u00e3o poupava cr\u00edticas \u00e0 viol\u00eancia policial da interven\u00e7\u00e3o.<\/p>\n<p><img data-recalc-dims=\"1\" loading=\"lazy\" decoding=\"async\" class=\"alignnone size-full wp-image-29950\" src=\"https:\/\/i0.wp.com\/blogdacidadania.com.br\/wp-content\/uploads\/2018\/03\/NYT.jpg?resize=600%2C376&#038;ssl=1\" sizes=\"auto, (max-width: 1000px) 100vw, 1000px\" srcset=\"https:\/\/blogdacidadania.com.br\/wp-content\/uploads\/2018\/03\/NYT.jpg 1000w, https:\/\/blogdacidadania.com.br\/wp-content\/uploads\/2018\/03\/NYT-300x188.jpg 300w, https:\/\/blogdacidadania.com.br\/wp-content\/uploads\/2018\/03\/NYT-768x481.jpg 768w, https:\/\/blogdacidadania.com.br\/wp-content\/uploads\/2018\/03\/NYT-730x457.jpg 730w, https:\/\/blogdacidadania.com.br\/wp-content\/uploads\/2018\/03\/NYT-435x272.jpg 435w\" alt=\"\" width=\"600\" height=\"376\" \/><\/p>\n<p>Outro di\u00e1rio norte-americano, The Washington Post, tamb\u00e9m abordou a quest\u00e3o pelo mesmo vi\u00e9s.<\/p>\n<p><img data-recalc-dims=\"1\" loading=\"lazy\" decoding=\"async\" class=\"alignnone size-full wp-image-29951\" src=\"https:\/\/i0.wp.com\/blogdacidadania.com.br\/wp-content\/uploads\/2018\/03\/washington-post.jpg?resize=600%2C376&#038;ssl=1\" sizes=\"auto, (max-width: 1000px) 100vw, 1000px\" srcset=\"https:\/\/blogdacidadania.com.br\/wp-content\/uploads\/2018\/03\/washington-post.jpg 1000w, https:\/\/blogdacidadania.com.br\/wp-content\/uploads\/2018\/03\/washington-post-300x188.jpg 300w, https:\/\/blogdacidadania.com.br\/wp-content\/uploads\/2018\/03\/washington-post-768x481.jpg 768w, https:\/\/blogdacidadania.com.br\/wp-content\/uploads\/2018\/03\/washington-post-730x457.jpg 730w, https:\/\/blogdacidadania.com.br\/wp-content\/uploads\/2018\/03\/washington-post-435x272.jpg 435w\" alt=\"\" width=\"600\" height=\"376\" \/><\/p>\n<p>O jornal Brit\u00e2nico The Guardian tamb\u00e9m lembrou que Marielle havia criticado a pol\u00edcia militar por ser agressiva em suas a\u00e7\u00f5es nas favelas do Rio.<\/p>\n<p><img data-recalc-dims=\"1\" loading=\"lazy\" decoding=\"async\" class=\"alignnone size-full wp-image-29952\" src=\"https:\/\/i0.wp.com\/blogdacidadania.com.br\/wp-content\/uploads\/2018\/03\/the-guardian1.jpg?resize=600%2C346&#038;ssl=1\" sizes=\"auto, (max-width: 1000px) 100vw, 1000px\" srcset=\"https:\/\/blogdacidadania.com.br\/wp-content\/uploads\/2018\/03\/the-guardian1.jpg 1000w, https:\/\/blogdacidadania.com.br\/wp-content\/uploads\/2018\/03\/the-guardian1-300x173.jpg 300w, https:\/\/blogdacidadania.com.br\/wp-content\/uploads\/2018\/03\/the-guardian1-768x442.jpg 768w, https:\/\/blogdacidadania.com.br\/wp-content\/uploads\/2018\/03\/the-guardian1-730x420.jpg 730w, https:\/\/blogdacidadania.com.br\/wp-content\/uploads\/2018\/03\/the-guardian1-435x251.jpg 435w\" alt=\"\" width=\"600\" height=\"346\" \/><\/p>\n<p>O jornal franc\u00eas Le Figaro abordou a quest\u00e3o registrando que Marielle denunciava o genoc\u00eddio dos negros no Brasil pela pol\u00edcia militarizada.<\/p>\n<p><img data-recalc-dims=\"1\" loading=\"lazy\" decoding=\"async\" data-attachment-id=\"29953\" data-permalink=\"http:\/\/blogdalucianaoliveira.com.br\/blog\/2020\/11\/08\/o-recado-do-funk-ao-bolsonarismo-a-massa-funkeira-nao-vai-deixar-de-ir-ao-baile\/image-6-16\/\" data-orig-file=\"https:\/\/i0.wp.com\/blogdalucianaoliveira.com.br\/blog\/wp-content\/uploads\/2020\/11\/image-6.jpeg?fit=800%2C533\" data-orig-size=\"800,533\" data-comments-opened=\"0\" data-image-meta=\"{&quot;aperture&quot;:&quot;0&quot;,&quot;credit&quot;:&quot;&quot;,&quot;camera&quot;:&quot;&quot;,&quot;caption&quot;:&quot;&quot;,&quot;created_timestamp&quot;:&quot;0&quot;,&quot;copyright&quot;:&quot;&quot;,&quot;focal_length&quot;:&quot;0&quot;,&quot;iso&quot;:&quot;0&quot;,&quot;shutter_speed&quot;:&quot;0&quot;,&quot;title&quot;:&quot;&quot;,&quot;orientation&quot;:&quot;0&quot;}\" data-image-title=\"image-6\" data-image-description=\"\" data-image-caption=\"\" data-medium-file=\"https:\/\/i0.wp.com\/blogdalucianaoliveira.com.br\/blog\/wp-content\/uploads\/2020\/11\/image-6.jpeg?fit=300%2C200\" data-large-file=\"https:\/\/i0.wp.com\/blogdalucianaoliveira.com.br\/blog\/wp-content\/uploads\/2020\/11\/image-6.jpeg?fit=600%2C400\" class=\"alignnone size-full wp-image-29953 aligncenter\" src=\"https:\/\/i0.wp.com\/blogdacidadania.com.br\/wp-content\/uploads\/2018\/03\/le-figaro.jpg?resize=554%2C356&#038;ssl=1\" sizes=\"auto, (max-width: 554px) 100vw, 554px\" srcset=\"https:\/\/blogdacidadania.com.br\/wp-content\/uploads\/2018\/03\/le-figaro.jpg 554w, https:\/\/blogdacidadania.com.br\/wp-content\/uploads\/2018\/03\/le-figaro-300x193.jpg 300w, https:\/\/blogdacidadania.com.br\/wp-content\/uploads\/2018\/03\/le-figaro-435x280.jpg 435w\" alt=\"\" width=\"554\" height=\"356\" \/><\/p>\n<p>J\u00e1 o jornal espanhol El Pa\u00eds foi mais longe. Al\u00e9m de registrar a prov\u00e1vel causa da morte da vereadora carioca (cr\u00edticas aos militares), deu enorme espa\u00e7o \u00e0 foto dela na sua primeira p\u00e1gina.<\/p>\n<p><img data-recalc-dims=\"1\" loading=\"lazy\" decoding=\"async\" class=\"alignnone size-full wp-image-29954\" src=\"https:\/\/i0.wp.com\/blogdacidadania.com.br\/wp-content\/uploads\/2018\/03\/el-pa%25C3%25ADs-1.jpg?resize=600%2C336&#038;ssl=1\" sizes=\"auto, (max-width: 750px) 100vw, 750px\" srcset=\"https:\/\/blogdacidadania.com.br\/wp-content\/uploads\/2018\/03\/el-pa\u00eds-1.jpg 750w, https:\/\/blogdacidadania.com.br\/wp-content\/uploads\/2018\/03\/el-pa\u00eds-1-300x168.jpg 300w, https:\/\/blogdacidadania.com.br\/wp-content\/uploads\/2018\/03\/el-pa\u00eds-1-730x409.jpg 730w, https:\/\/blogdacidadania.com.br\/wp-content\/uploads\/2018\/03\/el-pa\u00eds-1-435x244.jpg 435w\" alt=\"\" width=\"600\" height=\"336\" \/><\/p>\n<p>\u00c9 de se imaginar que ningu\u00e9m s\u00e3o, nesse momento, atacaria uma mulher que morreu de forma t\u00e3o heroica, defendendo seus ideais, expondo-se ao risco de criticar as for\u00e7as de ocupa\u00e7\u00e3o da cidade pela qual lutava no Legislativo municipal. \u00a0Engana-se quem aposta tanto na humanidade das pessoas.<\/p>\n<p>Talvez o caso mais impressionante de falta de car\u00e1ter, de verdadeira bestialidade, seja do deputado corrupto Alberto Fraga, do DEM do Distrito Federal. Ele acusou a soci\u00f3loga Marielle Franco, vereadora do munic\u00edpio do Rio de Janeiro, de ser ex-mulher de traficante, de ser \u201cus\u00e1ria de maconha\u201d, \u201cdefensora de fac\u00e7\u00e3o criminosa\u201d e de ter sido eleita pela organiza\u00e7\u00e3o criminosa \u201ccomando vermelho\u201d.<\/p>\n<p><img data-recalc-dims=\"1\" loading=\"lazy\" decoding=\"async\" class=\"alignnone size-full wp-image-29955 aligncenter\" src=\"https:\/\/i0.wp.com\/blogdacidadania.com.br\/wp-content\/uploads\/2018\/03\/alberto-fraga.png?resize=598%2C328&#038;ssl=1\" sizes=\"auto, (max-width: 598px) 100vw, 598px\" srcset=\"https:\/\/blogdacidadania.com.br\/wp-content\/uploads\/2018\/03\/alberto-fraga.png 598w, https:\/\/blogdacidadania.com.br\/wp-content\/uploads\/2018\/03\/alberto-fraga-300x165.png 300w, https:\/\/blogdacidadania.com.br\/wp-content\/uploads\/2018\/03\/alberto-fraga-435x239.png 435w\" alt=\"\" width=\"598\" height=\"328\" \/><\/p>\n<p>Ah, sim, e esse indiv\u00edduo tamb\u00e9m acusou a mo\u00e7a de ter \u201cengravidado aos 16 anos\u201d, como se isso fosse crime \u2013 caso fosse verdade.<\/p>\n<p>A verdade \u00e9 que Marielle foi m\u00e3e aos 19 anos e n\u00e3o aos 16, e o texto divulgado pelo deputado Alberto Fraga n\u00e3o especifica a qual \u201cMarcinho VP\u201d ele afirma ser \u201cex-marido\u201d da soci\u00f3loga carioca assassinada, pois h\u00e1 dois traficantes no Rio com esse mesmo nome.<\/p>\n<p>Por\u00e9m, um deles est\u00e1 preso desde 1997 e o outro sempre viveu bem longe da comunidade pobre em que Marielle nasceu e cresceu.<\/p>\n<p>Montes de sites especializados em desmontar fake news provaram que tudo que o deputado escreveu era mentira.<\/p>\n<p><img data-recalc-dims=\"1\" loading=\"lazy\" decoding=\"async\" class=\"alignnone size-full wp-image-29956\" src=\"https:\/\/i0.wp.com\/blogdacidadania.com.br\/wp-content\/uploads\/2018\/03\/fake-news.jpg?resize=600%2C568&#038;ssl=1\" sizes=\"auto, (max-width: 666px) 100vw, 666px\" srcset=\"https:\/\/blogdacidadania.com.br\/wp-content\/uploads\/2018\/03\/fake-news.jpg 666w, https:\/\/blogdacidadania.com.br\/wp-content\/uploads\/2018\/03\/fake-news-300x284.jpg 300w, https:\/\/blogdacidadania.com.br\/wp-content\/uploads\/2018\/03\/fake-news-435x411.jpg 435w\" alt=\"\" width=\"600\" height=\"568\" \/><\/p>\n<p>Isso, por\u00e9m, n\u00e3o impediu que uma DE-SEM-BAR-GA-DO-RA, uma ju\u00edza de inst\u00e2ncia superior!, disseminasse mentiras sobre uma pessoa que foi assassinada de forma brutal e que n\u00e3o est\u00e1 mais aqui para se defender.<\/p>\n<p><img data-recalc-dims=\"1\" loading=\"lazy\" decoding=\"async\" data-attachment-id=\"29957\" data-permalink=\"http:\/\/blogdalucianaoliveira.com.br\/blog\/2020\/11\/08\/apos-cinco-dias-de-apagao-o-que-esta-acontecendo-no-amapa\/ca2733d4-73f8-4436-a685-35758851f185\/\" data-orig-file=\"https:\/\/i0.wp.com\/blogdalucianaoliveira.com.br\/blog\/wp-content\/uploads\/2020\/11\/CA2733D4-73F8-4436-A685-35758851F185.jpeg?fit=648%2C371\" data-orig-size=\"648,371\" data-comments-opened=\"0\" data-image-meta=\"{&quot;aperture&quot;:&quot;0&quot;,&quot;credit&quot;:&quot;&quot;,&quot;camera&quot;:&quot;&quot;,&quot;caption&quot;:&quot;&quot;,&quot;created_timestamp&quot;:&quot;0&quot;,&quot;copyright&quot;:&quot;&quot;,&quot;focal_length&quot;:&quot;0&quot;,&quot;iso&quot;:&quot;0&quot;,&quot;shutter_speed&quot;:&quot;0&quot;,&quot;title&quot;:&quot;&quot;,&quot;orientation&quot;:&quot;1&quot;}\" data-image-title=\"CA2733D4-73F8-4436-A685-35758851F185\" data-image-description=\"\" data-image-caption=\"\" data-medium-file=\"https:\/\/i0.wp.com\/blogdalucianaoliveira.com.br\/blog\/wp-content\/uploads\/2020\/11\/CA2733D4-73F8-4436-A685-35758851F185.jpeg?fit=300%2C172\" data-large-file=\"https:\/\/i0.wp.com\/blogdalucianaoliveira.com.br\/blog\/wp-content\/uploads\/2020\/11\/CA2733D4-73F8-4436-A685-35758851F185.jpeg?fit=600%2C344\" class=\"alignnone size-full wp-image-29957\" src=\"https:\/\/i0.wp.com\/blogdacidadania.com.br\/wp-content\/uploads\/2018\/03\/desembargadora.jpg?resize=600%2C450&#038;ssl=1\" sizes=\"auto, (max-width: 720px) 100vw, 720px\" srcset=\"https:\/\/blogdacidadania.com.br\/wp-content\/uploads\/2018\/03\/desembargadora.jpg 720w, https:\/\/blogdacidadania.com.br\/wp-content\/uploads\/2018\/03\/desembargadora-300x225.jpg 300w, https:\/\/blogdacidadania.com.br\/wp-content\/uploads\/2018\/03\/desembargadora-435x326.jpg 435w, https:\/\/blogdacidadania.com.br\/wp-content\/uploads\/2018\/03\/desembargadora-80x60.jpg 80w\" alt=\"\" width=\"600\" height=\"450\" \/><\/p>\n<p>J\u00e1 o site Antagonista, pilotado por canalhas entre os maiores que j\u00e1 vi na vida, no momento em que essa mo\u00e7a foi assassinada da forma que foi, achou relevante ir verificar a composi\u00e7\u00e3o dos votos com os quais tornou-se a quinta pessoa mais votada para a C\u00e2mara de Vereadores do Rio e, agora, afirma que ela n\u00e3o foi eleita s\u00f3 pelas favelas do Rio, que teve muitos votos nos bairros da zona sul da cidade, como no Leblon\u2026<\/p>\n<p><img data-recalc-dims=\"1\" loading=\"lazy\" decoding=\"async\" class=\"alignnone size-full wp-image-29958\" src=\"https:\/\/i0.wp.com\/blogdacidadania.com.br\/wp-content\/uploads\/2018\/03\/antagonista.jpg-.jpg?resize=600%2C336&#038;ssl=1\" sizes=\"auto, (max-width: 750px) 100vw, 750px\" srcset=\"https:\/\/blogdacidadania.com.br\/wp-content\/uploads\/2018\/03\/antagonista.jpg-.jpg 750w, https:\/\/blogdacidadania.com.br\/wp-content\/uploads\/2018\/03\/antagonista.jpg--300x168.jpg 300w, https:\/\/blogdacidadania.com.br\/wp-content\/uploads\/2018\/03\/antagonista.jpg--730x409.jpg 730w, https:\/\/blogdacidadania.com.br\/wp-content\/uploads\/2018\/03\/antagonista.jpg--435x244.jpg 435w\" alt=\"\" width=\"600\" height=\"336\" \/><\/p>\n<p>O mais impressionante \u00e9 que esses sujeitos n\u00e3o foram capazes de refletir que, se ela trabalhava intensamente pelas favelas a ponto de ser morta por criticar a viol\u00eancia contra os moradores dessas comunidades e n\u00e3o foi l\u00e1 que obteve mais votos, isso s\u00f3 engrandece o seu trabalho, pois mostra que foi desinteressado, feito s\u00f3 pensando em ajudar quem precisa.<\/p>\n<p>Enfim, a pergunta \u00e9: por que a direita est\u00e1 atacando tanto a mem\u00f3ria dessa mulher valorosa, que lutou tanto e venceu na vida por m\u00e9ritos pr\u00f3prios sem esquecer daqueles com os quais conviveu nos tempos de dificuldade?<\/p>\n<p>\u00c9 simples: a direita quer completar o servi\u00e7o. \u201cApenas\u201d tirar a vida de uma pessoa n\u00e3o basta, \u00e9 preciso tirar sua honra, sua reputa\u00e7\u00e3o.<\/p>\n<p>Fizeram tanto isso durante a ditadura militar\u2026<\/p>\n<p>Mas est\u00e3o perdendo tempo. Esse crime chocou o pa\u00eds e o mundo. Prejudicou muito as candidaturas de direita. Ali\u00e1s, o sil\u00eancio de Bolsonaro, neste momento, foi bastante eloquente. Mostra que ficou intimidado, que teve medo de falar as atrocidades que est\u00e1 pensando.<\/p>\n<p>Inclusive, um amigo cunhou uma excelente frase sobre o sil\u00eancio desse sujeito:<\/p>\n<p>\u201cBolsonaro n\u00e3o diz o que pensa sobre Marielle porque o que pensa, n\u00e3o se diz\u201d.<\/p>\n<p>Ponto.<\/p>\n<p>Assista, a seguir, \u00e0 reportagem em v\u00eddeo.<\/p>\n<div class=\"fluid-width-video-wrapper\"><iframe loading=\"lazy\" id=\"fitvid0\" src=\"https:\/\/www.youtube.com\/embed\/ke_sC9VyKUs\" width=\"300\" height=\"150\" frameborder=\"0\" allowfullscreen=\"allowfullscreen\" data-mce-fragment=\"1\"><\/iframe><\/div>\n<div class=\"addtoany_share_save_container addtoany_content addtoany_content_bottom\">\n<div class=\"a2a_kit a2a_kit_size_32 addtoany_list\" data-a2a-url=\"https:\/\/blogdacidadania.com.br\/2018\/03\/direita-tenta-matar-marielle-pela-2a-vez\/\" data-a2a-title=\"Direita tenta matar Marielle pela 2\u00aa vez\"><a class=\"a2a_button_facebook\" title=\"Facebook\" href=\"https:\/\/blogdacidadania.com.br\/#facebook\" target=\"_blank\" rel=\"nofollow noopener\"><span class=\"a2a_label\">Facebook<\/span><\/a><a class=\"a2a_button_twitter\" title=\"Twitter\" href=\"https:\/\/blogdacidadania.com.br\/#twitter\" target=\"_blank\" rel=\"nofollow noopener\"><span class=\"a2a_label\">Twitter<\/span><\/a><a class=\"a2a_button_google_plus\" title=\"Google+\" href=\"https:\/\/blogdacidadania.com.br\/#google_plus\" target=\"_blank\" rel=\"nofollow noopener\"><span class=\"a2a_label\">Google+<\/span><\/a><\/div>\n<\/div>\n","protected":false},"excerpt":{"rendered":"<p>Blog da Cidadania, por Eduardo Guimar\u00e3es &#8211; N\u00e3o h\u00e1 d\u00favida de que a extrema-direita assassinou a vereadora carioca pelo PSOL Marielle Franco. Al\u00e9m de suas cr\u00edticas \u00e0 interven\u00e7\u00e3o no Rio incomodar os militares, foi executada com 4 tiros na cabe\u00e7a e nada foi roubado. Mas a extrema-direita n\u00e3o est\u00e1 satisfeita; tamb\u00e9m quer assassinar a reputa\u00e7\u00e3o&#8230;<a class=\"more-link\" href=\"http:\/\/blogdalucianaoliveira.com.br\/blog\/2018\/03\/17\/direita-tenta-matar-marielle-pela-2a-vez\/\">Continue a leitura <span class=\"meta-nav\">&raquo;<\/span><\/a><\/p>\n","protected":false},"author":1,"featured_media":17050,"comment_status":"closed","ping_status":"open","sticky":false,"template":"","format":"standard","meta":{"_exactmetrics_skip_tracking":false,"_exactmetrics_sitenote_active":false,"_exactmetrics_sitenote_note":"","_exactmetrics_sitenote_category":0,"jetpack_post_was_ever_published":false,"_jetpack_newsletter_access":"","_jetpack_dont_email_post_to_subs":false,"_jetpack_newsletter_tier_id":0,"_jetpack_memberships_contains_paywalled_content":false,"_jetpack_memberships_contains_paid_content":false,"footnotes":"","jetpack_publicize_message":"","jetpack_publicize_feature_enabled":true,"jetpack_social_post_already_shared":true,"jetpack_social_options":{"image_generator_settings":{"template":"highway","enabled":false},"version":2}},"categories":[1],"tags":[],"class_list":["post-17074","post","type-post","status-publish","format-standard","has-post-thumbnail","hentry","category-notas"],"jetpack_publicize_connections":[],"jetpack_sharing_enabled":true,"jetpack_featured_media_url":"https:\/\/i0.wp.com\/blogdalucianaoliveira.com.br\/blog\/wp-content\/uploads\/2018\/03\/mari.jpg?fit=660%2C371","jetpack_shortlink":"https:\/\/wp.me\/p7wKYW-4ro","jetpack-related-posts":[],"_links":{"self":[{"href":"http:\/\/blogdalucianaoliveira.com.br\/blog\/wp-json\/wp\/v2\/posts\/17074","targetHints":{"allow":["GET"]}}],"collection":[{"href":"http:\/\/blogdalucianaoliveira.com.br\/blog\/wp-json\/wp\/v2\/posts"}],"about":[{"href":"http:\/\/blogdalucianaoliveira.com.br\/blog\/wp-json\/wp\/v2\/types\/post"}],"author":[{"embeddable":true,"href":"http:\/\/blogdalucianaoliveira.com.br\/blog\/wp-json\/wp\/v2\/users\/1"}],"replies":[{"embeddable":true,"href":"http:\/\/blogdalucianaoliveira.com.br\/blog\/wp-json\/wp\/v2\/comments?post=17074"}],"version-history":[{"count":2,"href":"http:\/\/blogdalucianaoliveira.com.br\/blog\/wp-json\/wp\/v2\/posts\/17074\/revisions"}],"predecessor-version":[{"id":17076,"href":"http:\/\/blogdalucianaoliveira.com.br\/blog\/wp-json\/wp\/v2\/posts\/17074\/revisions\/17076"}],"wp:featuredmedia":[{"embeddable":true,"href":"http:\/\/blogdalucianaoliveira.com.br\/blog\/wp-json\/wp\/v2\/media\/17050"}],"wp:attachment":[{"href":"http:\/\/blogdalucianaoliveira.com.br\/blog\/wp-json\/wp\/v2\/media?parent=17074"}],"wp:term":[{"taxonomy":"category","embeddable":true,"href":"http:\/\/blogdalucianaoliveira.com.br\/blog\/wp-json\/wp\/v2\/categories?post=17074"},{"taxonomy":"post_tag","embeddable":true,"href":"http:\/\/blogdalucianaoliveira.com.br\/blog\/wp-json\/wp\/v2\/tags?post=17074"}],"curies":[{"name":"wp","href":"https:\/\/api.w.org\/{rel}","templated":true}]}}