{"id":17081,"date":"2018-03-19T09:29:21","date_gmt":"2018-03-19T13:29:21","guid":{"rendered":"http:\/\/blogdalucianaoliveira.com.br\/blog\/?p=17081"},"modified":"2018-03-19T09:31:04","modified_gmt":"2018-03-19T13:31:04","slug":"cnj-precisa-punir-desembargadora-que-difamou-marielle","status":"publish","type":"post","link":"http:\/\/blogdalucianaoliveira.com.br\/blog\/2018\/03\/19\/cnj-precisa-punir-desembargadora-que-difamou-marielle\/","title":{"rendered":"CNJ precisa punir desembargadora que difamou Marielle"},"content":{"rendered":"<p><img data-recalc-dims=\"1\" loading=\"lazy\" decoding=\"async\" data-attachment-id=\"17082\" data-permalink=\"http:\/\/blogdalucianaoliveira.com.br\/blog\/2018\/03\/19\/cnj-precisa-punir-desembargadora-que-difamou-marielle\/va-2\/\" data-orig-file=\"https:\/\/i0.wp.com\/blogdalucianaoliveira.com.br\/blog\/wp-content\/uploads\/2018\/03\/va.jpg?fit=1300%2C723\" data-orig-size=\"1300,723\" data-comments-opened=\"0\" data-image-meta=\"{&quot;aperture&quot;:&quot;0&quot;,&quot;credit&quot;:&quot;&quot;,&quot;camera&quot;:&quot;&quot;,&quot;caption&quot;:&quot;&quot;,&quot;created_timestamp&quot;:&quot;0&quot;,&quot;copyright&quot;:&quot;&quot;,&quot;focal_length&quot;:&quot;0&quot;,&quot;iso&quot;:&quot;0&quot;,&quot;shutter_speed&quot;:&quot;0&quot;,&quot;title&quot;:&quot;&quot;,&quot;orientation&quot;:&quot;0&quot;}\" data-image-title=\"va\" data-image-description=\"\" data-image-caption=\"\" data-medium-file=\"https:\/\/i0.wp.com\/blogdalucianaoliveira.com.br\/blog\/wp-content\/uploads\/2018\/03\/va.jpg?fit=300%2C167\" data-large-file=\"https:\/\/i0.wp.com\/blogdalucianaoliveira.com.br\/blog\/wp-content\/uploads\/2018\/03\/va.jpg?fit=600%2C334\" class=\"alignnone size-full wp-image-17082\" src=\"https:\/\/i0.wp.com\/blogdalucianaoliveira.com.br\/blog\/wp-content\/uploads\/2018\/03\/va.jpg?resize=600%2C334\" alt=\"va\" width=\"600\" height=\"334\" srcset=\"https:\/\/i0.wp.com\/blogdalucianaoliveira.com.br\/blog\/wp-content\/uploads\/2018\/03\/va.jpg?w=1300 1300w, https:\/\/i0.wp.com\/blogdalucianaoliveira.com.br\/blog\/wp-content\/uploads\/2018\/03\/va.jpg?resize=300%2C167 300w, https:\/\/i0.wp.com\/blogdalucianaoliveira.com.br\/blog\/wp-content\/uploads\/2018\/03\/va.jpg?resize=768%2C427 768w, https:\/\/i0.wp.com\/blogdalucianaoliveira.com.br\/blog\/wp-content\/uploads\/2018\/03\/va.jpg?resize=1024%2C570 1024w, https:\/\/i0.wp.com\/blogdalucianaoliveira.com.br\/blog\/wp-content\/uploads\/2018\/03\/va.jpg?resize=539%2C300 539w, https:\/\/i0.wp.com\/blogdalucianaoliveira.com.br\/blog\/wp-content\/uploads\/2018\/03\/va.jpg?w=1200 1200w\" sizes=\"auto, (max-width: 600px) 100vw, 600px\" \/><\/p>\n<p>De Londres, por Kennedy Alencar &#8211; No s\u00e1bado, o PSOL anunciou que levaria ao CNJ (Conselho Nacional de Justi\u00e7a) uma representa\u00e7\u00e3o contra a desembargadora do Tribunal de Justi\u00e7a do Rio Marilia Castro Neves, que divulgou em rede social mentiras a respeito da vereadora Marielle Franco, assassinada na noite da \u00faltima quarta-feira no Rio de Janeiro.<!--more--><\/p>\n<p>A decis\u00e3o do PSOL \u00e9 correta. Deve ser apoiada. \u00c9 muito grave que qualquer pessoa difame algu\u00e9m nas redes sociais. Em se tratando de uma desembargadora, \u00e9 muito mais grave, porque a manifesta\u00e7\u00e3o tem o peso da autoridade conferida a ela, uma magistrada da segunda inst\u00e2ncia da justi\u00e7a estadual do Rio.<\/p>\n<p>A autoridade de desembargadora d\u00e1 um ar de veracidade a uma mentira. No caso, a uma tentativa de assassinar a reputa\u00e7\u00e3o de Marielle Franco, uma cruel segunda morte da vereadora do PSOL.<\/p>\n<p>O CNJ deveria tomar uma provid\u00eancia exemplar, porque uma desembargadora capaz de tamanha leviandade \u00e9 um risco para os julgamentos que profere. \u00c9 um risco para a sociedade.<\/p>\n<p>Mas \u00e9 dif\u00edcil punir juiz no Brasil. O Judici\u00e1rio \u00e9 o mais fechado dos poderes. \u00c9 mais corporativista do que o Executivo e o Legislativo. Esse caso d\u00e1 ao CNJ uma oportunidade de combater maus ju\u00edzes que abusam do imenso poder que possuem.<\/p>\n<p>A manifesta\u00e7\u00e3o da desembargadora contribuiu para divulgar a vers\u00e3o de que haveria seletividade na repercuss\u00e3o do assassinato de Marielle, como se outras mortes que ocorrem por viol\u00eancia urbana fossem menos importantes.<\/p>\n<p>Das mentiras divulgadas, essa \u00e9 a \u00fanica que merece coment\u00e1rio detalhado neste espa\u00e7o. Falar das demais aqui seria dar eco a barbaridades. Todas as mortes na viol\u00eancia urbana que se naturalizou no Brasil devem ser lamentadas, porque isso \u00e9 um atraso civilizat\u00f3rio que atinge a todos os cidad\u00e3os do pa\u00eds.<\/p>\n<p>No entanto, no caso de Marielle, houve um assassinato devido \u00e0s ideias que ela defendia e aos setores sociais pelos quais lutava. Foi um assassinato pol\u00edtico com fortes evid\u00eancias de a\u00e7\u00e3o da banda podre da pol\u00edcia e de seus la\u00e7os com mil\u00edcias no Rio de Janeiro. Aguardemos os resultados da investiga\u00e7\u00e3o.<\/p>\n<p>A defesa dos direitos humanos \u00e9 uma conquista civilizat\u00f3ria. Os pa\u00edses menos violentos s\u00e3o aqueles que mais respeitam a Declara\u00e7\u00e3o Universal dos Direitos Humanos, que \u00e9 de 1948. Isso n\u00e3o \u00e9 coincid\u00eancia. Sociedades que respeitam os direitos humanos s\u00e3o mais pac\u00edficas e civilizadas. A vida e a luta de Marielle devem ser lembradas e honradas porque foram dedicadas a tentar colocar o Brasil no caminho da civiliza\u00e7\u00e3o.<\/p>\n<p>Mesmo que algu\u00e9m discorde das ideias de Marielle, o que \u00e9 um direito democr\u00e1tico, \u00e9 ineg\u00e1vel que ela foi morta justamente por causa dessas ideias. Foi executada por ser quem ela era: uma defensora e um retrato na pol\u00edtica de minorias historicamente massacradas e marginalizadas no Brasil.<\/p>\n<p>Houve um assassinato pol\u00edtico na noite da \u00faltima quarta-feira no Rio. \u00c9 isso o que torna a morte dela mais grave, mais emblem\u00e1tica e justifica a correta repercuss\u00e3o que se v\u00ea no Brasil e no exterior desde ent\u00e3o.<\/p>\n<p>O jornal \u201cThe Guardian\u201d publicou no s\u00e1bado um artigo no qual dizia que as comunidades pobres do Rio choravam a morte de uma campe\u00e3. \u00c9 uma boa imagem enxergar Marielle como campe\u00e3. \u00c9 preciso que a sociedade brasileira derrote os detratores e os assassinos de Marielle, pois eles s\u00e3o representantes da barb\u00e1rie.<\/p>\n<p><strong>*<\/strong><\/p>\n<p><strong>Mais rigor e responsabilidade<\/strong><\/p>\n<p>As redes sociais t\u00eam mecanismos para bloqueio e den\u00fancia de conte\u00fado agressivo e mentiroso propagado por seus usu\u00e1rios. Na pr\u00e1tica, por\u00e9m, h\u00e1 pouco resultado, como estamos vendo no caso de Marielle.<\/p>\n<p>Facebook, Twitter e Google precisam reavaliar os crit\u00e9rios de publica\u00e7\u00e3o e controle desse tipo de material. Esses crit\u00e9rios t\u00eam se mostrado insuficientes. \u00c9 mais f\u00e1cil tirar um perfil da rede social porque postou um nu art\u00edstico do que devido a cal\u00fanias, inj\u00farias e difama\u00e7\u00f5es.<\/p>\n<p>Obviamente, h\u00e1 uma zona cinzenta que dificulta o controle. A liberdade de express\u00e3o \u00e9 um valor civilizat\u00f3rio. No entanto, h\u00e1 casos cristalinos de assassinato de reputa\u00e7\u00e3o que permanecem l\u00e1 nas redes sociais mesmo diante de reclama\u00e7\u00f5es apresentadas a essas empresas.<\/p>\n<p>H\u00e1 quem defenda uma legisla\u00e7\u00e3o mais dura. Cr\u00edticos dizem que isso pode resultar em algum tipo de censura. De fato, \u00e9 um risco. Mas, se essas redes sociais n\u00e3o evitam e n\u00e3o punem as frequentes tentativas de assassinatos de reputa\u00e7\u00e3o no conte\u00fado que divulgam, alguma mudan\u00e7a da legisla\u00e7\u00e3o talvez pudesse ser debatida para dar mais agilidade a uma responsabiliza\u00e7\u00e3o c\u00edvel e penal dos eventuais danos causados.<\/p>\n<p>\u00c9 importante lembrar que o deputado federal Alberto Fraga, do DEM do Distrito Federal, e o MBL (Movimento Brasil Livre) tamb\u00e9m tiveram forte participa\u00e7\u00e3o na tentativa de assassinato de reputa\u00e7\u00e3o de Marielle, propagando nas redes sociais mentiras a respeito dela. O Conselho de \u00c9tica da C\u00e2mara deveria analisar uma puni\u00e7\u00e3o a Fraga.<\/p>\n<p>Em rela\u00e7\u00e3o ao MBL, o PSOL est\u00e1, acertadamente, estudando que a\u00e7\u00f5es na esfera c\u00edvel e penal poderiam ser adotadas. Essas medidas tamb\u00e9m poderiam ser aplicadas em rela\u00e7\u00e3o \u00e0 desembargadora e ao deputado. As empresas donas das redes sociais deveriam analisar por iniciativa pr\u00f3pria puni\u00e7\u00f5es mais \u00e1geis e rigorosas a todos os usu\u00e1rios que propagam \u00f3dio e mentiras na internet.<\/p>\n<p>\u00c9 preciso que haja mais equil\u00edbrio e bom senso no debate p\u00fablico brasileiro, que se tornou mais truculento nos \u00faltimos anos. Muitos que alimentaram o monstro e outros que se omitiram diante dos alertas sobre intoler\u00e2ncia hoje se mostram surpresos ao ver a que ponto chegamos. \u00c9 preciso mais responsabilidade das empresas e das pessoas, porque se tornou muito f\u00e1cil ferir com leviandade nas redes sociais.<\/p>\n","protected":false},"excerpt":{"rendered":"<p>De Londres, por Kennedy Alencar &#8211; No s\u00e1bado, o PSOL anunciou que levaria ao CNJ (Conselho Nacional de Justi\u00e7a) uma representa\u00e7\u00e3o contra a desembargadora do Tribunal de Justi\u00e7a do Rio Marilia Castro Neves, que divulgou em rede social mentiras a respeito da vereadora Marielle Franco, assassinada na noite da \u00faltima quarta-feira no Rio de Janeiro.<\/p>\n","protected":false},"author":1,"featured_media":0,"comment_status":"closed","ping_status":"open","sticky":false,"template":"","format":"standard","meta":{"_exactmetrics_skip_tracking":false,"_exactmetrics_sitenote_active":false,"_exactmetrics_sitenote_note":"","_exactmetrics_sitenote_category":0,"jetpack_post_was_ever_published":false,"_jetpack_newsletter_access":"","_jetpack_dont_email_post_to_subs":false,"_jetpack_newsletter_tier_id":0,"_jetpack_memberships_contains_paywalled_content":false,"_jetpack_memberships_contains_paid_content":false,"footnotes":"","jetpack_publicize_message":"","jetpack_publicize_feature_enabled":true,"jetpack_social_post_already_shared":true,"jetpack_social_options":{"image_generator_settings":{"template":"highway","enabled":false},"version":2}},"categories":[1],"tags":[],"class_list":["post-17081","post","type-post","status-publish","format-standard","hentry","category-notas"],"jetpack_publicize_connections":[],"jetpack_sharing_enabled":true,"jetpack_featured_media_url":"","jetpack_shortlink":"https:\/\/wp.me\/p7wKYW-4rv","jetpack-related-posts":[],"_links":{"self":[{"href":"http:\/\/blogdalucianaoliveira.com.br\/blog\/wp-json\/wp\/v2\/posts\/17081","targetHints":{"allow":["GET"]}}],"collection":[{"href":"http:\/\/blogdalucianaoliveira.com.br\/blog\/wp-json\/wp\/v2\/posts"}],"about":[{"href":"http:\/\/blogdalucianaoliveira.com.br\/blog\/wp-json\/wp\/v2\/types\/post"}],"author":[{"embeddable":true,"href":"http:\/\/blogdalucianaoliveira.com.br\/blog\/wp-json\/wp\/v2\/users\/1"}],"replies":[{"embeddable":true,"href":"http:\/\/blogdalucianaoliveira.com.br\/blog\/wp-json\/wp\/v2\/comments?post=17081"}],"version-history":[{"count":2,"href":"http:\/\/blogdalucianaoliveira.com.br\/blog\/wp-json\/wp\/v2\/posts\/17081\/revisions"}],"predecessor-version":[{"id":17084,"href":"http:\/\/blogdalucianaoliveira.com.br\/blog\/wp-json\/wp\/v2\/posts\/17081\/revisions\/17084"}],"wp:attachment":[{"href":"http:\/\/blogdalucianaoliveira.com.br\/blog\/wp-json\/wp\/v2\/media?parent=17081"}],"wp:term":[{"taxonomy":"category","embeddable":true,"href":"http:\/\/blogdalucianaoliveira.com.br\/blog\/wp-json\/wp\/v2\/categories?post=17081"},{"taxonomy":"post_tag","embeddable":true,"href":"http:\/\/blogdalucianaoliveira.com.br\/blog\/wp-json\/wp\/v2\/tags?post=17081"}],"curies":[{"name":"wp","href":"https:\/\/api.w.org\/{rel}","templated":true}]}}