{"id":17085,"date":"2018-03-19T09:35:13","date_gmt":"2018-03-19T13:35:13","guid":{"rendered":"http:\/\/blogdalucianaoliveira.com.br\/blog\/?p=17085"},"modified":"2018-03-19T09:35:13","modified_gmt":"2018-03-19T13:35:13","slug":"politicos-e-amigos-de-marielle-se-curvaram-a-globo-como-as-vitimas-de-sequestro-aceitam-o-abraco-do-sequestrador","status":"publish","type":"post","link":"http:\/\/blogdalucianaoliveira.com.br\/blog\/2018\/03\/19\/politicos-e-amigos-de-marielle-se-curvaram-a-globo-como-as-vitimas-de-sequestro-aceitam-o-abraco-do-sequestrador\/","title":{"rendered":"Pol\u00edticos e amigos de Marielle se curvaram \u00e0 Globo como as v\u00edtimas de sequestro aceitam o abra\u00e7o do sequestrador"},"content":{"rendered":"<p><img data-recalc-dims=\"1\" loading=\"lazy\" decoding=\"async\" data-attachment-id=\"17086\" data-permalink=\"http:\/\/blogdalucianaoliveira.com.br\/blog\/2018\/03\/19\/politicos-e-amigos-de-marielle-se-curvaram-a-globo-como-as-vitimas-de-sequestro-aceitam-o-abraco-do-sequestrador\/dois-4\/\" data-orig-file=\"https:\/\/i0.wp.com\/blogdalucianaoliveira.com.br\/blog\/wp-content\/uploads\/2018\/03\/dois.png?fit=600%2C358\" data-orig-size=\"600,358\" data-comments-opened=\"0\" data-image-meta=\"{&quot;aperture&quot;:&quot;0&quot;,&quot;credit&quot;:&quot;&quot;,&quot;camera&quot;:&quot;&quot;,&quot;caption&quot;:&quot;&quot;,&quot;created_timestamp&quot;:&quot;0&quot;,&quot;copyright&quot;:&quot;&quot;,&quot;focal_length&quot;:&quot;0&quot;,&quot;iso&quot;:&quot;0&quot;,&quot;shutter_speed&quot;:&quot;0&quot;,&quot;title&quot;:&quot;&quot;,&quot;orientation&quot;:&quot;0&quot;}\" data-image-title=\"dois\" data-image-description=\"\" data-image-caption=\"\" data-medium-file=\"https:\/\/i0.wp.com\/blogdalucianaoliveira.com.br\/blog\/wp-content\/uploads\/2018\/03\/dois.png?fit=300%2C179\" data-large-file=\"https:\/\/i0.wp.com\/blogdalucianaoliveira.com.br\/blog\/wp-content\/uploads\/2018\/03\/dois.png?fit=600%2C358\" class=\"alignnone size-full wp-image-17086\" src=\"https:\/\/i0.wp.com\/blogdalucianaoliveira.com.br\/blog\/wp-content\/uploads\/2018\/03\/dois.png?resize=600%2C358\" alt=\"dois\" width=\"600\" height=\"358\" srcset=\"https:\/\/i0.wp.com\/blogdalucianaoliveira.com.br\/blog\/wp-content\/uploads\/2018\/03\/dois.png?w=600 600w, https:\/\/i0.wp.com\/blogdalucianaoliveira.com.br\/blog\/wp-content\/uploads\/2018\/03\/dois.png?resize=300%2C179 300w, https:\/\/i0.wp.com\/blogdalucianaoliveira.com.br\/blog\/wp-content\/uploads\/2018\/03\/dois.png?resize=503%2C300 503w\" sizes=\"auto, (max-width: 600px) 100vw, 600px\" \/><\/p>\n<p>No DCM &#8211; Dois fatos chamaram a aten\u00e7\u00e3o no Fant\u00e1stico de ontem: a canalhice da cobertura sobre a morte de Marielle Franco e do motorista Anderson Pedro Gomes, e a atra\u00e7\u00e3o que a emissora exerce sobre as pessoas que s\u00e3o v\u00edtimas dessa manipula\u00e7\u00e3o.<!--more--><\/p>\n<p>Da esposa de Marielle ao deputado estadual Marcelo Freixo, todos se prestaram a dar entrevista \u00e0 emissora como se estivessem diante da BBC.<\/p>\n<div class=\"td-a-rec td-a-rec-id-content_inlineright  \">\u00c9 uma rever\u00eancia inexplic\u00e1vel, j\u00e1 que conhecem o poder de distor\u00e7\u00e3o da emissora, pois Marielle era uma das que mais combatiam o cobertura que a m\u00eddia tradicional faz dos eventos que envolvem os setores populares da sociedade.Pouco antes de ver a TV usar a morte de Marielle para refor\u00e7ar a posi\u00e7\u00e3o do Grupo Globo de fortalecer a interven\u00e7\u00e3o federal\/militar, vi um\u00a0<a href=\"https:\/\/www.diariodocentrodomundo.com.br\/video-revela-marielle-por-ela-mesma-democracia-esta-ameacada\/\">v\u00eddeo<\/a>\u00a0com a entrevista dela ao site Ponte.<\/p>\n<p>Temer havia decretado a interven\u00e7\u00e3o federal na seguran\u00e7a p\u00fablica no Rio de Janeiro:<\/p>\n<p>\u201c\u00c9 um dia hist\u00f3rico, infelizmente de dor, principalmente para quem \u00e9 favelado e para quem \u00e9 favelada, quando, de supet\u00e3o, na \u00faltima sexta-feira, o presidente ileg\u00edtimo Michel Temer (\u2026) estabelece uma interven\u00e7\u00e3o federal no Rio de Janeiro (\u2026), muito por conta e fruto desse \u00faltimo per\u00edodo, de cr\u00edticas pesadas (ela provavelmente se refere ao desfile da Tuiuti), de rebaixamento da sua popularidade e de uma M\u00cdDIA (leia-se Globo) que favoreceu e fortaleceu o que a gente entende de uma sensa\u00e7\u00e3o de inseguran\u00e7a no Estado do Rio de Janeiro pelo per\u00edodo do Carnaval, que legitima esse processo de interven\u00e7\u00e3o federal, que muitas vezes \u00e9 colocada como interven\u00e7\u00e3o militar, porque ele (Temer) requer e age, fundamentalmente , em cima das for\u00e7as de seguran\u00e7a. \u00c9 uma segunda-feira aonde, fazendo alus\u00e3o a essa chuva que cai, a cidade do Rio de Janeiro chora por mais um corte na carne.\u201d, disse.<\/p>\n<p>Em seguida, ela relatou a lembran\u00e7a que a ocupa\u00e7\u00e3o da Mar\u00e9 durante 14 meses pelo Ex\u00e9rcito, For\u00e7a de Seguran\u00e7a Nacional e PM deixou na comunidade. \u201cO barulho do tanque ainda \u00e9 muito latente, que ficava na frente do pr\u00e9dio onde eu morei. Esse medo, esse desespero \u00e9 onde a gente chora porque corta na nossa carne, a imin\u00eancia do confronto a qualquer hora\u201d, afirmou.<\/p>\n<p>Marielle n\u00e3o defende a impunidade, mas diz que \u00e9 preciso enfrentar o problema da falta de seguran\u00e7a de outra maneira, porque, em \u00faltima an\u00e1lise, o que acontece com a militariza\u00e7\u00e3o da seguran\u00e7a p\u00fablica \u00e9 a ofensiva aos mais pobres.<\/p>\n<p>\u201cA vida no Rio de Janeiro fica amea\u00e7ada, mas tamb\u00e9m tem muito resist\u00eancia. N\u00e3o \u00e9 \u00e0 toa que a gente, n\u00e3o s\u00f3 contra a reforma, contra a PEC, contra a retirada de direitos, mas tamb\u00e9m contra essa m\u00e3o que vem tamb\u00e9m de cerceamento, de controle, para cima dos corpos de favelados e faveladas, a gente vem ocupar a rua\u201d, destacou.<\/p>\n<p>Essa era Marielle, decidida, forte, que via com nitidez os alvos a serem combatidos.<\/p>\n<p>No Fant\u00e1stico, seus amigos prestavam refer\u00eancia \u00e0 Globo como uma v\u00edtima de sequestro, de alguma maneira, se aproxima de seu algoz e desenvolve com ele la\u00e7os afetivos.<\/p>\n<p>\u00c9 o que a psicologia chama de S\u00edndrome de Estocolmo.<\/p>\n<p>S\u00f3 isso explica.<\/p>\n<p>Ao final de uma extensa reportagem com muitas l\u00e1grimas, o apresentador chama para uma not\u00edcia de \u00faltima hora em Bras\u00edlia.<\/p>\n<p>E o rep\u00f3rter, de frente para o Pal\u00e1cio do Alvorada, anuncia que Michel Temer havia acabado de decidir pela libera\u00e7\u00e3o de mais verbas para a interven\u00e7\u00e3o federal\/militar no Rio de Janeiro.<\/p>\n<p>Era isso o que a Globo queria noticiar, e a morte de Marielle e Anderson criava o ambiente perfeito para avan\u00e7ar na pol\u00edtica de seguran\u00e7a que ignora a complexidade da situa\u00e7\u00e3o.<\/p>\n<p>Militar na rua, com o barulho do tanque e a ponta do fuzil, cala a popula\u00e7\u00e3o.<\/p>\n<p>Era como se o jornalismo da Globo pisoteasse sobre o cad\u00e1ver de Marielle, pois, como vimos na entrevista \u00e0 Ponte, ela sempre achou que a interven\u00e7\u00e3o, nos moldes em que foi colocada, \u00e9 um ataque \u00e0 popula\u00e7\u00e3o mais pobre.<\/p>\n<p>Os parentes de Marielle n\u00e3o t\u00eam obriga\u00e7\u00e3o de saber que a natureza da Globo \u00e9 a do escorpi\u00e3o que crava o veneno no sapo depois de contar com ele para a travessia do Rio.<\/p>\n<p>Mas os pol\u00edticos como o deputado Marcelo Freixo e o vereador Tarc\u00edsio Motta sabem.<\/p>\n<p>No entanto, continuam dando aos ve\u00edculos do Grupo Globo a primazia da cobertura.<\/p>\n<p>Na entrevista \u00e0 Ponte, ela destacou a import\u00e2ncia da m\u00eddia independente para mudar a narrativa presente na velha imprensa de que o debate \u00e9 da seguran\u00e7a.<\/p>\n<p>\u201cEles ganham nessa narrativa de que o debate \u00e9 na seguran\u00e7a. Para mim, esse debate \u00e9 da seguran\u00e7a no corpo do favelado e da favelada, onde vai apertar. Mas, objetivamente, (esse debate) \u00e9 pol\u00edtico\u201d, comentou.<\/p>\n<p>De uma vez por todas, como disse Marielle, n\u00e3o haveria interven\u00e7\u00e3o se n\u00e3o fosse a Globo.<\/p>\n<p>Ela manipulou o notici\u00e1rio com cobertura intensa de not\u00edcias de crime que ocorreram durante o Carnaval.<\/p>\n<p>Os dados estat\u00edsticos mostraram que o per\u00edodo teve menos crimes do que em outros Carnavais, mas como a Globo dedicou generosos minutos do Jornal Nacional a mostrar assaltos e arrast\u00f5es em locais onde, estranhamente, n\u00e3o havia policia, o cidad\u00e3o desavisado ficou com a sensa\u00e7\u00e3o do caos.<\/p>\n<p>Como disse Marielle, a m\u00eddia refor\u00e7ou a sensa\u00e7\u00e3o de inseguran\u00e7a e gerou o ambiente perfeito para que Temer decretasse a interven\u00e7\u00e3o.<\/p>\n<p>Com a pol\u00edtica regressiva de direitos, fruto do golpe, \u00f3bvio que h\u00e1 impacto na vida dos mais pobres. H\u00e1 consequ\u00eancias tamb\u00e9m.<\/p>\n<p>Para calar o povo, a morte de Marielle e de Anderson cria o ambiente perfeito.<\/p>\n<p>Para quem ganha com o aprofundamento do abismo que separa ricos e pobres no Pa\u00eds, o tanque e o fuzil d\u00e3o conta de cauterizar feridas, mesmo que isso represente a vida de inocentes.<\/p>\n<p>A Globo \u00e9 inimiga dos interesses verdadeiramente brasileiros, e \u00e9 preciso que as for\u00e7as populares encararem de frente seus inimigos e n\u00e3o aceite o seu ombro para chorar.<\/p>\n<p>&nbsp;<\/p>\n<\/div>\n","protected":false},"excerpt":{"rendered":"<p>No DCM &#8211; Dois fatos chamaram a aten\u00e7\u00e3o no Fant\u00e1stico de ontem: a canalhice da cobertura sobre a morte de Marielle Franco e do motorista Anderson Pedro Gomes, e a atra\u00e7\u00e3o que a emissora exerce sobre as pessoas que s\u00e3o v\u00edtimas dessa manipula\u00e7\u00e3o.<\/p>\n","protected":false},"author":1,"featured_media":0,"comment_status":"closed","ping_status":"open","sticky":false,"template":"","format":"standard","meta":{"_exactmetrics_skip_tracking":false,"_exactmetrics_sitenote_active":false,"_exactmetrics_sitenote_note":"","_exactmetrics_sitenote_category":0,"jetpack_post_was_ever_published":false,"_jetpack_newsletter_access":"","_jetpack_dont_email_post_to_subs":false,"_jetpack_newsletter_tier_id":0,"_jetpack_memberships_contains_paywalled_content":false,"_jetpack_memberships_contains_paid_content":false,"footnotes":"","jetpack_publicize_message":"","jetpack_publicize_feature_enabled":true,"jetpack_social_post_already_shared":true,"jetpack_social_options":{"image_generator_settings":{"template":"highway","enabled":false},"version":2}},"categories":[1],"tags":[],"class_list":["post-17085","post","type-post","status-publish","format-standard","hentry","category-notas"],"jetpack_publicize_connections":[],"jetpack_sharing_enabled":true,"jetpack_featured_media_url":"","jetpack_shortlink":"https:\/\/wp.me\/p7wKYW-4rz","jetpack-related-posts":[],"_links":{"self":[{"href":"http:\/\/blogdalucianaoliveira.com.br\/blog\/wp-json\/wp\/v2\/posts\/17085","targetHints":{"allow":["GET"]}}],"collection":[{"href":"http:\/\/blogdalucianaoliveira.com.br\/blog\/wp-json\/wp\/v2\/posts"}],"about":[{"href":"http:\/\/blogdalucianaoliveira.com.br\/blog\/wp-json\/wp\/v2\/types\/post"}],"author":[{"embeddable":true,"href":"http:\/\/blogdalucianaoliveira.com.br\/blog\/wp-json\/wp\/v2\/users\/1"}],"replies":[{"embeddable":true,"href":"http:\/\/blogdalucianaoliveira.com.br\/blog\/wp-json\/wp\/v2\/comments?post=17085"}],"version-history":[{"count":1,"href":"http:\/\/blogdalucianaoliveira.com.br\/blog\/wp-json\/wp\/v2\/posts\/17085\/revisions"}],"predecessor-version":[{"id":17087,"href":"http:\/\/blogdalucianaoliveira.com.br\/blog\/wp-json\/wp\/v2\/posts\/17085\/revisions\/17087"}],"wp:attachment":[{"href":"http:\/\/blogdalucianaoliveira.com.br\/blog\/wp-json\/wp\/v2\/media?parent=17085"}],"wp:term":[{"taxonomy":"category","embeddable":true,"href":"http:\/\/blogdalucianaoliveira.com.br\/blog\/wp-json\/wp\/v2\/categories?post=17085"},{"taxonomy":"post_tag","embeddable":true,"href":"http:\/\/blogdalucianaoliveira.com.br\/blog\/wp-json\/wp\/v2\/tags?post=17085"}],"curies":[{"name":"wp","href":"https:\/\/api.w.org\/{rel}","templated":true}]}}