{"id":17088,"date":"2018-03-19T11:06:49","date_gmt":"2018-03-19T15:06:49","guid":{"rendered":"http:\/\/blogdalucianaoliveira.com.br\/blog\/?p=17088"},"modified":"2018-03-19T13:37:37","modified_gmt":"2018-03-19T17:37:37","slug":"professor-da-universidade-federal-de-rondonia-ajudou-a-espalhar-calunia","status":"publish","type":"post","link":"http:\/\/blogdalucianaoliveira.com.br\/blog\/2018\/03\/19\/professor-da-universidade-federal-de-rondonia-ajudou-a-espalhar-calunia\/","title":{"rendered":"PROFESSOR DA UNIVERSIDADE FEDERAL DE ROND\u00d4NIA AJUDOU A ESPALHAR BOATO"},"content":{"rendered":"<p><img data-recalc-dims=\"1\" loading=\"lazy\" decoding=\"async\" data-attachment-id=\"17094\" data-permalink=\"http:\/\/blogdalucianaoliveira.com.br\/blog\/2018\/03\/19\/professor-da-universidade-federal-de-rondonia-ajudou-a-espalhar-calunia\/e52c7835-26c6-48eb-aa52-7f52f98346c6\/\" data-orig-file=\"https:\/\/i0.wp.com\/blogdalucianaoliveira.com.br\/blog\/wp-content\/uploads\/2018\/03\/E52C7835-26C6-48EB-AA52-7F52F98346C6.jpeg?fit=2400%2C1200\" data-orig-size=\"2400,1200\" data-comments-opened=\"0\" data-image-meta=\"{&quot;aperture&quot;:&quot;0&quot;,&quot;credit&quot;:&quot;&quot;,&quot;camera&quot;:&quot;&quot;,&quot;caption&quot;:&quot;&quot;,&quot;created_timestamp&quot;:&quot;0&quot;,&quot;copyright&quot;:&quot;&quot;,&quot;focal_length&quot;:&quot;0&quot;,&quot;iso&quot;:&quot;0&quot;,&quot;shutter_speed&quot;:&quot;0&quot;,&quot;title&quot;:&quot;&quot;,&quot;orientation&quot;:&quot;0&quot;}\" data-image-title=\"E52C7835-26C6-48EB-AA52-7F52F98346C6\" data-image-description=\"\" data-image-caption=\"\" data-medium-file=\"https:\/\/i0.wp.com\/blogdalucianaoliveira.com.br\/blog\/wp-content\/uploads\/2018\/03\/E52C7835-26C6-48EB-AA52-7F52F98346C6.jpeg?fit=300%2C150\" data-large-file=\"https:\/\/i0.wp.com\/blogdalucianaoliveira.com.br\/blog\/wp-content\/uploads\/2018\/03\/E52C7835-26C6-48EB-AA52-7F52F98346C6.jpeg?fit=600%2C300\" class=\"alignnone size-full wp-image-17094 alignleft\" src=\"https:\/\/i0.wp.com\/blogdalucianaoliveira.com.br\/blog\/wp-content\/uploads\/2018\/03\/E52C7835-26C6-48EB-AA52-7F52F98346C6.jpeg?resize=600%2C300\" alt=\"E52C7835-26C6-48EB-AA52-7F52F98346C6\" width=\"600\" height=\"300\" srcset=\"https:\/\/i0.wp.com\/blogdalucianaoliveira.com.br\/blog\/wp-content\/uploads\/2018\/03\/E52C7835-26C6-48EB-AA52-7F52F98346C6.jpeg?w=2400 2400w, https:\/\/i0.wp.com\/blogdalucianaoliveira.com.br\/blog\/wp-content\/uploads\/2018\/03\/E52C7835-26C6-48EB-AA52-7F52F98346C6.jpeg?resize=300%2C150 300w, https:\/\/i0.wp.com\/blogdalucianaoliveira.com.br\/blog\/wp-content\/uploads\/2018\/03\/E52C7835-26C6-48EB-AA52-7F52F98346C6.jpeg?resize=768%2C384 768w, https:\/\/i0.wp.com\/blogdalucianaoliveira.com.br\/blog\/wp-content\/uploads\/2018\/03\/E52C7835-26C6-48EB-AA52-7F52F98346C6.jpeg?resize=1024%2C512 1024w, https:\/\/i0.wp.com\/blogdalucianaoliveira.com.br\/blog\/wp-content\/uploads\/2018\/03\/E52C7835-26C6-48EB-AA52-7F52F98346C6.jpeg?resize=600%2C300 600w, https:\/\/i0.wp.com\/blogdalucianaoliveira.com.br\/blog\/wp-content\/uploads\/2018\/03\/E52C7835-26C6-48EB-AA52-7F52F98346C6.jpeg?w=1200 1200w, https:\/\/i0.wp.com\/blogdalucianaoliveira.com.br\/blog\/wp-content\/uploads\/2018\/03\/E52C7835-26C6-48EB-AA52-7F52F98346C6.jpeg?w=1800 1800w\" sizes=\"auto, (max-width: 600px) 100vw, 600px\" \/><\/p>\n<p>Em seu perfil no Facebook, Fabr\u00edcio Moraes de Almeida, faz quest\u00e3o de real\u00e7ar que \u00e9 \u2018Doutor\u2019.<\/p>\n<p>Sua postura nas redes sociais foca em oposi\u00e7\u00e3o grosseira a partidos de esquerda, apoio ao deputado Jair Bolsonaro e apelo ao armamento civil.<!--more--><\/p>\n<p>Como era previsto por seus seguidores, ele foi r\u00e1pido em promover por meio de compartilhamento a cal\u00fania contra a vereadora do PSOL, Marielle Franco, brutalmente assassinada no Rio de Janeiro no \u00faltimo\u00a0\u00a0dia 14 de mar\u00e7o.<\/p>\n<p><img data-recalc-dims=\"1\" loading=\"lazy\" decoding=\"async\" data-attachment-id=\"17090\" data-permalink=\"http:\/\/blogdalucianaoliveira.com.br\/blog\/2018\/03\/19\/professor-da-universidade-federal-de-rondonia-ajudou-a-espalhar-calunia\/mar1\/\" data-orig-file=\"https:\/\/i0.wp.com\/blogdalucianaoliveira.com.br\/blog\/wp-content\/uploads\/2018\/03\/mar1.jpg?fit=540%2C960\" data-orig-size=\"540,960\" data-comments-opened=\"0\" data-image-meta=\"{&quot;aperture&quot;:&quot;0&quot;,&quot;credit&quot;:&quot;&quot;,&quot;camera&quot;:&quot;&quot;,&quot;caption&quot;:&quot;&quot;,&quot;created_timestamp&quot;:&quot;0&quot;,&quot;copyright&quot;:&quot;&quot;,&quot;focal_length&quot;:&quot;0&quot;,&quot;iso&quot;:&quot;0&quot;,&quot;shutter_speed&quot;:&quot;0&quot;,&quot;title&quot;:&quot;&quot;,&quot;orientation&quot;:&quot;0&quot;}\" data-image-title=\"mar1\" data-image-description=\"\" data-image-caption=\"\" data-medium-file=\"https:\/\/i0.wp.com\/blogdalucianaoliveira.com.br\/blog\/wp-content\/uploads\/2018\/03\/mar1.jpg?fit=169%2C300\" data-large-file=\"https:\/\/i0.wp.com\/blogdalucianaoliveira.com.br\/blog\/wp-content\/uploads\/2018\/03\/mar1.jpg?fit=540%2C960\" class=\"alignnone size-full wp-image-17090\" src=\"https:\/\/i0.wp.com\/blogdalucianaoliveira.com.br\/blog\/wp-content\/uploads\/2018\/03\/mar1.jpg?resize=540%2C960\" alt=\"mar1\" width=\"540\" height=\"960\" srcset=\"https:\/\/i0.wp.com\/blogdalucianaoliveira.com.br\/blog\/wp-content\/uploads\/2018\/03\/mar1.jpg?w=540 540w, https:\/\/i0.wp.com\/blogdalucianaoliveira.com.br\/blog\/wp-content\/uploads\/2018\/03\/mar1.jpg?resize=169%2C300 169w\" sizes=\"auto, (max-width: 540px) 100vw, 540px\" \/><\/p>\n<p><img data-recalc-dims=\"1\" loading=\"lazy\" decoding=\"async\" data-attachment-id=\"17091\" data-permalink=\"http:\/\/blogdalucianaoliveira.com.br\/blog\/2018\/03\/19\/professor-da-universidade-federal-de-rondonia-ajudou-a-espalhar-calunia\/mar-4\/\" data-orig-file=\"https:\/\/i0.wp.com\/blogdalucianaoliveira.com.br\/blog\/wp-content\/uploads\/2018\/03\/mar.jpg?fit=540%2C960\" data-orig-size=\"540,960\" data-comments-opened=\"0\" data-image-meta=\"{&quot;aperture&quot;:&quot;0&quot;,&quot;credit&quot;:&quot;&quot;,&quot;camera&quot;:&quot;&quot;,&quot;caption&quot;:&quot;&quot;,&quot;created_timestamp&quot;:&quot;0&quot;,&quot;copyright&quot;:&quot;&quot;,&quot;focal_length&quot;:&quot;0&quot;,&quot;iso&quot;:&quot;0&quot;,&quot;shutter_speed&quot;:&quot;0&quot;,&quot;title&quot;:&quot;&quot;,&quot;orientation&quot;:&quot;0&quot;}\" data-image-title=\"mar\" data-image-description=\"\" data-image-caption=\"\" data-medium-file=\"https:\/\/i0.wp.com\/blogdalucianaoliveira.com.br\/blog\/wp-content\/uploads\/2018\/03\/mar.jpg?fit=169%2C300\" data-large-file=\"https:\/\/i0.wp.com\/blogdalucianaoliveira.com.br\/blog\/wp-content\/uploads\/2018\/03\/mar.jpg?fit=540%2C960\" class=\"alignnone size-full wp-image-17091\" src=\"https:\/\/i0.wp.com\/blogdalucianaoliveira.com.br\/blog\/wp-content\/uploads\/2018\/03\/mar.jpg?resize=540%2C960\" alt=\"mar\" width=\"540\" height=\"960\" srcset=\"https:\/\/i0.wp.com\/blogdalucianaoliveira.com.br\/blog\/wp-content\/uploads\/2018\/03\/mar.jpg?w=540 540w, https:\/\/i0.wp.com\/blogdalucianaoliveira.com.br\/blog\/wp-content\/uploads\/2018\/03\/mar.jpg?resize=169%2C300 169w\" sizes=\"auto, (max-width: 540px) 100vw, 540px\" \/><\/p>\n<p>O &#8216;Doutor&#8217; Fabr\u00edcio tem hist\u00f3rico de declara\u00e7\u00f5es irrespons\u00e1veis nas redes sociais e uma delas resultou em condena\u00e7\u00e3o de oito mil reais por dano moral em sua p\u00e1gina no Facebook, a outro docente, hoje reitor.<\/p>\n<p>Ele tamb\u00e9m teve julgadas irregulares as contas do Termo de Concess\u00e3o e Aux\u00edlio a Projeto de Pesquisa, junto \u00e0 Universidade Federal do Mato Grosso por meio da Funda\u00e7\u00e3o de Amparo \u00e0 Pesquisa do Estado do Mato Grosso, da qual era gestor.<\/p>\n<p>O Tribunal de Contas do Estado do Mato Grosso declarou Fabr\u00edcio \u201cinabilitado, pelo prazo de cinco anos\u201d para receber benef\u00edcios junto \u00e0 Funda\u00e7\u00e3o e ordenou a restitui\u00e7\u00e3o de 20 mil reais com aplica\u00e7\u00e3o de multa.<\/p>\n<p><img loading=\"lazy\" decoding=\"async\" data-attachment-id=\"7302\" data-permalink=\"http:\/\/blogdalucianaoliveira.com.br\/blog\/2016\/12\/28\/avaliador-do-inepmec-em-rondonia-dissemina-odio-a-muculmanos-nas-redes-sociais\/img_9775\/\" data-orig-file=\"https:\/\/i0.wp.com\/blogdalucianaoliveira.com.br\/blog\/wp-content\/uploads\/2016\/12\/IMG_9775.jpg?fit=750%2C1212\" data-orig-size=\"750,1212\" data-comments-opened=\"0\" data-image-meta=\"{&quot;aperture&quot;:&quot;0&quot;,&quot;credit&quot;:&quot;&quot;,&quot;camera&quot;:&quot;&quot;,&quot;caption&quot;:&quot;&quot;,&quot;created_timestamp&quot;:&quot;0&quot;,&quot;copyright&quot;:&quot;&quot;,&quot;focal_length&quot;:&quot;0&quot;,&quot;iso&quot;:&quot;0&quot;,&quot;shutter_speed&quot;:&quot;0&quot;,&quot;title&quot;:&quot;&quot;,&quot;orientation&quot;:&quot;0&quot;}\" data-image-title=\"img_9775\" data-image-description=\"\" data-image-caption=\"\" data-medium-file=\"https:\/\/i0.wp.com\/blogdalucianaoliveira.com.br\/blog\/wp-content\/uploads\/2016\/12\/IMG_9775.jpg?fit=186%2C300\" data-large-file=\"https:\/\/i0.wp.com\/blogdalucianaoliveira.com.br\/blog\/wp-content\/uploads\/2016\/12\/IMG_9775.jpg?fit=600%2C969\" class=\"alignnone size-full wp-image-7302\" src=\"http:\/\/i2.wp.com\/blogdalucianaoliveira.com.br\/blog\/wp-content\/uploads\/2016\/12\/IMG_9775.jpg?resize=500%2C808\" sizes=\"auto, (max-width: 750px) 100vw, 750px\" srcset=\"http:\/\/i2.wp.com\/blogdalucianaoliveira.com.br\/blog\/wp-content\/uploads\/2016\/12\/IMG_9775.jpg?w=750 750w, http:\/\/i2.wp.com\/blogdalucianaoliveira.com.br\/blog\/wp-content\/uploads\/2016\/12\/IMG_9775.jpg?resize=186%2C300 186w, http:\/\/i2.wp.com\/blogdalucianaoliveira.com.br\/blog\/wp-content\/uploads\/2016\/12\/IMG_9775.jpg?resize=634%2C1024 634w\" alt=\"img_9775\" width=\"500\" height=\"808\" \/><\/p>\n<p>&nbsp;<\/p>\n<p>Este blog j\u00e1 o denunciou por discurso de \u00f3dio aos mu\u00e7ulmanos.<\/p>\n<p><img data-recalc-dims=\"1\" loading=\"lazy\" decoding=\"async\" data-attachment-id=\"17089\" data-permalink=\"http:\/\/blogdalucianaoliveira.com.br\/blog\/2018\/03\/19\/professor-da-universidade-federal-de-rondonia-ajudou-a-espalhar-calunia\/fa-2\/\" data-orig-file=\"https:\/\/i0.wp.com\/blogdalucianaoliveira.com.br\/blog\/wp-content\/uploads\/2018\/03\/fa.jpg?fit=1024%2C626\" data-orig-size=\"1024,626\" data-comments-opened=\"0\" data-image-meta=\"{&quot;aperture&quot;:&quot;0&quot;,&quot;credit&quot;:&quot;&quot;,&quot;camera&quot;:&quot;&quot;,&quot;caption&quot;:&quot;&quot;,&quot;created_timestamp&quot;:&quot;0&quot;,&quot;copyright&quot;:&quot;&quot;,&quot;focal_length&quot;:&quot;0&quot;,&quot;iso&quot;:&quot;0&quot;,&quot;shutter_speed&quot;:&quot;0&quot;,&quot;title&quot;:&quot;&quot;,&quot;orientation&quot;:&quot;0&quot;}\" data-image-title=\"fa\" data-image-description=\"\" data-image-caption=\"\" data-medium-file=\"https:\/\/i0.wp.com\/blogdalucianaoliveira.com.br\/blog\/wp-content\/uploads\/2018\/03\/fa.jpg?fit=300%2C183\" data-large-file=\"https:\/\/i0.wp.com\/blogdalucianaoliveira.com.br\/blog\/wp-content\/uploads\/2018\/03\/fa.jpg?fit=600%2C367\" class=\"alignnone size-full wp-image-17089\" src=\"https:\/\/i0.wp.com\/blogdalucianaoliveira.com.br\/blog\/wp-content\/uploads\/2018\/03\/fa.jpg?resize=600%2C367\" alt=\"fa\" width=\"600\" height=\"367\" srcset=\"https:\/\/i0.wp.com\/blogdalucianaoliveira.com.br\/blog\/wp-content\/uploads\/2018\/03\/fa.jpg?w=1024 1024w, https:\/\/i0.wp.com\/blogdalucianaoliveira.com.br\/blog\/wp-content\/uploads\/2018\/03\/fa.jpg?resize=300%2C183 300w, https:\/\/i0.wp.com\/blogdalucianaoliveira.com.br\/blog\/wp-content\/uploads\/2018\/03\/fa.jpg?resize=768%2C470 768w, https:\/\/i0.wp.com\/blogdalucianaoliveira.com.br\/blog\/wp-content\/uploads\/2018\/03\/fa.jpg?resize=491%2C300 491w\" sizes=\"auto, (max-width: 600px) 100vw, 600px\" \/><\/p>\n<p>Fabr\u00edcio moveu uma a\u00e7\u00e3o em que pede repara\u00e7\u00e3o por dano moral \u00e0 respons\u00e1vel pelo blog, o que gerou um manifesto de solidariedade com assinaturas de professores, jornalistas e entidades de v\u00e1rios estados.<\/p>\n<p>Relembre o caso aqui:\u00a0http:\/\/blogdalucianaoliveira.com.br\/blog\/2016\/12\/28\/avaliador-do-inepmec-em-rondonia-dissemina-odio-a-muculmanos-nas-redes-sociais\/<\/p>\n<blockquote class=\"wp-embedded-content\" data-secret=\"kp844zEkNU\"><p><a href=\"http:\/\/blogdalucianaoliveira.com.br\/blog\/2017\/08\/24\/247-jornalista-processada-por-reproduzir-intolerancia-religiosa-de-professor-recebe-solidariedade\/\">247: JORNALISTA PROCESSADA POR REPRODUZIR INTOLER\u00c2NCIA RELIGIOSA DE PROFESSOR RECEBE SOLIDARIEDADE<\/a><\/p><\/blockquote>\n<p><iframe loading=\"lazy\" class=\"wp-embedded-content\" sandbox=\"allow-scripts\" security=\"restricted\" style=\"position: absolute; clip: rect(1px, 1px, 1px, 1px);\" title=\"&#8220;247: JORNALISTA PROCESSADA POR REPRODUZIR INTOLER\u00c2NCIA RELIGIOSA DE PROFESSOR RECEBE SOLIDARIEDADE&#8221; &#8212; Blog da Luciana Oliveira\" src=\"http:\/\/blogdalucianaoliveira.com.br\/blog\/2017\/08\/24\/247-jornalista-processada-por-reproduzir-intolerancia-religiosa-de-professor-recebe-solidariedade\/embed\/#?secret=Vdky9kOmGm#?secret=kp844zEkNU\" data-secret=\"kp844zEkNU\" width=\"600\" height=\"338\" frameborder=\"0\" marginwidth=\"0\" marginheight=\"0\" scrolling=\"no\"><\/iframe><\/p>\n<p>No dia 13 de setembro de 2017, a UNIR divulgou que ele teve inscri\u00e7\u00e3o negada pela justi\u00e7a para concorrer ao cargo de diretor do N\u00facleo de Tecnologia, por falta de certid\u00f5es negativas do TCU e da Receita.<\/p>\n<p>Confirme:\u00a0https:\/\/www.unir.br\/index.php?pag=noticias&amp;id=23910<\/p>\n<p>Tr\u00eas dias depois, a ex-reitora da UNIR, Profa. Maria Berenice Alho da Costa Tourinho, anunciou que moveu A\u00e7\u00e3o de Repara\u00e7\u00e3o de Danos contra tr\u00eas professores que a acusam de ter falsificado a revalida\u00e7\u00e3o do diploma de doutorado em ci\u00eancias psicol\u00f3gicas na Universidade de Bras\u00edlia (UnB), obtido em Cuba, entre eles, Fabr\u00edcio.<\/p>\n<p>Leia: http:\/\/<a href=\"http:\/\/blogdalucianaoliveira.com.br\/blog\/2017\/11\/16\/ex-reitora-denuncia-calunia-e-diz-que-vai-doar-indenizacao-a-compra-de-livros-e-a-tratamento-de-cancer\/\">blogdalucianaoliveira.com.br\/blog\/2017\/11\/16\/ex-reitora-denuncia-calunia-e-diz-que-vai-doar-indenizacao-a-compra-de-livros-e-a-tratamento-de-cancer\/<\/a><\/p>\n<p>Ap\u00f3s duras cr\u00edticas por aderir \u00e0 campanha para destruir a reputa\u00e7\u00e3o de Marielle, &#8216;Doutor&#8217; Fabr\u00edcio escreveu:<\/p>\n<p><img data-recalc-dims=\"1\" loading=\"lazy\" decoding=\"async\" data-attachment-id=\"17096\" data-permalink=\"http:\/\/blogdalucianaoliveira.com.br\/blog\/2018\/03\/19\/professor-da-universidade-federal-de-rondonia-ajudou-a-espalhar-calunia\/055ebb20-9967-465f-b46b-ff6f85772ef5\/\" data-orig-file=\"https:\/\/i0.wp.com\/blogdalucianaoliveira.com.br\/blog\/wp-content\/uploads\/2018\/03\/055EBB20-9967-465F-B46B-FF6F85772EF5.png?fit=750%2C1334\" data-orig-size=\"750,1334\" data-comments-opened=\"0\" data-image-meta=\"{&quot;aperture&quot;:&quot;0&quot;,&quot;credit&quot;:&quot;&quot;,&quot;camera&quot;:&quot;&quot;,&quot;caption&quot;:&quot;&quot;,&quot;created_timestamp&quot;:&quot;0&quot;,&quot;copyright&quot;:&quot;&quot;,&quot;focal_length&quot;:&quot;0&quot;,&quot;iso&quot;:&quot;0&quot;,&quot;shutter_speed&quot;:&quot;0&quot;,&quot;title&quot;:&quot;&quot;,&quot;orientation&quot;:&quot;0&quot;}\" data-image-title=\"055EBB20-9967-465F-B46B-FF6F85772EF5\" data-image-description=\"\" data-image-caption=\"\" data-medium-file=\"https:\/\/i0.wp.com\/blogdalucianaoliveira.com.br\/blog\/wp-content\/uploads\/2018\/03\/055EBB20-9967-465F-B46B-FF6F85772EF5.png?fit=169%2C300\" data-large-file=\"https:\/\/i0.wp.com\/blogdalucianaoliveira.com.br\/blog\/wp-content\/uploads\/2018\/03\/055EBB20-9967-465F-B46B-FF6F85772EF5.png?fit=576%2C1024\" class=\"alignnone size-full wp-image-17096\" src=\"https:\/\/i0.wp.com\/blogdalucianaoliveira.com.br\/blog\/wp-content\/uploads\/2018\/03\/055EBB20-9967-465F-B46B-FF6F85772EF5.png?resize=600%2C1067\" alt=\"055EBB20-9967-465F-B46B-FF6F85772EF5\" width=\"600\" height=\"1067\" srcset=\"https:\/\/i0.wp.com\/blogdalucianaoliveira.com.br\/blog\/wp-content\/uploads\/2018\/03\/055EBB20-9967-465F-B46B-FF6F85772EF5.png?w=750 750w, https:\/\/i0.wp.com\/blogdalucianaoliveira.com.br\/blog\/wp-content\/uploads\/2018\/03\/055EBB20-9967-465F-B46B-FF6F85772EF5.png?resize=169%2C300 169w, https:\/\/i0.wp.com\/blogdalucianaoliveira.com.br\/blog\/wp-content\/uploads\/2018\/03\/055EBB20-9967-465F-B46B-FF6F85772EF5.png?resize=576%2C1024 576w\" sizes=\"auto, (max-width: 600px) 100vw, 600px\" \/><\/p>\n","protected":false},"excerpt":{"rendered":"<p>Em seu perfil no Facebook, Fabr\u00edcio Moraes de Almeida, faz quest\u00e3o de real\u00e7ar que \u00e9 \u2018Doutor\u2019. Sua postura nas redes sociais foca em oposi\u00e7\u00e3o grosseira a partidos de esquerda, apoio ao deputado Jair Bolsonaro e apelo ao armamento civil.<\/p>\n","protected":false},"author":1,"featured_media":17094,"comment_status":"closed","ping_status":"open","sticky":false,"template":"","format":"standard","meta":{"_exactmetrics_skip_tracking":false,"_exactmetrics_sitenote_active":false,"_exactmetrics_sitenote_note":"","_exactmetrics_sitenote_category":0,"jetpack_post_was_ever_published":false,"_jetpack_newsletter_access":"","_jetpack_dont_email_post_to_subs":false,"_jetpack_newsletter_tier_id":0,"_jetpack_memberships_contains_paywalled_content":false,"_jetpack_memberships_contains_paid_content":false,"footnotes":"","jetpack_publicize_message":"","jetpack_publicize_feature_enabled":true,"jetpack_social_post_already_shared":true,"jetpack_social_options":{"image_generator_settings":{"template":"highway","enabled":false},"version":2}},"categories":[1],"tags":[],"class_list":["post-17088","post","type-post","status-publish","format-standard","has-post-thumbnail","hentry","category-notas"],"jetpack_publicize_connections":[],"jetpack_sharing_enabled":true,"jetpack_featured_media_url":"https:\/\/i0.wp.com\/blogdalucianaoliveira.com.br\/blog\/wp-content\/uploads\/2018\/03\/E52C7835-26C6-48EB-AA52-7F52F98346C6.jpeg?fit=2400%2C1200","jetpack_shortlink":"https:\/\/wp.me\/p7wKYW-4rC","jetpack-related-posts":[],"_links":{"self":[{"href":"http:\/\/blogdalucianaoliveira.com.br\/blog\/wp-json\/wp\/v2\/posts\/17088","targetHints":{"allow":["GET"]}}],"collection":[{"href":"http:\/\/blogdalucianaoliveira.com.br\/blog\/wp-json\/wp\/v2\/posts"}],"about":[{"href":"http:\/\/blogdalucianaoliveira.com.br\/blog\/wp-json\/wp\/v2\/types\/post"}],"author":[{"embeddable":true,"href":"http:\/\/blogdalucianaoliveira.com.br\/blog\/wp-json\/wp\/v2\/users\/1"}],"replies":[{"embeddable":true,"href":"http:\/\/blogdalucianaoliveira.com.br\/blog\/wp-json\/wp\/v2\/comments?post=17088"}],"version-history":[{"count":9,"href":"http:\/\/blogdalucianaoliveira.com.br\/blog\/wp-json\/wp\/v2\/posts\/17088\/revisions"}],"predecessor-version":[{"id":17105,"href":"http:\/\/blogdalucianaoliveira.com.br\/blog\/wp-json\/wp\/v2\/posts\/17088\/revisions\/17105"}],"wp:featuredmedia":[{"embeddable":true,"href":"http:\/\/blogdalucianaoliveira.com.br\/blog\/wp-json\/wp\/v2\/media\/17094"}],"wp:attachment":[{"href":"http:\/\/blogdalucianaoliveira.com.br\/blog\/wp-json\/wp\/v2\/media?parent=17088"}],"wp:term":[{"taxonomy":"category","embeddable":true,"href":"http:\/\/blogdalucianaoliveira.com.br\/blog\/wp-json\/wp\/v2\/categories?post=17088"},{"taxonomy":"post_tag","embeddable":true,"href":"http:\/\/blogdalucianaoliveira.com.br\/blog\/wp-json\/wp\/v2\/tags?post=17088"}],"curies":[{"name":"wp","href":"https:\/\/api.w.org\/{rel}","templated":true}]}}