{"id":17101,"date":"2018-03-19T12:14:17","date_gmt":"2018-03-19T16:14:17","guid":{"rendered":"http:\/\/blogdalucianaoliveira.com.br\/blog\/?p=17101"},"modified":"2018-03-19T12:14:17","modified_gmt":"2018-03-19T16:14:17","slug":"a-fleuma-dos-imbecis-e-viral-contagiosa-e-perigosissima","status":"publish","type":"post","link":"http:\/\/blogdalucianaoliveira.com.br\/blog\/2018\/03\/19\/a-fleuma-dos-imbecis-e-viral-contagiosa-e-perigosissima\/","title":{"rendered":"A fleuma dos imbecis \u00e9 viral, contagiosa e perigos\u00edssima"},"content":{"rendered":"<p><img data-recalc-dims=\"1\" loading=\"lazy\" decoding=\"async\" data-attachment-id=\"17102\" data-permalink=\"http:\/\/blogdalucianaoliveira.com.br\/blog\/2018\/03\/19\/a-fleuma-dos-imbecis-e-viral-contagiosa-e-perigosissima\/fle-4\/\" data-orig-file=\"https:\/\/i0.wp.com\/blogdalucianaoliveira.com.br\/blog\/wp-content\/uploads\/2018\/03\/fle.jpg?fit=700%2C700\" data-orig-size=\"700,700\" data-comments-opened=\"0\" data-image-meta=\"{&quot;aperture&quot;:&quot;0&quot;,&quot;credit&quot;:&quot;&quot;,&quot;camera&quot;:&quot;&quot;,&quot;caption&quot;:&quot;&quot;,&quot;created_timestamp&quot;:&quot;0&quot;,&quot;copyright&quot;:&quot;&quot;,&quot;focal_length&quot;:&quot;0&quot;,&quot;iso&quot;:&quot;0&quot;,&quot;shutter_speed&quot;:&quot;0&quot;,&quot;title&quot;:&quot;&quot;,&quot;orientation&quot;:&quot;1&quot;}\" data-image-title=\"fle\" data-image-description=\"\" data-image-caption=\"\" data-medium-file=\"https:\/\/i0.wp.com\/blogdalucianaoliveira.com.br\/blog\/wp-content\/uploads\/2018\/03\/fle.jpg?fit=300%2C300\" data-large-file=\"https:\/\/i0.wp.com\/blogdalucianaoliveira.com.br\/blog\/wp-content\/uploads\/2018\/03\/fle.jpg?fit=600%2C600\" class=\"alignnone size-full wp-image-17102\" src=\"https:\/\/i0.wp.com\/blogdalucianaoliveira.com.br\/blog\/wp-content\/uploads\/2018\/03\/fle.jpg?resize=600%2C600\" alt=\"fle\" width=\"600\" height=\"600\" srcset=\"https:\/\/i0.wp.com\/blogdalucianaoliveira.com.br\/blog\/wp-content\/uploads\/2018\/03\/fle.jpg?w=700 700w, https:\/\/i0.wp.com\/blogdalucianaoliveira.com.br\/blog\/wp-content\/uploads\/2018\/03\/fle.jpg?resize=150%2C150 150w, https:\/\/i0.wp.com\/blogdalucianaoliveira.com.br\/blog\/wp-content\/uploads\/2018\/03\/fle.jpg?resize=300%2C300 300w\" sizes=\"auto, (max-width: 600px) 100vw, 600px\" \/><\/p>\n<p><strong>No Rond\u00f4nia Din\u00e2mica \u2013\u00a0<\/strong>Tudo no Brasil de hoje em dia \u00e9 motivo para calorosos embates pol\u00edticos e ideol\u00f3gicos.\u00a0Respeito?\u00a0\u00c9 um voc\u00e1bulo em desuso, cheio de teias de aranha e que, muito em breve, ser\u00e1 ostentado apenas em museus da L\u00edngua Portuguesa e como artigo colecion\u00e1vel a decorar paredes por a\u00ed.<!--more--><\/p>\n<p>Todos querem empurrar a raz\u00e3o goela abaixo de seus advers\u00e1rios \u00e0 base da rinha cibern\u00e9tica, verdadeiros galin\u00e1ceos trocando bicadas a torto e a direito.<\/p>\n<p>E \u00e9 por isso que a nossa hist\u00f3ria acaba de angariar mais um cap\u00edtulo lament\u00e1vel e vergonhoso ap\u00f3s as execu\u00e7\u00f5es brutais da vereadora Marielle Franco e do\u00a0motorista Anderson\u00a0Pedro Gomes, no Rio de Janeiro.<\/p>\n<p>Em vez de prestar solidariedade \u00e0s v\u00edtimas muita gente enviesada tentou desqualificar Marielle por suas predile\u00e7\u00f5es \u00e0 esquerda espalhando mentiras nas redes, proliferando factoides e a desenhando como uma esp\u00e9cie de monstro engolido pelas pr\u00f3prias convic\u00e7\u00f5es.<\/p>\n<p>E se voc\u00ea acredita que isso \u00e9 coisa de ignorante e mal instru\u00eddo, pense de novo: a desembargadora Mar\u00edlia Castro Neves, do Tribunal de Justi\u00e7a do Rio de Janeiro (TJ\/RJ), contribuiu sobremaneira com o status viral das (des)informa\u00e7\u00f5es\u00a0pululadas.<\/p>\n<p><img data-recalc-dims=\"1\" decoding=\"async\" class=\"entry-thumb\" src=\"https:\/\/i0.wp.com\/www.rondoniadinamica.com\/uploads\/zinha4.jpg?w=600\" alt=\"\" \/><br \/>\n<em>A desembargadora, obviamente, deletou o coment\u00e1rio<\/em><\/p>\n<p>De repente, a pessoa que morreu assassinada com rajadas de balas materializou-se como verdadeira inimiga do sempre autoproclamado \u201ccidad\u00e3o de bem\u201d e, pelo menos para ala significativa da sociedade, o crime hediondo passou a figurar como fagulha casual de justi\u00e7a norteada pelo ad\u00e1gio que versa \u201caqui se faz, aqui se paga\u201d.<\/p>\n<p>E \u00e9 interessante observar que at\u00e9 a maior das desgra\u00e7as serve muito bem de escada a personalidades que j\u00e1 beijaram a lona (e outras coisas bem piores), mas pretendem regressar \u00e0 vida p\u00fablica atrav\u00e9s da pol\u00edtica. Um exemplo \u00e9 o ator porn\u00f4 Alexandre Frota que, por incr\u00edvel que pare\u00e7a, foi al\u00e7ado \u00e0 condi\u00e7\u00e3o de expoente da pretensa nova Rep\u00fablica com prest\u00edgio de cientista pol\u00edtico e social.<\/p>\n<p><img data-recalc-dims=\"1\" decoding=\"async\" class=\"entry-thumb\" src=\"https:\/\/i0.wp.com\/www.rondoniadinamica.com\/uploads\/medic.jpg?w=600\" alt=\"\" \/><br \/>\n<em>M\u00e9dico condenado por estupro de vulner\u00e1vel compartilha<br \/>\nv\u00eddeo do &#8220;cientista&#8221; Frota sobre o assunto<\/em><\/p>\n<p>E s\u00e3o apenas os desavisados que o seguem? Nada disso. Aqui em Rond\u00f4nia mesmo um m\u00e9dico condenado por estupro de vulner\u00e1vel \u2013 e mais um monte de coisas \u2013 andou compartilhando a fala imbeciloide do redator que trabalha para Frota. (Sim, porque a \u201cgenialidade\u201d dele \u00e9 extra\u00edda das letras que escorrem pelo prompter, escritas, claro, por outro pulha).<\/p>\n<p>Tamb\u00e9m por aqui, um delegado de Pol\u00edcia (pois \u00e9!) aposentado\u00a0saiu dando asas \u00e0 imagina\u00e7\u00e3o de outros idiotas ao publicar uma foto de uma mulher sentada no colo de um sujeito qualquer.<\/p>\n<p><img data-recalc-dims=\"1\" decoding=\"async\" class=\"entry-thumb\" src=\"https:\/\/i0.wp.com\/www.rondoniadinamica.com\/uploads\/delegado.jpg?w=600\" alt=\"\" \/><br \/>\n<em>Delegado de Pol\u00edcia aposentado contribui com o segundo assassinato de Marielle: o da reputa\u00e7\u00e3o<\/em><\/p>\n<p>\u201cVereadora Marielle e Marcinho VP\u201d e, logo depois, \u201cN\u00e3o preciso falar nada. A imagem fala por si\u201d \u2013 contou o policial todo pimp\u00e3o aos seus seguidores\u00a0como se tivesse acabado de solucionar um crime.<\/p>\n<p>Realmente, a imagem fala por si, caro delegado. At\u00e9 porque \u00e9 falsa, n\u00e3o \u00e9 mesmo? E nos conta muito sobre a postura equivocada de um homem p\u00fablico a servi\u00e7o do Estado que, em vez de proteger a lei e colaborar com a promo\u00e7\u00e3o real da justi\u00e7a, age com imaturidade e irresponsabilidade ao ajudar a espalhar fake news.<\/p>\n<p><img data-recalc-dims=\"1\" decoding=\"async\" class=\"entry-thumb\" src=\"https:\/\/i0.wp.com\/www.rondoniadinamica.com\/uploads\/retard.jpg?w=600\" alt=\"\" \/><\/p>\n<p>E se colaborar com a destrui\u00e7\u00e3o da reputa\u00e7\u00e3o alheia \u2013 matando uma pessoa pela segunda vez \u2013 n\u00e3o \u00e9 crime, ent\u00e3o n\u00e3o sei mais o que \u00e9.<\/p>\n<p>A verdade \u00e9 que a fleuma dos imbecis vem alcan\u00e7ando n\u00edveis irrefre\u00e1veis revelando um futuro cada vez mais aterrador!<\/p>\n<p><img data-recalc-dims=\"1\" decoding=\"async\" class=\"entry-thumb\" src=\"https:\/\/i0.wp.com\/www.rondoniadinamica.com\/uploads\/VINICIUS-PRONTO_30.jpg?w=600\" \/><\/p>\n<p><strong>Autor \/ Fonte: Vinicius Canova<\/strong><\/p>\n","protected":false},"excerpt":{"rendered":"<p>No Rond\u00f4nia Din\u00e2mica \u2013\u00a0Tudo no Brasil de hoje em dia \u00e9 motivo para calorosos embates pol\u00edticos e ideol\u00f3gicos.\u00a0Respeito?\u00a0\u00c9 um voc\u00e1bulo em desuso, cheio de teias de aranha e que, muito em breve, ser\u00e1 ostentado apenas em museus da L\u00edngua Portuguesa e como artigo colecion\u00e1vel a decorar paredes por a\u00ed.<\/p>\n","protected":false},"author":1,"featured_media":0,"comment_status":"closed","ping_status":"open","sticky":false,"template":"","format":"standard","meta":{"_exactmetrics_skip_tracking":false,"_exactmetrics_sitenote_active":false,"_exactmetrics_sitenote_note":"","_exactmetrics_sitenote_category":0,"jetpack_post_was_ever_published":false,"_jetpack_newsletter_access":"","_jetpack_dont_email_post_to_subs":false,"_jetpack_newsletter_tier_id":0,"_jetpack_memberships_contains_paywalled_content":false,"_jetpack_memberships_contains_paid_content":false,"footnotes":"","jetpack_publicize_message":"","jetpack_publicize_feature_enabled":true,"jetpack_social_post_already_shared":true,"jetpack_social_options":{"image_generator_settings":{"template":"highway","enabled":false},"version":2}},"categories":[1],"tags":[],"class_list":["post-17101","post","type-post","status-publish","format-standard","hentry","category-notas"],"jetpack_publicize_connections":[],"jetpack_sharing_enabled":true,"jetpack_featured_media_url":"","jetpack_shortlink":"https:\/\/wp.me\/p7wKYW-4rP","jetpack-related-posts":[],"_links":{"self":[{"href":"http:\/\/blogdalucianaoliveira.com.br\/blog\/wp-json\/wp\/v2\/posts\/17101","targetHints":{"allow":["GET"]}}],"collection":[{"href":"http:\/\/blogdalucianaoliveira.com.br\/blog\/wp-json\/wp\/v2\/posts"}],"about":[{"href":"http:\/\/blogdalucianaoliveira.com.br\/blog\/wp-json\/wp\/v2\/types\/post"}],"author":[{"embeddable":true,"href":"http:\/\/blogdalucianaoliveira.com.br\/blog\/wp-json\/wp\/v2\/users\/1"}],"replies":[{"embeddable":true,"href":"http:\/\/blogdalucianaoliveira.com.br\/blog\/wp-json\/wp\/v2\/comments?post=17101"}],"version-history":[{"count":1,"href":"http:\/\/blogdalucianaoliveira.com.br\/blog\/wp-json\/wp\/v2\/posts\/17101\/revisions"}],"predecessor-version":[{"id":17103,"href":"http:\/\/blogdalucianaoliveira.com.br\/blog\/wp-json\/wp\/v2\/posts\/17101\/revisions\/17103"}],"wp:attachment":[{"href":"http:\/\/blogdalucianaoliveira.com.br\/blog\/wp-json\/wp\/v2\/media?parent=17101"}],"wp:term":[{"taxonomy":"category","embeddable":true,"href":"http:\/\/blogdalucianaoliveira.com.br\/blog\/wp-json\/wp\/v2\/categories?post=17101"},{"taxonomy":"post_tag","embeddable":true,"href":"http:\/\/blogdalucianaoliveira.com.br\/blog\/wp-json\/wp\/v2\/tags?post=17101"}],"curies":[{"name":"wp","href":"https:\/\/api.w.org\/{rel}","templated":true}]}}