{"id":17109,"date":"2018-03-20T10:07:17","date_gmt":"2018-03-20T14:07:17","guid":{"rendered":"http:\/\/blogdalucianaoliveira.com.br\/blog\/?p=17109"},"modified":"2018-03-20T10:08:51","modified_gmt":"2018-03-20T14:08:51","slug":"ensino-as-criancas-a-ter-respeito-pelos-outros-professora-com-sindrome-de-down-responde-a-desembargadora","status":"publish","type":"post","link":"http:\/\/blogdalucianaoliveira.com.br\/blog\/2018\/03\/20\/ensino-as-criancas-a-ter-respeito-pelos-outros-professora-com-sindrome-de-down-responde-a-desembargadora\/","title":{"rendered":"\u201cEnsino as crian\u00e7as a ter respeito pelos outros\u201d: professora com S\u00edndrome de Down responde \u00e0 desembargadora"},"content":{"rendered":"<p><img data-recalc-dims=\"1\" loading=\"lazy\" decoding=\"async\" data-attachment-id=\"17112\" data-permalink=\"http:\/\/blogdalucianaoliveira.com.br\/blog\/2018\/03\/20\/ensino-as-criancas-a-ter-respeito-pelos-outros-professora-com-sindrome-de-down-responde-a-desembargadora\/si-3\/\" data-orig-file=\"https:\/\/i0.wp.com\/blogdalucianaoliveira.com.br\/blog\/wp-content\/uploads\/2018\/03\/si.png?fit=596%2C400\" data-orig-size=\"596,400\" data-comments-opened=\"0\" data-image-meta=\"{&quot;aperture&quot;:&quot;0&quot;,&quot;credit&quot;:&quot;&quot;,&quot;camera&quot;:&quot;&quot;,&quot;caption&quot;:&quot;&quot;,&quot;created_timestamp&quot;:&quot;0&quot;,&quot;copyright&quot;:&quot;&quot;,&quot;focal_length&quot;:&quot;0&quot;,&quot;iso&quot;:&quot;0&quot;,&quot;shutter_speed&quot;:&quot;0&quot;,&quot;title&quot;:&quot;&quot;,&quot;orientation&quot;:&quot;0&quot;}\" data-image-title=\"si\" data-image-description=\"\" data-image-caption=\"\" data-medium-file=\"https:\/\/i0.wp.com\/blogdalucianaoliveira.com.br\/blog\/wp-content\/uploads\/2018\/03\/si.png?fit=300%2C201\" data-large-file=\"https:\/\/i0.wp.com\/blogdalucianaoliveira.com.br\/blog\/wp-content\/uploads\/2018\/03\/si.png?fit=596%2C400\" class=\"alignnone size-full wp-image-17112\" src=\"https:\/\/i0.wp.com\/blogdalucianaoliveira.com.br\/blog\/wp-content\/uploads\/2018\/03\/si.png?resize=596%2C400\" alt=\"si\" width=\"596\" height=\"400\" srcset=\"https:\/\/i0.wp.com\/blogdalucianaoliveira.com.br\/blog\/wp-content\/uploads\/2018\/03\/si.png?w=596 596w, https:\/\/i0.wp.com\/blogdalucianaoliveira.com.br\/blog\/wp-content\/uploads\/2018\/03\/si.png?resize=300%2C201 300w, https:\/\/i0.wp.com\/blogdalucianaoliveira.com.br\/blog\/wp-content\/uploads\/2018\/03\/si.png?resize=447%2C300 447w\" sizes=\"auto, (max-width: 596px) 100vw, 596px\" \/><\/p>\n<p>No DCM, por Kiko Nogueira &#8211; A professora\u00a0D\u00e9bora Seabra de Moura respondeu \u00e0 desembargadora Mar\u00edlia Castro Neves, que a ridicularizou no Facebook.<\/p>\n<p>\u201cApuro os ouvidos e ou\u00e7o a p\u00e9rola: o Brasil \u00e9 o primeiro pa\u00eds a ter uma professora portadora de s\u00edndrome de down!!! Poxa, pensei, legal, s\u00e3o os programas de inclus\u00e3o social\u2026 A\u00ed me perguntei: o que ser\u00e1 que essa professora ensina a quem?\u201d,\u00a0<a href=\"http:\/\/www.tribunadonorte.com.br\/noticia\/professora-com-sa-ndrome-de-down-rebate-cra-tica-atribua-da-a-desembargadora-do-rj\/407967\">escreveu Mar\u00edlia<\/a>.<!--more--><\/p>\n<p><img data-recalc-dims=\"1\" loading=\"lazy\" decoding=\"async\" data-attachment-id=\"17110\" data-permalink=\"http:\/\/blogdalucianaoliveira.com.br\/blog\/2018\/03\/20\/ensino-as-criancas-a-ter-respeito-pelos-outros-professora-com-sindrome-de-down-responde-a-desembargadora\/ma-2\/\" data-orig-file=\"https:\/\/i0.wp.com\/blogdalucianaoliveira.com.br\/blog\/wp-content\/uploads\/2018\/03\/ma.jpg?fit=768%2C843\" data-orig-size=\"768,843\" data-comments-opened=\"0\" data-image-meta=\"{&quot;aperture&quot;:&quot;0&quot;,&quot;credit&quot;:&quot;&quot;,&quot;camera&quot;:&quot;&quot;,&quot;caption&quot;:&quot;&quot;,&quot;created_timestamp&quot;:&quot;0&quot;,&quot;copyright&quot;:&quot;&quot;,&quot;focal_length&quot;:&quot;0&quot;,&quot;iso&quot;:&quot;0&quot;,&quot;shutter_speed&quot;:&quot;0&quot;,&quot;title&quot;:&quot;&quot;,&quot;orientation&quot;:&quot;0&quot;}\" data-image-title=\"ma\" data-image-description=\"\" data-image-caption=\"\" data-medium-file=\"https:\/\/i0.wp.com\/blogdalucianaoliveira.com.br\/blog\/wp-content\/uploads\/2018\/03\/ma.jpg?fit=273%2C300\" data-large-file=\"https:\/\/i0.wp.com\/blogdalucianaoliveira.com.br\/blog\/wp-content\/uploads\/2018\/03\/ma.jpg?fit=600%2C659\" class=\"alignnone size-full wp-image-17110\" src=\"https:\/\/i0.wp.com\/blogdalucianaoliveira.com.br\/blog\/wp-content\/uploads\/2018\/03\/ma.jpg?resize=600%2C659\" alt=\"ma\" width=\"600\" height=\"659\" srcset=\"https:\/\/i0.wp.com\/blogdalucianaoliveira.com.br\/blog\/wp-content\/uploads\/2018\/03\/ma.jpg?w=768 768w, https:\/\/i0.wp.com\/blogdalucianaoliveira.com.br\/blog\/wp-content\/uploads\/2018\/03\/ma.jpg?resize=273%2C300 273w\" sizes=\"auto, (max-width: 600px) 100vw, 600px\" \/><\/p>\n<p>D\u00e9bora Seabra tem 36 anos e trabalha h\u00e1 13 como assistente em um col\u00e9gio particular e tradicional de Natal, a Escola Dom\u00e9stica.<\/p>\n<div class=\"td-a-rec td-a-rec-id-content_inlineright \"><\/div>\n<p>\u00c9 autora de livro infantil chamado \u201cD\u00e9bora Conta Hist\u00f3rias\u201d (Alfaguara Brasil, 2013) e j\u00e1 recebeu convites para realizar palestras em v\u00e1rias partes do Brasil e no exterior.<\/p>\n<p>Em 2015, por ser considerada exemplo no desenvolvimento de a\u00e7\u00f5es educativas, recebeu o Pr\u00eamio Darcy Ribeiro de Educa\u00e7\u00e3o em Bras\u00edlia.<\/p>\n<p>Abaixo, sua carta aberta:<\/p>\n<p><a href=\"https:\/\/www.diariodocentrodomundo.com.br\/ensino-as-criancas-a-ter-respeito-pelos-outros-professora-com-sindrome-de-down-responde-a-desembargadora\/professora-sindrome-de-down\/\" rel=\"attachment wp-att-209037\"><img data-recalc-dims=\"1\" loading=\"lazy\" decoding=\"async\" class=\"aligncenter size-large wp-image-209037\" src=\"https:\/\/i0.wp.com\/www.diariodocentrodomundo.com.br\/wp-content\/uploads\/2018\/03\/professora-sindrome-de-down-477x600.jpg?resize=477%2C600&#038;ssl=1\" sizes=\"auto, (max-width: 477px) 100vw, 477px\" srcset=\"https:\/\/www.diariodocentrodomundo.com.br\/wp-content\/uploads\/2018\/03\/professora-sindrome-de-down-477x600.jpg 477w, https:\/\/www.diariodocentrodomundo.com.br\/wp-content\/uploads\/2018\/03\/professora-sindrome-de-down-238x300.jpg 238w, https:\/\/www.diariodocentrodomundo.com.br\/wp-content\/uploads\/2018\/03\/professora-sindrome-de-down-768x966.jpg 768w, https:\/\/www.diariodocentrodomundo.com.br\/wp-content\/uploads\/2018\/03\/professora-sindrome-de-down-334x420.jpg 334w, https:\/\/www.diariodocentrodomundo.com.br\/wp-content\/uploads\/2018\/03\/professora-sindrome-de-down-640x805.jpg 640w, https:\/\/www.diariodocentrodomundo.com.br\/wp-content\/uploads\/2018\/03\/professora-sindrome-de-down-681x857.jpg 681w, https:\/\/www.diariodocentrodomundo.com.br\/wp-content\/uploads\/2018\/03\/professora-sindrome-de-down.jpg 953w\" alt=\"\" width=\"477\" height=\"600\" \/><\/a><\/p>\n<div id=\"execphp-67\" class=\"td_block_template_1 widget widget_execphp\"><\/div>\n","protected":false},"excerpt":{"rendered":"<p>No DCM, por Kiko Nogueira &#8211; A professora\u00a0D\u00e9bora Seabra de Moura respondeu \u00e0 desembargadora Mar\u00edlia Castro Neves, que a ridicularizou no Facebook. \u201cApuro os ouvidos e ou\u00e7o a p\u00e9rola: o Brasil \u00e9 o primeiro pa\u00eds a ter uma professora portadora de s\u00edndrome de down!!! Poxa, pensei, legal, s\u00e3o os programas de inclus\u00e3o social\u2026 A\u00ed me&#8230;<a class=\"more-link\" href=\"http:\/\/blogdalucianaoliveira.com.br\/blog\/2018\/03\/20\/ensino-as-criancas-a-ter-respeito-pelos-outros-professora-com-sindrome-de-down-responde-a-desembargadora\/\">Continue a leitura <span class=\"meta-nav\">&raquo;<\/span><\/a><\/p>\n","protected":false},"author":1,"featured_media":17112,"comment_status":"closed","ping_status":"open","sticky":false,"template":"","format":"standard","meta":{"_exactmetrics_skip_tracking":false,"_exactmetrics_sitenote_active":false,"_exactmetrics_sitenote_note":"","_exactmetrics_sitenote_category":0,"jetpack_post_was_ever_published":false,"_jetpack_newsletter_access":"","_jetpack_dont_email_post_to_subs":false,"_jetpack_newsletter_tier_id":0,"_jetpack_memberships_contains_paywalled_content":false,"_jetpack_memberships_contains_paid_content":false,"footnotes":"","jetpack_publicize_message":"","jetpack_publicize_feature_enabled":true,"jetpack_social_post_already_shared":true,"jetpack_social_options":{"image_generator_settings":{"template":"highway","enabled":false},"version":2}},"categories":[1],"tags":[],"class_list":["post-17109","post","type-post","status-publish","format-standard","has-post-thumbnail","hentry","category-notas"],"jetpack_publicize_connections":[],"jetpack_sharing_enabled":true,"jetpack_featured_media_url":"https:\/\/i0.wp.com\/blogdalucianaoliveira.com.br\/blog\/wp-content\/uploads\/2018\/03\/si.png?fit=596%2C400","jetpack_shortlink":"https:\/\/wp.me\/p7wKYW-4rX","jetpack-related-posts":[],"_links":{"self":[{"href":"http:\/\/blogdalucianaoliveira.com.br\/blog\/wp-json\/wp\/v2\/posts\/17109","targetHints":{"allow":["GET"]}}],"collection":[{"href":"http:\/\/blogdalucianaoliveira.com.br\/blog\/wp-json\/wp\/v2\/posts"}],"about":[{"href":"http:\/\/blogdalucianaoliveira.com.br\/blog\/wp-json\/wp\/v2\/types\/post"}],"author":[{"embeddable":true,"href":"http:\/\/blogdalucianaoliveira.com.br\/blog\/wp-json\/wp\/v2\/users\/1"}],"replies":[{"embeddable":true,"href":"http:\/\/blogdalucianaoliveira.com.br\/blog\/wp-json\/wp\/v2\/comments?post=17109"}],"version-history":[{"count":2,"href":"http:\/\/blogdalucianaoliveira.com.br\/blog\/wp-json\/wp\/v2\/posts\/17109\/revisions"}],"predecessor-version":[{"id":17113,"href":"http:\/\/blogdalucianaoliveira.com.br\/blog\/wp-json\/wp\/v2\/posts\/17109\/revisions\/17113"}],"wp:featuredmedia":[{"embeddable":true,"href":"http:\/\/blogdalucianaoliveira.com.br\/blog\/wp-json\/wp\/v2\/media\/17112"}],"wp:attachment":[{"href":"http:\/\/blogdalucianaoliveira.com.br\/blog\/wp-json\/wp\/v2\/media?parent=17109"}],"wp:term":[{"taxonomy":"category","embeddable":true,"href":"http:\/\/blogdalucianaoliveira.com.br\/blog\/wp-json\/wp\/v2\/categories?post=17109"},{"taxonomy":"post_tag","embeddable":true,"href":"http:\/\/blogdalucianaoliveira.com.br\/blog\/wp-json\/wp\/v2\/tags?post=17109"}],"curies":[{"name":"wp","href":"https:\/\/api.w.org\/{rel}","templated":true}]}}