{"id":17114,"date":"2018-03-20T12:18:09","date_gmt":"2018-03-20T16:18:09","guid":{"rendered":"http:\/\/blogdalucianaoliveira.com.br\/blog\/?p=17114"},"modified":"2018-03-20T14:03:27","modified_gmt":"2018-03-20T18:03:27","slug":"o-povo-contra-marilia-castro-nega-perdao","status":"publish","type":"post","link":"http:\/\/blogdalucianaoliveira.com.br\/blog\/2018\/03\/20\/o-povo-contra-marilia-castro-nega-perdao\/","title":{"rendered":"O povo contra Mar\u00edlia Castro, nega perd\u00e3o"},"content":{"rendered":"<p><img data-recalc-dims=\"1\" loading=\"lazy\" decoding=\"async\" data-attachment-id=\"17115\" data-permalink=\"http:\/\/blogdalucianaoliveira.com.br\/blog\/2018\/03\/20\/o-povo-contra-marilia-castro-nega-perdao\/desembargadora-marilia-castro-neves\/\" data-orig-file=\"https:\/\/i0.wp.com\/blogdalucianaoliveira.com.br\/blog\/wp-content\/uploads\/2018\/03\/desembargadora-marilia-castro-neves.jpg?fit=840%2C577\" data-orig-size=\"840,577\" data-comments-opened=\"0\" data-image-meta=\"{&quot;aperture&quot;:&quot;0&quot;,&quot;credit&quot;:&quot;&quot;,&quot;camera&quot;:&quot;&quot;,&quot;caption&quot;:&quot;&quot;,&quot;created_timestamp&quot;:&quot;0&quot;,&quot;copyright&quot;:&quot;&quot;,&quot;focal_length&quot;:&quot;0&quot;,&quot;iso&quot;:&quot;0&quot;,&quot;shutter_speed&quot;:&quot;0&quot;,&quot;title&quot;:&quot;&quot;,&quot;orientation&quot;:&quot;0&quot;}\" data-image-title=\"desembargadora-marilia-castro-neves\" data-image-description=\"\" data-image-caption=\"\" data-medium-file=\"https:\/\/i0.wp.com\/blogdalucianaoliveira.com.br\/blog\/wp-content\/uploads\/2018\/03\/desembargadora-marilia-castro-neves.jpg?fit=300%2C206\" data-large-file=\"https:\/\/i0.wp.com\/blogdalucianaoliveira.com.br\/blog\/wp-content\/uploads\/2018\/03\/desembargadora-marilia-castro-neves.jpg?fit=600%2C412\" src=\"https:\/\/i0.wp.com\/blogdalucianaoliveira.com.br\/blog\/wp-content\/uploads\/2018\/03\/desembargadora-marilia-castro-neves.jpg?resize=600%2C412\" alt=\"desembargadora-marilia-castro-neves\" width=\"600\" height=\"412\" class=\"alignnone size-full wp-image-17115\" srcset=\"https:\/\/i0.wp.com\/blogdalucianaoliveira.com.br\/blog\/wp-content\/uploads\/2018\/03\/desembargadora-marilia-castro-neves.jpg?w=840 840w, https:\/\/i0.wp.com\/blogdalucianaoliveira.com.br\/blog\/wp-content\/uploads\/2018\/03\/desembargadora-marilia-castro-neves.jpg?resize=300%2C206 300w, https:\/\/i0.wp.com\/blogdalucianaoliveira.com.br\/blog\/wp-content\/uploads\/2018\/03\/desembargadora-marilia-castro-neves.jpg?resize=768%2C528 768w, https:\/\/i0.wp.com\/blogdalucianaoliveira.com.br\/blog\/wp-content\/uploads\/2018\/03\/desembargadora-marilia-castro-neves.jpg?resize=437%2C300 437w\" sizes=\"auto, (max-width: 600px) 100vw, 600px\" \/><\/p>\n<p>A que ponto chegaremos? Quantos passos demos para o monstruoso retrocesso nos \u00faltimos tr\u00eas anos? Imposs\u00edvel calcular, porque \u00e0s vezes um passo nos transporta h\u00e1 mais de um s\u00e9culo.<\/p>\n<p>A marcha a r\u00e9 tem sido no \u2018tranco\u2019, mas em declive, em velocidade.<\/p>\n<p>S\u00e3o racistas e fascistas os que d\u00e3o uma m\u00e3ozinha ao Brasil que a maioria n\u00e3o quer e eles est\u00e3o em todas as esferas de poder.<!--more--><\/p>\n<p>Por causa dessa turba reacion\u00e1ria e imprest\u00e1vel, alguns direitos que estavam em nossas m\u00e3os aparecem desfocados no horizonte, a reconquistar. <\/p>\n<p>O desvio fraudulento no curso da hist\u00f3ria para derrubar uma presidente eleita, deixou o pa\u00eds mais desigual e perigoso.<\/p>\n<p>Os que se submetiam a avan\u00e7os, agora se sentem \u00e0 vontade para promover o retrocesso passando por cima de todos os marcos civilizat\u00f3rios, inclusive e desgra\u00e7adamente, os que t\u00eam o poder de dizer o direito.<\/p>\n<p>Foi como uma cuspida na cara ver quem julga cal\u00fania, praticar cal\u00fania. <\/p>\n<p>Pior, foi num grupo virtual com \u2018participa\u00e7\u00e3o exclusiva de magistrados\u2019 que a desembargadora Mar\u00edlia Castro Neves praticou t\u00e3o grave crime contra a vereadora Marielle Franco que acabara de ser assassinada brutalmente para n\u00e3o lutar mais por justi\u00e7a social.<\/p>\n<p>E se Marielle tivesse engravidado aos 16 anos e casado com um traficante, como propagou o deputado Alberto Fraga (DEM)?  Sua execu\u00e7\u00e3o poderia insinuar qualquer justificativa?<\/p>\n<p>\u00c9 claro que n\u00e3o e essa compreens\u00e3o que a sociedade espera de ju\u00edzes que n\u00e3o violam seus deveres funcionais com achismos toscos, despropositados em qualquer na\u00e7\u00e3o minimante civilizada.<\/p>\n<p>A mim, o que mais choca \u00e9 que n\u00e3o tenha partido de seus colegas de grupo, magistrados e magistradas, o imediato rep\u00fadio e representa\u00e7\u00e3o no Conselho Nacional de Justi\u00e7a.<\/p>\n<p>Quantos mais como ela?<\/p>\n<p>Ap\u00f3s dias sob artilharia pesada contra sua inaceit\u00e1vel postura, a desembargadora divulgou uma esp\u00e9cie de \u2018mea-culpa\u2019.<\/p>\n<p>\u201cDiante das manifesta\u00e7\u00f5es contra meu coment\u00e1rio, proferido em uma discuss\u00e3o no Facebook de um colega, a respeito da morte da vereadora Marielle Franco venho declarar o que segue: no af\u00e3 de defender as institui\u00e7\u00f5es policiais, ao meu ver injustamente atacadas, repassei de forma precipitada, noticias que circulavam nas redes sociais. A conduta mais ponderada seria a de esperar o t\u00e9rmino das investiga\u00e7\u00f5es para ent\u00e3o, ainda na condi\u00e7\u00e3o de cidad\u00e3, opinar ou n\u00e3o sobre o tema\u201d, escreveu a desembargadora.<br \/>\n\u201cReitero minha confian\u00e7a nas institui\u00e7\u00f5es policiais, esperando, como cidad\u00e3, que este b\u00e1rbaro crime seja desvendado o mais r\u00e1pido poss\u00edvel. Independentemente do que se conclua das investiga\u00e7\u00f5es, a morte tr\u00e1gica de um ser humano \u00e9 algo que se deve lamentar e seus algozes merecem o absoluto rigor da lei\u201d, concluiu Marilia Castro Neves.\u201d<\/p>\n<p>Nem se livrou do vexame para destruir a reputa\u00e7\u00e3o da vereadora Marielle, a tal desembargadora atacou com abomin\u00e1vel preconceito uma professora com s\u00edndrome de Down.<\/p>\n<p><img data-recalc-dims=\"1\" loading=\"lazy\" decoding=\"async\" data-attachment-id=\"17110\" data-permalink=\"http:\/\/blogdalucianaoliveira.com.br\/blog\/2018\/03\/20\/ensino-as-criancas-a-ter-respeito-pelos-outros-professora-com-sindrome-de-down-responde-a-desembargadora\/ma-2\/\" data-orig-file=\"https:\/\/i0.wp.com\/blogdalucianaoliveira.com.br\/blog\/wp-content\/uploads\/2018\/03\/ma.jpg?fit=768%2C843\" data-orig-size=\"768,843\" data-comments-opened=\"0\" data-image-meta=\"{&quot;aperture&quot;:&quot;0&quot;,&quot;credit&quot;:&quot;&quot;,&quot;camera&quot;:&quot;&quot;,&quot;caption&quot;:&quot;&quot;,&quot;created_timestamp&quot;:&quot;0&quot;,&quot;copyright&quot;:&quot;&quot;,&quot;focal_length&quot;:&quot;0&quot;,&quot;iso&quot;:&quot;0&quot;,&quot;shutter_speed&quot;:&quot;0&quot;,&quot;title&quot;:&quot;&quot;,&quot;orientation&quot;:&quot;0&quot;}\" data-image-title=\"ma\" data-image-description=\"\" data-image-caption=\"\" data-medium-file=\"https:\/\/i0.wp.com\/blogdalucianaoliveira.com.br\/blog\/wp-content\/uploads\/2018\/03\/ma.jpg?fit=273%2C300\" data-large-file=\"https:\/\/i0.wp.com\/blogdalucianaoliveira.com.br\/blog\/wp-content\/uploads\/2018\/03\/ma.jpg?fit=600%2C659\" src=\"https:\/\/i0.wp.com\/blogdalucianaoliveira.com.br\/blog\/wp-content\/uploads\/2018\/03\/ma.jpg?resize=600%2C659\" alt=\"ma\" width=\"600\" height=\"659\" class=\"alignnone size-full wp-image-17110\" srcset=\"https:\/\/i0.wp.com\/blogdalucianaoliveira.com.br\/blog\/wp-content\/uploads\/2018\/03\/ma.jpg?w=768 768w, https:\/\/i0.wp.com\/blogdalucianaoliveira.com.br\/blog\/wp-content\/uploads\/2018\/03\/ma.jpg?resize=273%2C300 273w\" sizes=\"auto, (max-width: 600px) 100vw, 600px\" \/><\/p>\n<p>Em resposta \u00e0 desembargadora, a professora D\u00e9bora Seabra,  autora do livro infantil chamado D\u00e9bora Conta Hist\u00f3rias, reconhecida com Pr\u00eamio Darcy Ribeiro de Educa\u00e7\u00e3o em Bras\u00edlia como exemplo no desenvolvimento de a\u00e7\u00f5es educativas no pa\u00eds, publicou:<\/p>\n<p>&#8220;N\u00e3o quero bater boca com voc\u00ea! S\u00f3 quero dizer que tenho s\u00edndrome de Down e sou professora auxiliar de crian\u00e7as em uma escola de Natal (RN). (&#8230;) Eu ensino muitas coisas para as crian\u00e7as. A principal \u00e9 que elas sejam educadas, tenham respeito pelas outras, aceitem as diferen\u00e7as de cada uma, ajudem a quem precisa mais. (&#8230;) O que eu acho mais importante de tudo isso \u00e9 ensinar a incluir as crian\u00e7as e todo mundo pra acabar com o preconceito porque \u00e9 crime. Quem discrimina \u00e9 criminoso&#8221;.<\/p>\n<p>N\u00e3o! O povo contra Mar\u00edlia Castro, nega perd\u00e3o.<\/p>\n<p>E o povo protesta desde j\u00e1, porque banida da privilegiada casta da magistratura n\u00e3o perder\u00e1 seus vencimentos.<\/p>\n<p>Em janeiro, segundo mostra o site do CNJ, ela recebeu acima do teto constitucional, R$ 51.096,09, dos quais mais de 16 mil se referem a direitos eventuais e indeniza\u00e7\u00f5es.<\/p>\n<p>Fica a pergunta: a que ponto de depauperamento como na\u00e7\u00e3o e sociedade chegaremos por gente do tipo dessa desembargadora?<\/p>\n<p>Que aja r\u00e1pido o CNJ, para proteger a sociedade.<\/p>\n<div class=\"jetpack-video-wrapper\"><iframe loading=\"lazy\" title=\"O povo contra Mar\u00edlia Castro, nega perd\u00e3o\" width=\"600\" height=\"338\" src=\"https:\/\/www.youtube.com\/embed\/JS3U833A-5g?feature=oembed\" frameborder=\"0\" allow=\"accelerometer; autoplay; clipboard-write; encrypted-media; gyroscope; picture-in-picture; web-share\" referrerpolicy=\"strict-origin-when-cross-origin\" allowfullscreen><\/iframe><\/div>\n","protected":false},"excerpt":{"rendered":"<p>A que ponto chegaremos? Quantos passos demos para o monstruoso retrocesso nos \u00faltimos tr\u00eas anos? Imposs\u00edvel calcular, porque \u00e0s vezes um passo nos transporta h\u00e1 mais de um s\u00e9culo. A marcha a r\u00e9 tem sido no \u2018tranco\u2019, mas em declive, em velocidade. S\u00e3o racistas e fascistas os que d\u00e3o uma m\u00e3ozinha ao Brasil que a&#8230;<a class=\"more-link\" href=\"http:\/\/blogdalucianaoliveira.com.br\/blog\/2018\/03\/20\/o-povo-contra-marilia-castro-nega-perdao\/\">Continue a leitura <span class=\"meta-nav\">&raquo;<\/span><\/a><\/p>\n","protected":false},"author":1,"featured_media":0,"comment_status":"closed","ping_status":"open","sticky":false,"template":"","format":"standard","meta":{"_exactmetrics_skip_tracking":false,"_exactmetrics_sitenote_active":false,"_exactmetrics_sitenote_note":"","_exactmetrics_sitenote_category":0,"jetpack_post_was_ever_published":false,"_jetpack_newsletter_access":"","_jetpack_dont_email_post_to_subs":false,"_jetpack_newsletter_tier_id":0,"_jetpack_memberships_contains_paywalled_content":false,"_jetpack_memberships_contains_paid_content":false,"footnotes":"","jetpack_publicize_message":"","jetpack_publicize_feature_enabled":true,"jetpack_social_post_already_shared":true,"jetpack_social_options":{"image_generator_settings":{"template":"highway","enabled":false},"version":2}},"categories":[1],"tags":[],"class_list":["post-17114","post","type-post","status-publish","format-standard","hentry","category-notas"],"jetpack_publicize_connections":[],"jetpack_sharing_enabled":true,"jetpack_featured_media_url":"","jetpack_shortlink":"https:\/\/wp.me\/p7wKYW-4s2","jetpack-related-posts":[],"_links":{"self":[{"href":"http:\/\/blogdalucianaoliveira.com.br\/blog\/wp-json\/wp\/v2\/posts\/17114","targetHints":{"allow":["GET"]}}],"collection":[{"href":"http:\/\/blogdalucianaoliveira.com.br\/blog\/wp-json\/wp\/v2\/posts"}],"about":[{"href":"http:\/\/blogdalucianaoliveira.com.br\/blog\/wp-json\/wp\/v2\/types\/post"}],"author":[{"embeddable":true,"href":"http:\/\/blogdalucianaoliveira.com.br\/blog\/wp-json\/wp\/v2\/users\/1"}],"replies":[{"embeddable":true,"href":"http:\/\/blogdalucianaoliveira.com.br\/blog\/wp-json\/wp\/v2\/comments?post=17114"}],"version-history":[{"count":7,"href":"http:\/\/blogdalucianaoliveira.com.br\/blog\/wp-json\/wp\/v2\/posts\/17114\/revisions"}],"predecessor-version":[{"id":17122,"href":"http:\/\/blogdalucianaoliveira.com.br\/blog\/wp-json\/wp\/v2\/posts\/17114\/revisions\/17122"}],"wp:attachment":[{"href":"http:\/\/blogdalucianaoliveira.com.br\/blog\/wp-json\/wp\/v2\/media?parent=17114"}],"wp:term":[{"taxonomy":"category","embeddable":true,"href":"http:\/\/blogdalucianaoliveira.com.br\/blog\/wp-json\/wp\/v2\/categories?post=17114"},{"taxonomy":"post_tag","embeddable":true,"href":"http:\/\/blogdalucianaoliveira.com.br\/blog\/wp-json\/wp\/v2\/tags?post=17114"}],"curies":[{"name":"wp","href":"https:\/\/api.w.org\/{rel}","templated":true}]}}