{"id":17123,"date":"2018-03-20T17:44:18","date_gmt":"2018-03-20T21:44:18","guid":{"rendered":"http:\/\/blogdalucianaoliveira.com.br\/blog\/?p=17123"},"modified":"2018-03-20T17:44:18","modified_gmt":"2018-03-20T21:44:18","slug":"stf-implode-decano-acusa-carmen-lucia-de-quebrar-acordo","status":"publish","type":"post","link":"http:\/\/blogdalucianaoliveira.com.br\/blog\/2018\/03\/20\/stf-implode-decano-acusa-carmen-lucia-de-quebrar-acordo\/","title":{"rendered":"STF IMPLODE: DECANO ACUSA CARMEN L\u00daCIA DE QUEBRAR ACORDO"},"content":{"rendered":"<p><img data-recalc-dims=\"1\" loading=\"lazy\" decoding=\"async\" data-attachment-id=\"17124\" data-permalink=\"http:\/\/blogdalucianaoliveira.com.br\/blog\/2018\/03\/20\/stf-implode-decano-acusa-carmen-lucia-de-quebrar-acordo\/car-3\/\" data-orig-file=\"https:\/\/i0.wp.com\/blogdalucianaoliveira.com.br\/blog\/wp-content\/uploads\/2018\/03\/car.jpg?fit=1000%2C357\" data-orig-size=\"1000,357\" data-comments-opened=\"0\" data-image-meta=\"{&quot;aperture&quot;:&quot;0&quot;,&quot;credit&quot;:&quot;&quot;,&quot;camera&quot;:&quot;&quot;,&quot;caption&quot;:&quot;&quot;,&quot;created_timestamp&quot;:&quot;0&quot;,&quot;copyright&quot;:&quot;&quot;,&quot;focal_length&quot;:&quot;0&quot;,&quot;iso&quot;:&quot;0&quot;,&quot;shutter_speed&quot;:&quot;0&quot;,&quot;title&quot;:&quot;&quot;,&quot;orientation&quot;:&quot;0&quot;}\" data-image-title=\"car\" data-image-description=\"\" data-image-caption=\"\" data-medium-file=\"https:\/\/i0.wp.com\/blogdalucianaoliveira.com.br\/blog\/wp-content\/uploads\/2018\/03\/car.jpg?fit=300%2C107\" data-large-file=\"https:\/\/i0.wp.com\/blogdalucianaoliveira.com.br\/blog\/wp-content\/uploads\/2018\/03\/car.jpg?fit=600%2C214\" src=\"https:\/\/i0.wp.com\/blogdalucianaoliveira.com.br\/blog\/wp-content\/uploads\/2018\/03\/car.jpg?resize=600%2C214\" alt=\"car\" width=\"600\" height=\"214\" class=\"alignnone size-full wp-image-17124\" srcset=\"https:\/\/i0.wp.com\/blogdalucianaoliveira.com.br\/blog\/wp-content\/uploads\/2018\/03\/car.jpg?w=1000 1000w, https:\/\/i0.wp.com\/blogdalucianaoliveira.com.br\/blog\/wp-content\/uploads\/2018\/03\/car.jpg?resize=300%2C107 300w, https:\/\/i0.wp.com\/blogdalucianaoliveira.com.br\/blog\/wp-content\/uploads\/2018\/03\/car.jpg?resize=768%2C274 768w, https:\/\/i0.wp.com\/blogdalucianaoliveira.com.br\/blog\/wp-content\/uploads\/2018\/03\/car.jpg?resize=800%2C286 800w\" sizes=\"auto, (max-width: 600px) 100vw, 600px\" \/><\/p>\n<p>No 247 &#8211; O ministro Celso de Mello, o mais antigo membro do Supremo Tribunal Federal (STF), confirmou nesta ter\u00e7a-feira (20) ter sugerido \u00e0 presidente da Corte, ministra C\u00e1rmen L\u00facia, uma reuni\u00e3o informal entre os 11 ministros, nesta ter\u00e7a-feira, para discutir um poss\u00edvel novo julgamento sobre a pris\u00e3o de condenados em segunda inst\u00e2ncia da Justi\u00e7a.<!--more--><\/p>\n<p>O objetivo, segundo o decano, seria evitar que ela sofresse &#8220;cobran\u00e7a in\u00e9dita&#8221; na hist\u00f3ria do Supremo, feita por um de seus colegas em plen\u00e1rio, para que a a\u00e7\u00e3o sobre o tema seja julgada. Isso ocorreria porque ela tem afirmado que n\u00e3o vai pautar o assunto, por n\u00e3o ver motivos para tal, embora alguns de seus pares tenham defendido publicamente um novo julgamento. A pauta de julgamentos da Corte \u00e9 definida pela presid\u00eancia do STF.<\/p>\n<p>A sugest\u00e3o para a reuni\u00e3o foi feita e acatada na quarta-feira passada, no gabinete dele, afirmou Celso de Mello. No entanto, o encontro n\u00e3o deve ocorrer, pois at\u00e9 o momento n\u00e3o houve convite de C\u00e1rmen aos demais ministros. &#8220;Se n\u00e3o houve convite por parte da presid\u00eancia, isso significa que ela n\u00e3o se mostrou interessada&#8221;, disse o decano.<\/p>\n<p>Os ministros Marco Aur\u00e9lio Mello, Lu\u00eds Roberto Barroso e Gilmar Mendes tamb\u00e9m disseram n\u00e3o terem sido convidados, ap\u00f3s serem questionados por jornalistas nesta ter\u00e7a. Segundo a assessoria do STF, em nenhum momento C\u00e1rmen L\u00facia entendeu que deveria fazer os convites. Ontem (19) o encontro foi confirmado pelo tribunal.<\/p>\n<p>Celso de Mello confirmou haver a possibilidade de que uma quest\u00e3o de ordem seja chamada no plen\u00e1rio do STF, de modo a constranger C\u00e1rmen a colocar as duas a\u00e7\u00f5es diretas de constitucionalidade (ADC) sobre a pris\u00e3o em segunda inst\u00e2ncia em vota\u00e7\u00e3o. Questionado se poderia ser ele a chamar tal quest\u00e3o de ordem, o decano respondeu: &#8220;N\u00e3o sei. Vamos aguardar amanh\u00e3&#8221;.<\/p>\n<p>&#8220;Isso nunca aconteceu na hist\u00f3ria do Supremo. Ao menos nos quase 29 anos que estou aqui. \u00c9 para evitar um constrangimento in\u00e9dito que se sugeriu e a presidente aceitou esse encontro [informal entre os ministros]&#8221;, disse Celso de Mello.<\/p>\n<p>O cumprimento de pena ap\u00f3s condena\u00e7\u00e3o na segunda inst\u00e2ncia da Justi\u00e7a \u00e9 tema que vive impasse no Supremo e alguns ministros, principalmente os mais antigos, manifestaram diversas vezes o desejo de que o assunto volte a ser discutido em plen\u00e1rio.<\/p>\n<p>O tema voltou a ser alvo de pol\u00eamica ap\u00f3s a confirma\u00e7\u00e3o pela segunda inst\u00e2ncia da Justi\u00e7a Federal da condena\u00e7\u00e3o do ex-presidente Luiz In\u00e1cio Lula da Silva por corrup\u00e7\u00e3o e lavagem de dinheiro no caso do tr\u00edplex no Guaruj\u00e1 (SP).<\/p>\n<p>O ministro Marco Aur\u00e9lio Mello liberou, em dezembro, duas a\u00e7\u00f5es declarat\u00f3rias de constitucionalidade (ADC) sobre o tema, uma delas aberta pela Ordem dos Advogados do Brasil (OAB). At\u00e9 o momento, foi julgada apenas uma decis\u00e3o liminar (provis\u00f3ria) sobre o assunto, em 2016, quando o plen\u00e1rio permitiu, por 6 votos a 5, a execu\u00e7\u00e3o provis\u00f3ria de pena ap\u00f3s condena\u00e7\u00e3o em segunda inst\u00e2ncia.<\/p>\n<p>&#8220;O Supremo ficou em uma posi\u00e7\u00e3o que eu diria prec\u00e1ria, por 6 votos a 5, uma discuss\u00e3o que agora se prop\u00f5e uma vez mais&#8221;, disse Celso de Mello, que defende a posi\u00e7\u00e3o de que, para que uma pessoa comece a cumprir sua pena, \u00e9 necess\u00e1rio aguardar o tr\u00e2nsito em julgado, quando n\u00e3o cabem mais recursos tamb\u00e9m nas Cortes Superiores.<\/p>\n<p>Ao menos um ministro, Gilmar Mendes, j\u00e1 anunciou que ir\u00e1 modificar seu voto anterior, mudando o placar final no sentido de que se aguarde ao menos o recurso no Superior Tribunal de Justi\u00e7a (STJ) antes que uma pessoa comece a cumprir pena.<\/p>\n","protected":false},"excerpt":{"rendered":"<p>No 247 &#8211; O ministro Celso de Mello, o mais antigo membro do Supremo Tribunal Federal (STF), confirmou nesta ter\u00e7a-feira (20) ter sugerido \u00e0 presidente da Corte, ministra C\u00e1rmen L\u00facia, uma reuni\u00e3o informal entre os 11 ministros, nesta ter\u00e7a-feira, para discutir um poss\u00edvel novo julgamento sobre a pris\u00e3o de condenados em segunda inst\u00e2ncia da Justi\u00e7a.<\/p>\n","protected":false},"author":1,"featured_media":0,"comment_status":"closed","ping_status":"open","sticky":false,"template":"","format":"standard","meta":{"_exactmetrics_skip_tracking":false,"_exactmetrics_sitenote_active":false,"_exactmetrics_sitenote_note":"","_exactmetrics_sitenote_category":0,"jetpack_post_was_ever_published":false,"_jetpack_newsletter_access":"","_jetpack_dont_email_post_to_subs":false,"_jetpack_newsletter_tier_id":0,"_jetpack_memberships_contains_paywalled_content":false,"_jetpack_memberships_contains_paid_content":false,"footnotes":"","jetpack_publicize_message":"","jetpack_publicize_feature_enabled":true,"jetpack_social_post_already_shared":true,"jetpack_social_options":{"image_generator_settings":{"template":"highway","enabled":false},"version":2}},"categories":[1],"tags":[],"class_list":["post-17123","post","type-post","status-publish","format-standard","hentry","category-notas"],"jetpack_publicize_connections":[],"jetpack_sharing_enabled":true,"jetpack_featured_media_url":"","jetpack_shortlink":"https:\/\/wp.me\/p7wKYW-4sb","jetpack-related-posts":[],"_links":{"self":[{"href":"http:\/\/blogdalucianaoliveira.com.br\/blog\/wp-json\/wp\/v2\/posts\/17123","targetHints":{"allow":["GET"]}}],"collection":[{"href":"http:\/\/blogdalucianaoliveira.com.br\/blog\/wp-json\/wp\/v2\/posts"}],"about":[{"href":"http:\/\/blogdalucianaoliveira.com.br\/blog\/wp-json\/wp\/v2\/types\/post"}],"author":[{"embeddable":true,"href":"http:\/\/blogdalucianaoliveira.com.br\/blog\/wp-json\/wp\/v2\/users\/1"}],"replies":[{"embeddable":true,"href":"http:\/\/blogdalucianaoliveira.com.br\/blog\/wp-json\/wp\/v2\/comments?post=17123"}],"version-history":[{"count":1,"href":"http:\/\/blogdalucianaoliveira.com.br\/blog\/wp-json\/wp\/v2\/posts\/17123\/revisions"}],"predecessor-version":[{"id":17125,"href":"http:\/\/blogdalucianaoliveira.com.br\/blog\/wp-json\/wp\/v2\/posts\/17123\/revisions\/17125"}],"wp:attachment":[{"href":"http:\/\/blogdalucianaoliveira.com.br\/blog\/wp-json\/wp\/v2\/media?parent=17123"}],"wp:term":[{"taxonomy":"category","embeddable":true,"href":"http:\/\/blogdalucianaoliveira.com.br\/blog\/wp-json\/wp\/v2\/categories?post=17123"},{"taxonomy":"post_tag","embeddable":true,"href":"http:\/\/blogdalucianaoliveira.com.br\/blog\/wp-json\/wp\/v2\/tags?post=17123"}],"curies":[{"name":"wp","href":"https:\/\/api.w.org\/{rel}","templated":true}]}}