{"id":17135,"date":"2018-03-20T18:24:33","date_gmt":"2018-03-20T22:24:33","guid":{"rendered":"http:\/\/blogdalucianaoliveira.com.br\/blog\/?p=17135"},"modified":"2018-03-20T18:24:33","modified_gmt":"2018-03-20T22:24:33","slug":"dia-internacional-do-direito-a-verdade-sera-celebrado-com-sessao-solene-na-camara-nesta-quinta-22","status":"publish","type":"post","link":"http:\/\/blogdalucianaoliveira.com.br\/blog\/2018\/03\/20\/dia-internacional-do-direito-a-verdade-sera-celebrado-com-sessao-solene-na-camara-nesta-quinta-22\/","title":{"rendered":"Dia Internacional do Direito \u00e0 Verdade ser\u00e1 celebrado com sess\u00e3o solene na C\u00e2mara nesta quinta, 22"},"content":{"rendered":"<p><img data-recalc-dims=\"1\" loading=\"lazy\" decoding=\"async\" data-attachment-id=\"17136\" data-permalink=\"http:\/\/blogdalucianaoliveira.com.br\/blog\/2018\/03\/20\/dia-internacional-do-direito-a-verdade-sera-celebrado-com-sessao-solene-na-camara-nesta-quinta-22\/ditadura\/\" data-orig-file=\"https:\/\/i0.wp.com\/blogdalucianaoliveira.com.br\/blog\/wp-content\/uploads\/2018\/03\/ditadura.jpg?fit=1200%2C630\" data-orig-size=\"1200,630\" data-comments-opened=\"0\" data-image-meta=\"{&quot;aperture&quot;:&quot;0&quot;,&quot;credit&quot;:&quot;&quot;,&quot;camera&quot;:&quot;&quot;,&quot;caption&quot;:&quot;&quot;,&quot;created_timestamp&quot;:&quot;0&quot;,&quot;copyright&quot;:&quot;&quot;,&quot;focal_length&quot;:&quot;0&quot;,&quot;iso&quot;:&quot;0&quot;,&quot;shutter_speed&quot;:&quot;0&quot;,&quot;title&quot;:&quot;&quot;,&quot;orientation&quot;:&quot;0&quot;}\" data-image-title=\"ditadura\" data-image-description=\"\" data-image-caption=\"\" data-medium-file=\"https:\/\/i0.wp.com\/blogdalucianaoliveira.com.br\/blog\/wp-content\/uploads\/2018\/03\/ditadura.jpg?fit=300%2C158\" data-large-file=\"https:\/\/i0.wp.com\/blogdalucianaoliveira.com.br\/blog\/wp-content\/uploads\/2018\/03\/ditadura.jpg?fit=600%2C315\" class=\"alignnone size-full wp-image-17136\" src=\"https:\/\/i0.wp.com\/blogdalucianaoliveira.com.br\/blog\/wp-content\/uploads\/2018\/03\/ditadura.jpg?resize=600%2C315\" alt=\"ditadura\" width=\"600\" height=\"315\" srcset=\"https:\/\/i0.wp.com\/blogdalucianaoliveira.com.br\/blog\/wp-content\/uploads\/2018\/03\/ditadura.jpg?w=1200 1200w, https:\/\/i0.wp.com\/blogdalucianaoliveira.com.br\/blog\/wp-content\/uploads\/2018\/03\/ditadura.jpg?resize=300%2C158 300w, https:\/\/i0.wp.com\/blogdalucianaoliveira.com.br\/blog\/wp-content\/uploads\/2018\/03\/ditadura.jpg?resize=768%2C403 768w, https:\/\/i0.wp.com\/blogdalucianaoliveira.com.br\/blog\/wp-content\/uploads\/2018\/03\/ditadura.jpg?resize=1024%2C538 1024w, https:\/\/i0.wp.com\/blogdalucianaoliveira.com.br\/blog\/wp-content\/uploads\/2018\/03\/ditadura.jpg?resize=571%2C300 571w\" sizes=\"auto, (max-width: 600px) 100vw, 600px\" \/><\/p>\n<div class=\"texto\">\n<p>O Dia Internacional do Direito \u00e0 Verdade sobre Graves Viola\u00e7\u00f5es aos Direitos Humanos e da Dignidade das V\u00edtimas ser\u00e1 celebrado anualmente em 24 de mar\u00e7o no Brasil, ap\u00f3s a san\u00e7\u00e3o da Lei n\u00ba 13.605\/18 em janeiro deste ano. A C\u00e2mara dos Deputados realizar\u00e1 sess\u00e3o solene na pr\u00f3xima quinta-feira, 22, \u00e0s 9h, no Plen\u00e1rio Ulysses Guimar\u00e3es, dando in\u00edcio a uma s\u00e9rie de iniciativas para marcar a data.<!--more--><\/p>\n<p>No dia 24, \u00e0s 13h30, ser\u00e1 realizado um ato p\u00fablico na Pontif\u00edcia Universidade Cat\u00f3lica de S\u00e3o Paulo (PUC\/SP), com a participa\u00e7\u00e3o de representantes de entidades e de familiares de mortos e desaparecidos pol\u00edticos na \u00e9poca da ditadura militar.<\/p>\n<p>A lei \u00e9 resultado do projeto (PLC n\u00ba 55\/2014) apresentado por parlamentares que integraram a Comiss\u00e3o Parlamentar Mem\u00f3ria, Verdade e Justi\u00e7a (CPMVJ) da C\u00e2mara, entre elas, a socialista Janete Capiberibe (AP). De acordo com o texto, o Dia Internacional do Direito \u00e0 Verdade ser\u00e1 dedicado \u00e0 reflex\u00e3o coletiva a respeito da import\u00e2ncia do conhecimento das situa\u00e7\u00f5es em que ocorreram graves viola\u00e7\u00f5es aos direitos humanos, seja para a reafirma\u00e7\u00e3o da dignidade das v\u00edtimas, seja para a supera\u00e7\u00e3o dos estigmas sociais criados por tais viola\u00e7\u00f5es.<\/p>\n<p>Janete Capiberibe afirma que a data servir\u00e1 para lembrar o respeito aos direitos humanos, principalmente na busca pela verdade nos casos hist\u00f3ricos de viola\u00e7\u00e3o ocorridos na ditadura. \u201cO direito \u00e0 verdade e \u00e0 dignidade humana s\u00e3o fundamentais para qualquer ser humano. Agora, com o 24 de mar\u00e7o institu\u00eddo no calend\u00e1rio nacional de datas comemorativas, isso fica ainda mais em destaque e far\u00e1 com que o Brasil tenha uma postura mais incisiva nas viola\u00e7\u00f5es de direitos humanos daquele terr\u00edvel per\u00edodo da ditadura\u201d, afirma a socialista.<\/p>\n<p>A escolha do dia 24<\/p>\n<p>A Assembleia Geral das Na\u00e7\u00f5es Unidas (ONU) proclamou, em 2010, o 24 de mar\u00e7o como Dia Internacional do Direito \u00e0 Verdade sobre Graves Viola\u00e7\u00f5es aos Direitos Humanos e da Dignidade das V\u00edtimas em refer\u00eancia \u00e0 morte de Monsenhor \u00d3scar Arnulfo Romero, religioso cat\u00f3lico de El Salvador. Dom Romero foi assassinado por um atirador de elite do ex\u00e9rcito salvadorenho quando realizava uma missa nesta data em 1980, durante os conflitos armados daquele pa\u00eds. Ele era reconhecido por sua luta em defesa da democracia, dos direitos humanos e da dignidade das v\u00edtimas. Sua morte causou protestos em todo o pa\u00eds e press\u00e3o de organismos internacionais.<\/p>\n<p>Assessoria de Comunica\u00e7\u00e3o\/PSB Nacional<\/p>\n<\/div>\n<p>&nbsp;<\/p>\n","protected":false},"excerpt":{"rendered":"<p>O Dia Internacional do Direito \u00e0 Verdade sobre Graves Viola\u00e7\u00f5es aos Direitos Humanos e da Dignidade das V\u00edtimas ser\u00e1 celebrado anualmente em 24 de mar\u00e7o no Brasil, ap\u00f3s a san\u00e7\u00e3o da Lei n\u00ba 13.605\/18 em janeiro deste ano. A C\u00e2mara dos Deputados realizar\u00e1 sess\u00e3o solene na pr\u00f3xima quinta-feira, 22, \u00e0s 9h, no Plen\u00e1rio Ulysses Guimar\u00e3es,&#8230;<a class=\"more-link\" href=\"http:\/\/blogdalucianaoliveira.com.br\/blog\/2018\/03\/20\/dia-internacional-do-direito-a-verdade-sera-celebrado-com-sessao-solene-na-camara-nesta-quinta-22\/\">Continue a leitura <span class=\"meta-nav\">&raquo;<\/span><\/a><\/p>\n","protected":false},"author":1,"featured_media":0,"comment_status":"closed","ping_status":"open","sticky":false,"template":"","format":"standard","meta":{"_exactmetrics_skip_tracking":false,"_exactmetrics_sitenote_active":false,"_exactmetrics_sitenote_note":"","_exactmetrics_sitenote_category":0,"jetpack_post_was_ever_published":false,"_jetpack_newsletter_access":"","_jetpack_dont_email_post_to_subs":false,"_jetpack_newsletter_tier_id":0,"_jetpack_memberships_contains_paywalled_content":false,"_jetpack_memberships_contains_paid_content":false,"footnotes":"","jetpack_publicize_message":"","jetpack_publicize_feature_enabled":true,"jetpack_social_post_already_shared":true,"jetpack_social_options":{"image_generator_settings":{"template":"highway","enabled":false},"version":2}},"categories":[1],"tags":[],"class_list":["post-17135","post","type-post","status-publish","format-standard","hentry","category-notas"],"jetpack_publicize_connections":[],"jetpack_sharing_enabled":true,"jetpack_featured_media_url":"","jetpack_shortlink":"https:\/\/wp.me\/p7wKYW-4sn","jetpack-related-posts":[],"_links":{"self":[{"href":"http:\/\/blogdalucianaoliveira.com.br\/blog\/wp-json\/wp\/v2\/posts\/17135","targetHints":{"allow":["GET"]}}],"collection":[{"href":"http:\/\/blogdalucianaoliveira.com.br\/blog\/wp-json\/wp\/v2\/posts"}],"about":[{"href":"http:\/\/blogdalucianaoliveira.com.br\/blog\/wp-json\/wp\/v2\/types\/post"}],"author":[{"embeddable":true,"href":"http:\/\/blogdalucianaoliveira.com.br\/blog\/wp-json\/wp\/v2\/users\/1"}],"replies":[{"embeddable":true,"href":"http:\/\/blogdalucianaoliveira.com.br\/blog\/wp-json\/wp\/v2\/comments?post=17135"}],"version-history":[{"count":1,"href":"http:\/\/blogdalucianaoliveira.com.br\/blog\/wp-json\/wp\/v2\/posts\/17135\/revisions"}],"predecessor-version":[{"id":17137,"href":"http:\/\/blogdalucianaoliveira.com.br\/blog\/wp-json\/wp\/v2\/posts\/17135\/revisions\/17137"}],"wp:attachment":[{"href":"http:\/\/blogdalucianaoliveira.com.br\/blog\/wp-json\/wp\/v2\/media?parent=17135"}],"wp:term":[{"taxonomy":"category","embeddable":true,"href":"http:\/\/blogdalucianaoliveira.com.br\/blog\/wp-json\/wp\/v2\/categories?post=17135"},{"taxonomy":"post_tag","embeddable":true,"href":"http:\/\/blogdalucianaoliveira.com.br\/blog\/wp-json\/wp\/v2\/tags?post=17135"}],"curies":[{"name":"wp","href":"https:\/\/api.w.org\/{rel}","templated":true}]}}