{"id":17144,"date":"2018-03-21T09:39:52","date_gmt":"2018-03-21T13:39:52","guid":{"rendered":"http:\/\/blogdalucianaoliveira.com.br\/blog\/?p=17144"},"modified":"2018-03-21T09:40:31","modified_gmt":"2018-03-21T13:40:31","slug":"mantida-condenacao-de-presidente-da-oab-ro-por-ato-atentatorio-a-justica","status":"publish","type":"post","link":"http:\/\/blogdalucianaoliveira.com.br\/blog\/2018\/03\/21\/mantida-condenacao-de-presidente-da-oab-ro-por-ato-atentatorio-a-justica\/","title":{"rendered":"MANTIDA CONDENA\u00c7\u00c3O DE PRESIDENTE DA OAB-RO POR ATO ATENTAT\u00d3RIO \u00c0 JUSTI\u00c7A"},"content":{"rendered":"<p><img data-recalc-dims=\"1\" loading=\"lazy\" decoding=\"async\" data-attachment-id=\"17145\" data-permalink=\"http:\/\/blogdalucianaoliveira.com.br\/blog\/2018\/03\/21\/mantida-condenacao-de-presidente-da-oab-ro-por-ato-atentatorio-a-justica\/an-2\/\" data-orig-file=\"https:\/\/i0.wp.com\/blogdalucianaoliveira.com.br\/blog\/wp-content\/uploads\/2018\/03\/an.jpg?fit=1280%2C720\" data-orig-size=\"1280,720\" data-comments-opened=\"0\" data-image-meta=\"{&quot;aperture&quot;:&quot;0&quot;,&quot;credit&quot;:&quot;&quot;,&quot;camera&quot;:&quot;&quot;,&quot;caption&quot;:&quot;&quot;,&quot;created_timestamp&quot;:&quot;0&quot;,&quot;copyright&quot;:&quot;&quot;,&quot;focal_length&quot;:&quot;0&quot;,&quot;iso&quot;:&quot;0&quot;,&quot;shutter_speed&quot;:&quot;0&quot;,&quot;title&quot;:&quot;&quot;,&quot;orientation&quot;:&quot;0&quot;}\" data-image-title=\"an\" data-image-description=\"\" data-image-caption=\"\" data-medium-file=\"https:\/\/i0.wp.com\/blogdalucianaoliveira.com.br\/blog\/wp-content\/uploads\/2018\/03\/an.jpg?fit=300%2C169\" data-large-file=\"https:\/\/i0.wp.com\/blogdalucianaoliveira.com.br\/blog\/wp-content\/uploads\/2018\/03\/an.jpg?fit=600%2C338\" class=\"alignnone size-full wp-image-17145\" src=\"https:\/\/i0.wp.com\/blogdalucianaoliveira.com.br\/blog\/wp-content\/uploads\/2018\/03\/an.jpg?resize=600%2C338\" alt=\"an\" width=\"600\" height=\"338\" srcset=\"https:\/\/i0.wp.com\/blogdalucianaoliveira.com.br\/blog\/wp-content\/uploads\/2018\/03\/an.jpg?w=1280 1280w, https:\/\/i0.wp.com\/blogdalucianaoliveira.com.br\/blog\/wp-content\/uploads\/2018\/03\/an.jpg?resize=300%2C169 300w, https:\/\/i0.wp.com\/blogdalucianaoliveira.com.br\/blog\/wp-content\/uploads\/2018\/03\/an.jpg?resize=768%2C432 768w, https:\/\/i0.wp.com\/blogdalucianaoliveira.com.br\/blog\/wp-content\/uploads\/2018\/03\/an.jpg?resize=1024%2C576 1024w, https:\/\/i0.wp.com\/blogdalucianaoliveira.com.br\/blog\/wp-content\/uploads\/2018\/03\/an.jpg?resize=533%2C300 533w, https:\/\/i0.wp.com\/blogdalucianaoliveira.com.br\/blog\/wp-content\/uploads\/2018\/03\/an.jpg?w=1200 1200w\" sizes=\"auto, (max-width: 600px) 100vw, 600px\" \/><\/p>\n<p>&nbsp;<\/p>\n<p>Est\u00e1 publicado no Di\u00e1rio Eletr\u00f4nico da Justi\u00e7a do Trabalho desta quarta-feira, 21, o acord\u00e3o 0009010.49.2015.5.14.0092 que negou provimento aos embargos de declara\u00e7\u00e3o do presidente da Seccional da OAB-RO, Andrey Cavalcante.<\/p>\n<p>Os magistrados mantiveram \u00e0 unanimidade, inalterada decis\u00e3o que o condenou \u00e0 multa por ato atentat\u00f3rio \u00e0 dignidade da justi\u00e7a.<!--more--><\/p>\n<p>\u201cArt. 774. Considera-se atentat\u00f3ria \u00e0 dignidade da justi\u00e7a a conduta comissiva ou omissiva do executado que: I \u2013 frauda a execu\u00e7\u00e3o; II \u2013 se op\u00f5e maliciosamente \u00e0 execu\u00e7\u00e3o, empregando ardis e meios artificiosos; III \u2013 dificulta ou embara\u00e7a a realiza\u00e7\u00e3o da penhora; IV \u2013 resiste injustificadamente \u00e0s ordens judiciais; V \u2013 intimado, n\u00e3o indica ao juiz quais s\u00e3o e onde est\u00e3o os bens sujeitos \u00e0 penhora e os respectivos valores, nem exibe prova de sua propriedade e, se for o caso, certid\u00e3o negativa de \u00f4nus. Par\u00e1grafo \u00fanico. Nos casos previstos neste artigo, o juiz fixar\u00e1 multa em montante n\u00e3o superior a vinte por cento do valor atualizado do d\u00e9bito em execu\u00e7\u00e3o, a qual ser\u00e1 revertida em proveito do exequente, exig\u00edvel nos pr\u00f3prios autos do processo, sem preju\u00edzo de outras san\u00e7\u00f5es de natureza processual ou material. Na senten\u00e7a, o ju\u00edzo primevo fundamentou a aplica\u00e7\u00e3o de multa de 15% (quinze por cento) sobre o valor da condena\u00e7\u00e3o ao executado (\u2026) na pr\u00e1tica de fraude \u00e0 execu\u00e7\u00e3o, ao alienar im\u00f3vel em detrimento dos credores, no fato de ele ter se oposto maliciosamente \u00e0 execu\u00e7\u00e3o e de ter dificultado e embara\u00e7ado a penhora ao colocar o bem em nome de terceiros. O agravante (\u2026) e (\u2026) foram condenados solidariamente ao pagamento da multa, com fundamento no art. 942, par\u00e1grafo \u00fanico do C\u00f3digo Civil, ao argumento de que o primeiro intermediou negocia\u00e7\u00e3o que sabidamente constitui fraude \u00e0 execu\u00e7\u00e3o e o segundo cedeu seu nome para objetivo il\u00edcito. Embora a penhora realizada sobre o im\u00f3vel objeto da presente demanda tenha sido desconstitu\u00edda em raz\u00e3o de os seus atuais propriet\u00e1rios serem terceiros de boa-f\u00e9, permanecem existentes fundamentos para a aplica\u00e7\u00e3o da multa ora discutida, pautados nas condutas dos senhores (\u2026), (\u2026) e (\u2026), n\u00e3o havendo falar em aus\u00eancia de justa causa. Isso porque confirmou-se que o executado (\u2026) se op\u00f4s maliciosamente \u00e0 execu\u00e7\u00e3o, tendo empregado ardis e meio artificiosos, bem como dificultou e embara\u00e7ou a realiza\u00e7\u00e3o de penhora sobre o im\u00f3vel objeto dos presentes embargos ao ter simulado uma aliena\u00e7\u00e3o a (\u2026), que perdurou durante v\u00e1rios anos, per\u00edodo no qual tramitava contra si uma s\u00e9rie de processos trabalhistas. Tamb\u00e9m permanece a constata\u00e7\u00e3o de que (\u2026) deve responder solidariamente por ter fornecido seu nome para o objetivo il\u00edcito acima. Quanto ao agravante Andrey Cavalcante de Carvalho, verificou-se que ele se limitou a realizar neg\u00f3cio jur\u00eddico, com pessoa de sua estima, ex-cliente, inclusive, n\u00e3o observando os crit\u00e9rios legais, de forma que a presun\u00e7\u00e3o de que atuou na inten\u00e7\u00e3o de causar les\u00e3o a terceiros n\u00e3o se configura evidente. Todavia, ao preterir as cautelas e as garantias legais exig\u00edveis, assumiu os riscos decorrentes da inobserv\u00e2ncia delas, o que teve por consequ\u00eancia contribuir, ainda que sem inten\u00e7\u00e3o, com o comportamento doloso (\u2026), de forma que tamb\u00e9m deve ser solidariamente respons\u00e1vel pela multa aplicada a este \u00faltimo. Desse modo, por diferente fundamenta\u00e7\u00e3o, mant\u00e9m-se a multa aplicada por ato atentat\u00f3rio \u00e0 dignidade da justi\u00e7a.\u201d<\/p>\n<p>Na recente decis\u00e3o, negando a exist\u00eancia de contradi\u00e7\u00e3o apontada por Andrey Cavalcante, foi destacado:<\/p>\n<p>\u201cNo que diz respeito aos argumentos de que a decis\u00e3o recorrida violou os princ\u00edpios da gravita\u00e7\u00e3o jur\u00eddica, da proporcionalidade, da razoabilidade e os gerais do direito como um todo, verifica-se que o embargante pretende, em verdade, apenas se insurgir contra o entendimento adotado, buscando a rediscuss\u00e3o acerca do que nele restou decidido, como se o meio processual por ele utilizado fosse adequado para tanto\u201d.<\/p>\n<p>Ao contr\u00e1rio do que alegou em nota divulgada no site da OAB-RO, que \u201cNo dia 07\/02\/2018 o canal de comunica\u00e7\u00e3o da Luciana Oliveira divulgou mat\u00e9ria relacionada a fatos que envolvem o presidente da OAB\/RO, Andrey Cavalcante, analisados em Processo que tramita em sigilo desde a 1\u00b0 inst\u00e2ncia\u201d, o ac\u00f3rd\u00e3o pode ser consultado por qualquer pessoa.<\/p>\n<p>A quem quiser, por meio deste link:<a href=\"http:\/\/www.trt14.jus.br\/diario-eletronico1\">http:\/\/www.trt14.jus.br\/diario-eletronico1<\/a><\/p>\n<p>Ou deste :\u00a0<a href=\"file:\/\/\/C:\/Users\/Luciana\/Downloads\/Embargos%20Declara\u00e7\u00e3o%20Andrey.pdf\">file:\/\/\/C:\/Users\/Luciana\/Downloads\/Embargos%20Declara\u00e7\u00e3o%20Andrey.pdf<\/a><\/p>\n<p>Leia tamb\u00e9m:<\/p>\n<p>Isso:\u00a0\u00a0<a href=\"http:\/\/blogdalucianaoliveira.com.br\/blog\/2018\/02\/08\/direito-de-resposta-extrajudicial\/\">http:\/\/blogdalucianaoliveira.com.br\/blog\/2018\/02\/08\/direito-de-resposta-extrajudicial\/<\/a><\/p>\n<p>E mais:\u00a0<a href=\"http:\/\/blogdalucianaoliveira.com.br\/blog\/2018\/02\/08\/nota-ao-presidente-da-oabro\/\">http:\/\/blogdalucianaoliveira.com.br\/blog\/2018\/02\/08\/nota-ao-presidente-da-oabro\/<\/a><\/p>\n","protected":false},"excerpt":{"rendered":"<p>&nbsp; Est\u00e1 publicado no Di\u00e1rio Eletr\u00f4nico da Justi\u00e7a do Trabalho desta quarta-feira, 21, o acord\u00e3o 0009010.49.2015.5.14.0092 que negou provimento aos embargos de declara\u00e7\u00e3o do presidente da Seccional da OAB-RO, Andrey Cavalcante. Os magistrados mantiveram \u00e0 unanimidade, inalterada decis\u00e3o que o condenou \u00e0 multa por ato atentat\u00f3rio \u00e0 dignidade da justi\u00e7a.<\/p>\n","protected":false},"author":1,"featured_media":17145,"comment_status":"closed","ping_status":"open","sticky":false,"template":"","format":"standard","meta":{"_exactmetrics_skip_tracking":false,"_exactmetrics_sitenote_active":false,"_exactmetrics_sitenote_note":"","_exactmetrics_sitenote_category":0,"jetpack_post_was_ever_published":false,"_jetpack_newsletter_access":"","_jetpack_dont_email_post_to_subs":false,"_jetpack_newsletter_tier_id":0,"_jetpack_memberships_contains_paywalled_content":false,"_jetpack_memberships_contains_paid_content":false,"footnotes":"","jetpack_publicize_message":"","jetpack_publicize_feature_enabled":true,"jetpack_social_post_already_shared":true,"jetpack_social_options":{"image_generator_settings":{"template":"highway","enabled":false},"version":2}},"categories":[1],"tags":[],"class_list":["post-17144","post","type-post","status-publish","format-standard","has-post-thumbnail","hentry","category-notas"],"jetpack_publicize_connections":[],"jetpack_sharing_enabled":true,"jetpack_featured_media_url":"https:\/\/i0.wp.com\/blogdalucianaoliveira.com.br\/blog\/wp-content\/uploads\/2018\/03\/an.jpg?fit=1280%2C720","jetpack_shortlink":"https:\/\/wp.me\/p7wKYW-4sw","jetpack-related-posts":[],"_links":{"self":[{"href":"http:\/\/blogdalucianaoliveira.com.br\/blog\/wp-json\/wp\/v2\/posts\/17144","targetHints":{"allow":["GET"]}}],"collection":[{"href":"http:\/\/blogdalucianaoliveira.com.br\/blog\/wp-json\/wp\/v2\/posts"}],"about":[{"href":"http:\/\/blogdalucianaoliveira.com.br\/blog\/wp-json\/wp\/v2\/types\/post"}],"author":[{"embeddable":true,"href":"http:\/\/blogdalucianaoliveira.com.br\/blog\/wp-json\/wp\/v2\/users\/1"}],"replies":[{"embeddable":true,"href":"http:\/\/blogdalucianaoliveira.com.br\/blog\/wp-json\/wp\/v2\/comments?post=17144"}],"version-history":[{"count":2,"href":"http:\/\/blogdalucianaoliveira.com.br\/blog\/wp-json\/wp\/v2\/posts\/17144\/revisions"}],"predecessor-version":[{"id":17148,"href":"http:\/\/blogdalucianaoliveira.com.br\/blog\/wp-json\/wp\/v2\/posts\/17144\/revisions\/17148"}],"wp:featuredmedia":[{"embeddable":true,"href":"http:\/\/blogdalucianaoliveira.com.br\/blog\/wp-json\/wp\/v2\/media\/17145"}],"wp:attachment":[{"href":"http:\/\/blogdalucianaoliveira.com.br\/blog\/wp-json\/wp\/v2\/media?parent=17144"}],"wp:term":[{"taxonomy":"category","embeddable":true,"href":"http:\/\/blogdalucianaoliveira.com.br\/blog\/wp-json\/wp\/v2\/categories?post=17144"},{"taxonomy":"post_tag","embeddable":true,"href":"http:\/\/blogdalucianaoliveira.com.br\/blog\/wp-json\/wp\/v2\/tags?post=17144"}],"curies":[{"name":"wp","href":"https:\/\/api.w.org\/{rel}","templated":true}]}}