{"id":17149,"date":"2018-03-21T09:57:33","date_gmt":"2018-03-21T13:57:33","guid":{"rendered":"http:\/\/blogdalucianaoliveira.com.br\/blog\/?p=17149"},"modified":"2018-03-21T09:57:33","modified_gmt":"2018-03-21T13:57:33","slug":"reinaldo-reduzir-2a-instancia-a-lula-e-vigarice","status":"publish","type":"post","link":"http:\/\/blogdalucianaoliveira.com.br\/blog\/2018\/03\/21\/reinaldo-reduzir-2a-instancia-a-lula-e-vigarice\/","title":{"rendered":"REINALDO: REDUZIR 2\u00aa INST\u00c2NCIA A LULA \u00c9 \u201cVIGARICE\u201d"},"content":{"rendered":"<p><img data-recalc-dims=\"1\" loading=\"lazy\" decoding=\"async\" data-attachment-id=\"17150\" data-permalink=\"http:\/\/blogdalucianaoliveira.com.br\/blog\/2018\/03\/21\/reinaldo-reduzir-2a-instancia-a-lula-e-vigarice\/e-2\/\" data-orig-file=\"https:\/\/i0.wp.com\/blogdalucianaoliveira.com.br\/blog\/wp-content\/uploads\/2018\/03\/e.jpg?fit=1000%2C357\" data-orig-size=\"1000,357\" data-comments-opened=\"0\" data-image-meta=\"{&quot;aperture&quot;:&quot;0&quot;,&quot;credit&quot;:&quot;&quot;,&quot;camera&quot;:&quot;&quot;,&quot;caption&quot;:&quot;&quot;,&quot;created_timestamp&quot;:&quot;0&quot;,&quot;copyright&quot;:&quot;&quot;,&quot;focal_length&quot;:&quot;0&quot;,&quot;iso&quot;:&quot;0&quot;,&quot;shutter_speed&quot;:&quot;0&quot;,&quot;title&quot;:&quot;&quot;,&quot;orientation&quot;:&quot;0&quot;}\" data-image-title=\"e\" data-image-description=\"\" data-image-caption=\"\" data-medium-file=\"https:\/\/i0.wp.com\/blogdalucianaoliveira.com.br\/blog\/wp-content\/uploads\/2018\/03\/e.jpg?fit=300%2C107\" data-large-file=\"https:\/\/i0.wp.com\/blogdalucianaoliveira.com.br\/blog\/wp-content\/uploads\/2018\/03\/e.jpg?fit=600%2C214\" class=\"alignnone size-full wp-image-17150\" src=\"https:\/\/i0.wp.com\/blogdalucianaoliveira.com.br\/blog\/wp-content\/uploads\/2018\/03\/e.jpg?resize=600%2C214\" alt=\"e\" width=\"600\" height=\"214\" srcset=\"https:\/\/i0.wp.com\/blogdalucianaoliveira.com.br\/blog\/wp-content\/uploads\/2018\/03\/e.jpg?w=1000 1000w, https:\/\/i0.wp.com\/blogdalucianaoliveira.com.br\/blog\/wp-content\/uploads\/2018\/03\/e.jpg?resize=300%2C107 300w, https:\/\/i0.wp.com\/blogdalucianaoliveira.com.br\/blog\/wp-content\/uploads\/2018\/03\/e.jpg?resize=768%2C274 768w, https:\/\/i0.wp.com\/blogdalucianaoliveira.com.br\/blog\/wp-content\/uploads\/2018\/03\/e.jpg?resize=800%2C286 800w\" sizes=\"auto, (max-width: 600px) 100vw, 600px\" \/><\/p>\n<p><strong>247 &#8211;<\/strong>\u00a0O jornalista Reinaldo Azevedo defendeu que a presidente do Supremo Tribunal Federal, ministra C\u00e1rmen L\u00facia, paute a discuss\u00e3o da pris\u00e3o ap\u00f3s condena\u00e7\u00e3o em segunda inst\u00e2ncia. Em seu blog no site da Rede TV, Reinaldo diz que reduzir a quest\u00e3o ao ex-presidente Luiz In\u00e1cio da Silva \u00e9 &#8220;vigarice&#8221;.<!--more--><\/p>\n<p>&#8220;Demorou um tantinho, mas parte consider\u00e1vel da imprensa profissional resolveu ao menos se ater \u00e0s regras do jogo na cobertura da vota\u00e7\u00e3o das ADCs (A\u00e7\u00f5es Declarat\u00f3rias de Constitucionalidade) que tratam da pris\u00e3o depois da condena\u00e7\u00e3o em segunda inst\u00e2ncia. Sim, a vota\u00e7\u00e3o acabar\u00e1 tendo interfer\u00eancia no destino imediato de Luiz In\u00e1cio Lula da Silva, mas a ele precedem. Um tribunal constitucional n\u00e3o pode ser reduzido a dimens\u00e3o de um \u00f3rg\u00e3o cujo fito \u00e9 proteger ou punir um homem&#8221;, diz ele.<\/p>\n<p>&#8220;Penso o que sempre pensei sobre pris\u00e3o ap\u00f3s condena\u00e7\u00e3o em segunda inst\u00e2ncia: se forem perguntar o meu gosto, direi &#8216;sim&#8217;. Ocorre que a Constitui\u00e7\u00e3o diz &#8216;n\u00e3o&#8217;. H\u00e1 quem a interprete de outro modo tamb\u00e9m no Supremo, embora o texto seja claro a mais n\u00e3o poder. Por isso mesmo se faz necess\u00e1rio que o tribunal tome uma decis\u00e3o \u00e0 qual se subordinar\u00e3o todos os entes e ju\u00edzes quando confrontados com o caso&#8221;, defende o jornalista.<\/p>\n<p>&#8220;S\u00f3 gente mentirosa, sem vergonha na cara mesmo, tenta subordinar esse debate a Lula. Ele estaria dado de qualquer modo. De resto, C\u00e1rmen j\u00e1 n\u00e3o consegue esconder nem de si mesma que, n\u00e3o fosse o &#8216;fator Lula&#8217; (ou tivesse ela a certeza de que o resultado seria do seu gosto), e a quest\u00e3o j\u00e1 teria ido a voto&#8221;, diz ele.<\/p>\n<p><a href=\"http:\/\/www3.redetv.uol.com.br\/blog\/reinaldo\/stf-pode-definir-data-de-adcs-reduzir-tema-a-lula-e-vigarice-favoraveis-a-prisao-pos-segunda-instancia-querem-votar\/\" target=\"_blank\">Leia o texto na \u00edntegra<\/a>.<\/p>\n","protected":false},"excerpt":{"rendered":"<p>247 &#8211;\u00a0O jornalista Reinaldo Azevedo defendeu que a presidente do Supremo Tribunal Federal, ministra C\u00e1rmen L\u00facia, paute a discuss\u00e3o da pris\u00e3o ap\u00f3s condena\u00e7\u00e3o em segunda inst\u00e2ncia. Em seu blog no site da Rede TV, Reinaldo diz que reduzir a quest\u00e3o ao ex-presidente Luiz In\u00e1cio da Silva \u00e9 &#8220;vigarice&#8221;.<\/p>\n","protected":false},"author":1,"featured_media":0,"comment_status":"closed","ping_status":"open","sticky":false,"template":"","format":"standard","meta":{"_exactmetrics_skip_tracking":false,"_exactmetrics_sitenote_active":false,"_exactmetrics_sitenote_note":"","_exactmetrics_sitenote_category":0,"jetpack_post_was_ever_published":false,"_jetpack_newsletter_access":"","_jetpack_dont_email_post_to_subs":false,"_jetpack_newsletter_tier_id":0,"_jetpack_memberships_contains_paywalled_content":false,"_jetpack_memberships_contains_paid_content":false,"footnotes":"","jetpack_publicize_message":"","jetpack_publicize_feature_enabled":true,"jetpack_social_post_already_shared":true,"jetpack_social_options":{"image_generator_settings":{"template":"highway","enabled":false},"version":2}},"categories":[1],"tags":[],"class_list":["post-17149","post","type-post","status-publish","format-standard","hentry","category-notas"],"jetpack_publicize_connections":[],"jetpack_sharing_enabled":true,"jetpack_featured_media_url":"","jetpack_shortlink":"https:\/\/wp.me\/p7wKYW-4sB","jetpack-related-posts":[],"_links":{"self":[{"href":"http:\/\/blogdalucianaoliveira.com.br\/blog\/wp-json\/wp\/v2\/posts\/17149","targetHints":{"allow":["GET"]}}],"collection":[{"href":"http:\/\/blogdalucianaoliveira.com.br\/blog\/wp-json\/wp\/v2\/posts"}],"about":[{"href":"http:\/\/blogdalucianaoliveira.com.br\/blog\/wp-json\/wp\/v2\/types\/post"}],"author":[{"embeddable":true,"href":"http:\/\/blogdalucianaoliveira.com.br\/blog\/wp-json\/wp\/v2\/users\/1"}],"replies":[{"embeddable":true,"href":"http:\/\/blogdalucianaoliveira.com.br\/blog\/wp-json\/wp\/v2\/comments?post=17149"}],"version-history":[{"count":1,"href":"http:\/\/blogdalucianaoliveira.com.br\/blog\/wp-json\/wp\/v2\/posts\/17149\/revisions"}],"predecessor-version":[{"id":17151,"href":"http:\/\/blogdalucianaoliveira.com.br\/blog\/wp-json\/wp\/v2\/posts\/17149\/revisions\/17151"}],"wp:attachment":[{"href":"http:\/\/blogdalucianaoliveira.com.br\/blog\/wp-json\/wp\/v2\/media?parent=17149"}],"wp:term":[{"taxonomy":"category","embeddable":true,"href":"http:\/\/blogdalucianaoliveira.com.br\/blog\/wp-json\/wp\/v2\/categories?post=17149"},{"taxonomy":"post_tag","embeddable":true,"href":"http:\/\/blogdalucianaoliveira.com.br\/blog\/wp-json\/wp\/v2\/tags?post=17149"}],"curies":[{"name":"wp","href":"https:\/\/api.w.org\/{rel}","templated":true}]}}