{"id":17155,"date":"2018-03-21T18:41:30","date_gmt":"2018-03-21T22:41:30","guid":{"rendered":"http:\/\/blogdalucianaoliveira.com.br\/blog\/?p=17155"},"modified":"2018-03-21T18:41:30","modified_gmt":"2018-03-21T22:41:30","slug":"21-de-marco-dia-internacional-da-sindrome-de-down","status":"publish","type":"post","link":"http:\/\/blogdalucianaoliveira.com.br\/blog\/2018\/03\/21\/21-de-marco-dia-internacional-da-sindrome-de-down\/","title":{"rendered":"21 de mar\u00e7o: Dia Internacional da S\u00edndrome de Down"},"content":{"rendered":"<p><img data-recalc-dims=\"1\" loading=\"lazy\" decoding=\"async\" data-attachment-id=\"17156\" data-permalink=\"http:\/\/blogdalucianaoliveira.com.br\/blog\/2018\/03\/21\/21-de-marco-dia-internacional-da-sindrome-de-down\/do-4\/\" data-orig-file=\"https:\/\/i0.wp.com\/blogdalucianaoliveira.com.br\/blog\/wp-content\/uploads\/2018\/03\/do.jpg?fit=620%2C393\" data-orig-size=\"620,393\" data-comments-opened=\"0\" data-image-meta=\"{&quot;aperture&quot;:&quot;0&quot;,&quot;credit&quot;:&quot;&quot;,&quot;camera&quot;:&quot;&quot;,&quot;caption&quot;:&quot;&quot;,&quot;created_timestamp&quot;:&quot;0&quot;,&quot;copyright&quot;:&quot;&quot;,&quot;focal_length&quot;:&quot;0&quot;,&quot;iso&quot;:&quot;0&quot;,&quot;shutter_speed&quot;:&quot;0&quot;,&quot;title&quot;:&quot;&quot;,&quot;orientation&quot;:&quot;0&quot;}\" data-image-title=\"do\" data-image-description=\"\" data-image-caption=\"\" data-medium-file=\"https:\/\/i0.wp.com\/blogdalucianaoliveira.com.br\/blog\/wp-content\/uploads\/2018\/03\/do.jpg?fit=300%2C190\" data-large-file=\"https:\/\/i0.wp.com\/blogdalucianaoliveira.com.br\/blog\/wp-content\/uploads\/2018\/03\/do.jpg?fit=600%2C380\" class=\"alignnone size-full wp-image-17156\" src=\"https:\/\/i0.wp.com\/blogdalucianaoliveira.com.br\/blog\/wp-content\/uploads\/2018\/03\/do.jpg?resize=600%2C380\" alt=\"do\" width=\"600\" height=\"380\" srcset=\"https:\/\/i0.wp.com\/blogdalucianaoliveira.com.br\/blog\/wp-content\/uploads\/2018\/03\/do.jpg?w=620 620w, https:\/\/i0.wp.com\/blogdalucianaoliveira.com.br\/blog\/wp-content\/uploads\/2018\/03\/do.jpg?resize=300%2C190 300w, https:\/\/i0.wp.com\/blogdalucianaoliveira.com.br\/blog\/wp-content\/uploads\/2018\/03\/do.jpg?resize=473%2C300 473w\" sizes=\"auto, (max-width: 600px) 100vw, 600px\" \/><\/p>\n<h2 class=\"description\">Igualdade e Inclus\u00e3o em diferentes esferas da sociedade s\u00e3o temas discutidos pelo Movimento Down<\/h2>\n<p><!--more--><\/p>\n<div class=\"details-bar\">\n<div class=\"author-time\">\n<address class=\"author\">Let\u00edcia Fialho<\/address>\n<div class=\"place-and-time\">\n<div class=\"place\">\n<p>Brasil de Fato | S\u00e3o Paulo (SP)<\/p>\n<p dir=\"ltr\">O Dia Internacional da S\u00edndrome de Down, em 21\/3, demarca a luta dos amigos, dos familiares e das pessoas que nascem com trissomia, que \u00e9 uma altera\u00e7\u00e3o nos pares de cromossomos, aquelas\u00a0 pequenas estruturas dentro de todas as c\u00e9lulas que armazenam as informa\u00e7\u00f5es de crescimento e desenvolvimento das pessoas. No par 21, em vez de dois, s\u00e3o tr\u00eas cromossomos.<\/p>\n<p dir=\"ltr\">N\u00e3o se trata ent\u00e3o de uma doen\u00e7a, mas sim de uma condi\u00e7\u00e3o humana permanente definida pela gen\u00e9tica. Essa condi\u00e7\u00e3o, de ter um cromossomo a mais, 47 e n\u00e3o 46 como a maioria das pessoas, \u00e9 detectada durante a gesta\u00e7\u00e3o ou nos primeiros anos de vida do beb\u00ea.<\/p>\n<p dir=\"ltr\">A data de hoje, reconhecida pela ONU, tem o objetivo de conscientizar a popula\u00e7\u00e3o, em geral, sobre as reivindica\u00e7\u00f5es de direitos igualit\u00e1rios, o bem-estar e a inclus\u00e3o das pessoas com Down na sociedade.<\/p>\n<p dir=\"ltr\">&#8220;Em S\u00e3o Paulo a maioria das crian\u00e7as com probabilidade de S\u00edndrome de Down, s\u00e3o encaminhadas para fazer o exame cari\u00f3tipo, para confirmar se tem a s\u00edndrome. Geralmente, depois disso s\u00e3o atendidos pela APAE (Associa\u00e7\u00e3o de Pais e Amigos dos Excepcionais), respons\u00e1vel por dar os primeiros cuidados \u00e0 fam\u00edlia. Quando n\u00e3o se t\u00eam conv\u00eanio, eles encaminham para o SUS, para fazer toda a parte m\u00e9dica. L\u00e1 eles tamb\u00e9m s\u00e3o encaminhados a fazer terapia&#8221;, conta Ione Nad\u00fa Arruda, m\u00e3e de Kamilly, de 13 anos, uma crian\u00e7a com s\u00edndrome de Down.<\/p>\n<p dir=\"ltr\">Neste ano, o Movimento Down,\u00a0uma iniciativa do MAIS &#8211; Movimento de A\u00e7\u00e3o e Inova\u00e7\u00e3o Social em parceria com o Observat\u00f3rio de Favelas do Rio de Janeiro, definiu, em conjunto com pais e amigos de pessoas com a s\u00edndrome, duas bandeiras principais de luta: mostrar a contribui\u00e7\u00e3o de pessoas com trissomia para a comunidade e melhoria no atendimento \u00e0 sa\u00fade. Outro ponto crucial destacado pelo movimento \u00e9 a inclus\u00e3o de crian\u00e7as com S\u00edndrome de Down na educa\u00e7\u00e3o p\u00fablica.<\/p>\n<p dir=\"ltr\">Em um cen\u00e1rio em que a sa\u00fade e educa\u00e7\u00e3o p\u00fablicas s\u00e3o sucateadas, minorias e grupos que se enquadram em situa\u00e7\u00f5es d\u00edspares, s\u00e3o mais afetados e, geralmente, n\u00e3o encontram respostas adequadas para suas demandas.<\/p>\n<p dir=\"ltr\">&#8220;Tem alguns professores que t\u00eam cursos, para lidar com alunos que tenham necessidades espec\u00edficas. Por\u00e9m, mesmo que os cursos sejam oferecidos pela Prefeitura, n\u00e3o se tem abono na aus\u00eancia \u00a0do profissional que realiza o curso. Por isso, eles precisam faltar no trabalho, sabendo que ser\u00e1 descontado do holerite e, \u00e0s vezes, precisam ir a lugares invi\u00e1veis. Nas escolas h\u00e1 falta de material e de apoio pessoal. Algumas crian\u00e7as precisam de auxiliares, que s\u00e3o chamados de AVE (Auxiliares de Vida Escolar), mas n\u00e3o s\u00e3o assistidos. Muitos pais tem que entrar na Justi\u00e7a, via Defensoria P\u00fablica, para conseguir isso&#8221;, completa Ione Nad\u00fa Arruda.<\/p>\n<p dir=\"ltr\">O que se deve destacar \u00e9 que cada estudante, independentemente de defici\u00eancia, possuem um perfil \u00fanico. A subjetividade e necessidades pr\u00f3prias de cada um devem ser consideradas no processo de aprendizado. A integra\u00e7\u00e3o, neste caso, tem gerado bons resultados.<\/p>\n<p dir=\"ltr\">Um estudo do Instituto de Psicologia da Universidade de S\u00e3o Paulo (USP), aponta que a conviv\u00eancia de crian\u00e7as com desenvolvimento normal com as que possuem Down possibilita, por meio da intera\u00e7\u00e3o, o desenvolvimento de atitudes positivas, toler\u00e2ncia, respeito e aceita\u00e7\u00e3o, justamente por n\u00e3o estudarem em uma turma homog\u00eanea. Infelizmente, o acesso a este modelo de integra\u00e7\u00e3o n\u00e3o \u00e9 a realidade para todas aa fam\u00edlias.<\/p>\n<p dir=\"ltr\">&#8220;O governo criou um modelo de inclus\u00e3o, mas isso \u00e9 bonito s\u00f3 no papel, na pr\u00e1tica n\u00e3o acontece. Falta muita coisa para a inclus\u00e3o acontecer de fato. Falta professor especializado, uma dire\u00e7\u00e3o especializada. Eles n\u00e3o sabem lidar com as crian\u00e7as, eles jogam l\u00e1 s\u00f3 pra dizer que est\u00e1 incluso, mas na verdade n\u00e3o est\u00e3o&#8221; disse Samantha Santana, m\u00e3e de Kayn\u00e3 Martins, de 11 anos, com s\u00edndrome de Down.<\/p>\n<p dir=\"ltr\">A progress\u00e3o continuada \u00e9 uma queixa de pais e m\u00e3es, que sentem que o ensino p\u00fablico dificulta o processo de aprendizado das crian\u00e7as com necessidades educacionais espec\u00edficas.<\/p>\n<p>&#8220;Essas crian\u00e7as precisam de mais tempo para aprender. Meu filho passou para a quinta s\u00e9rie sem saber nada. Como ele vai acompanhar a turma sem nem saber pegar no l\u00e1pis? E a\u00ed n\u00f3s vamos lutar, brigar, e eles afirmam que a lei n\u00e3o repete ningu\u00e9m. Por ser Down, deficiente, eles falam que o papel deles \u00e9 incluir, n\u00e3o atender necessidades pedag\u00f3gicas do aluno especial&#8221;, afirma Samantha Santana.<\/p>\n<p>Desde 2014, na rede p\u00fablica de Educa\u00e7\u00e3o do Estado de S\u00e3o Paulo, o ensino fundamental foi dividido em tr\u00eas ciclos: do 1\u00aa ao 3\u00ba ano, do 4\u00ba ao 6\u00ba ano e do 7\u00ba ao 9\u00ba ano.<\/p>\n<p>De acordo com a secretaria de Educa\u00e7\u00e3o, ao final de cada ciclo os estudantes s\u00e3o avaliados e poder\u00e3o ficar retidos. Ainda segundo o informe da secretaria, esses estudantes passar\u00e3o por uma recupera\u00e7\u00e3o intensiva, ao longo de um ano, onde far\u00e3o a revis\u00e3o dos conte\u00fados com estrat\u00e9gias pedag\u00f3gicas diferenciadas e espec\u00edficas, de acordo com as suas necessidades.<\/p>\n<p class=\"editor\">Edi\u00e7\u00e3o: Juca Guimar\u00e3es<\/p>\n<div class=\"content-footer\"><\/div>\n<\/div>\n<\/div>\n<\/div>\n<\/div>\n","protected":false},"excerpt":{"rendered":"<p>Igualdade e Inclus\u00e3o em diferentes esferas da sociedade s\u00e3o temas discutidos pelo Movimento Down<\/p>\n","protected":false},"author":1,"featured_media":0,"comment_status":"closed","ping_status":"open","sticky":false,"template":"","format":"standard","meta":{"_exactmetrics_skip_tracking":false,"_exactmetrics_sitenote_active":false,"_exactmetrics_sitenote_note":"","_exactmetrics_sitenote_category":0,"jetpack_post_was_ever_published":false,"_jetpack_newsletter_access":"","_jetpack_dont_email_post_to_subs":false,"_jetpack_newsletter_tier_id":0,"_jetpack_memberships_contains_paywalled_content":false,"_jetpack_memberships_contains_paid_content":false,"footnotes":"","jetpack_publicize_message":"","jetpack_publicize_feature_enabled":true,"jetpack_social_post_already_shared":true,"jetpack_social_options":{"image_generator_settings":{"template":"highway","enabled":false},"version":2}},"categories":[1],"tags":[],"class_list":["post-17155","post","type-post","status-publish","format-standard","hentry","category-notas"],"jetpack_publicize_connections":[],"jetpack_sharing_enabled":true,"jetpack_featured_media_url":"","jetpack_shortlink":"https:\/\/wp.me\/p7wKYW-4sH","jetpack-related-posts":[],"_links":{"self":[{"href":"http:\/\/blogdalucianaoliveira.com.br\/blog\/wp-json\/wp\/v2\/posts\/17155","targetHints":{"allow":["GET"]}}],"collection":[{"href":"http:\/\/blogdalucianaoliveira.com.br\/blog\/wp-json\/wp\/v2\/posts"}],"about":[{"href":"http:\/\/blogdalucianaoliveira.com.br\/blog\/wp-json\/wp\/v2\/types\/post"}],"author":[{"embeddable":true,"href":"http:\/\/blogdalucianaoliveira.com.br\/blog\/wp-json\/wp\/v2\/users\/1"}],"replies":[{"embeddable":true,"href":"http:\/\/blogdalucianaoliveira.com.br\/blog\/wp-json\/wp\/v2\/comments?post=17155"}],"version-history":[{"count":1,"href":"http:\/\/blogdalucianaoliveira.com.br\/blog\/wp-json\/wp\/v2\/posts\/17155\/revisions"}],"predecessor-version":[{"id":17157,"href":"http:\/\/blogdalucianaoliveira.com.br\/blog\/wp-json\/wp\/v2\/posts\/17155\/revisions\/17157"}],"wp:attachment":[{"href":"http:\/\/blogdalucianaoliveira.com.br\/blog\/wp-json\/wp\/v2\/media?parent=17155"}],"wp:term":[{"taxonomy":"category","embeddable":true,"href":"http:\/\/blogdalucianaoliveira.com.br\/blog\/wp-json\/wp\/v2\/categories?post=17155"},{"taxonomy":"post_tag","embeddable":true,"href":"http:\/\/blogdalucianaoliveira.com.br\/blog\/wp-json\/wp\/v2\/tags?post=17155"}],"curies":[{"name":"wp","href":"https:\/\/api.w.org\/{rel}","templated":true}]}}