{"id":17158,"date":"2018-03-21T18:46:02","date_gmt":"2018-03-21T22:46:02","guid":{"rendered":"http:\/\/blogdalucianaoliveira.com.br\/blog\/?p=17158"},"modified":"2018-03-21T18:46:02","modified_gmt":"2018-03-21T22:46:02","slug":"gilmar-x-barroso-stf-vira-palco-de-bate-boca-de-boteco-pe-sujo","status":"publish","type":"post","link":"http:\/\/blogdalucianaoliveira.com.br\/blog\/2018\/03\/21\/gilmar-x-barroso-stf-vira-palco-de-bate-boca-de-boteco-pe-sujo\/","title":{"rendered":"Gilmar X Barroso: STF vira palco de bate-boca de boteco p\u00e9-sujo"},"content":{"rendered":"<p><img data-recalc-dims=\"1\" loading=\"lazy\" decoding=\"async\" data-attachment-id=\"17159\" data-permalink=\"http:\/\/blogdalucianaoliveira.com.br\/blog\/2018\/03\/21\/gilmar-x-barroso-stf-vira-palco-de-bate-boca-de-boteco-pe-sujo\/vi-3\/\" data-orig-file=\"https:\/\/i0.wp.com\/blogdalucianaoliveira.com.br\/blog\/wp-content\/uploads\/2018\/03\/vi.jpg?fit=1024%2C512\" data-orig-size=\"1024,512\" data-comments-opened=\"0\" data-image-meta=\"{&quot;aperture&quot;:&quot;0&quot;,&quot;credit&quot;:&quot;&quot;,&quot;camera&quot;:&quot;&quot;,&quot;caption&quot;:&quot;&quot;,&quot;created_timestamp&quot;:&quot;0&quot;,&quot;copyright&quot;:&quot;&quot;,&quot;focal_length&quot;:&quot;0&quot;,&quot;iso&quot;:&quot;0&quot;,&quot;shutter_speed&quot;:&quot;0&quot;,&quot;title&quot;:&quot;&quot;,&quot;orientation&quot;:&quot;0&quot;}\" data-image-title=\"vi\" data-image-description=\"\" data-image-caption=\"\" data-medium-file=\"https:\/\/i0.wp.com\/blogdalucianaoliveira.com.br\/blog\/wp-content\/uploads\/2018\/03\/vi.jpg?fit=300%2C150\" data-large-file=\"https:\/\/i0.wp.com\/blogdalucianaoliveira.com.br\/blog\/wp-content\/uploads\/2018\/03\/vi.jpg?fit=600%2C300\" class=\"alignnone size-full wp-image-17159\" src=\"https:\/\/i0.wp.com\/blogdalucianaoliveira.com.br\/blog\/wp-content\/uploads\/2018\/03\/vi.jpg?resize=600%2C300\" alt=\"vi\" width=\"600\" height=\"300\" srcset=\"https:\/\/i0.wp.com\/blogdalucianaoliveira.com.br\/blog\/wp-content\/uploads\/2018\/03\/vi.jpg?w=1024 1024w, https:\/\/i0.wp.com\/blogdalucianaoliveira.com.br\/blog\/wp-content\/uploads\/2018\/03\/vi.jpg?resize=300%2C150 300w, https:\/\/i0.wp.com\/blogdalucianaoliveira.com.br\/blog\/wp-content\/uploads\/2018\/03\/vi.jpg?resize=768%2C384 768w, https:\/\/i0.wp.com\/blogdalucianaoliveira.com.br\/blog\/wp-content\/uploads\/2018\/03\/vi.jpg?resize=600%2C300 600w\" sizes=\"auto, (max-width: 600px) 100vw, 600px\" \/><\/p>\n<p>&nbsp;<\/p>\n<div class=\"td-post-content\">\n<p>Balaio do Kotscho &#8211; Gilmar Mendes parecia mais possu\u00eddo do que de costume e resolveu bater boca com meio mundo na sess\u00e3o plen\u00e1ria do STF nesta quarta-feira.<!--more--><\/p>\n<p>Sem saber o que fazer, a presidente do tribunal, C\u00e1rmen L\u00facia, depois de marcar para amanh\u00e3 o julgamento do habeas corpus do ex-presidente Lula, teve que suspender a sess\u00e3o por 50 minutos para que os \u00e2nimos se acalmassem.<\/p>\n<p>N\u00e3o que o bafaf\u00e1 seja algo inusitado nas sess\u00f5es do tribunal supremo, mas desta vez os contendores exageraram nas ofensas.<\/p>\n<p>Do jeito que est\u00e1 o ambiente no STF, a TV Justi\u00e7a vai ter que colocar um aviso nas transmiss\u00f5es proibindo o programa para menores de 18 anos.<\/p>\n<p>Inimigos juramentados, os ministros Gilmar Mendes e Lu\u00eds Roberto Barroso transformaram mais uma vez o tribunal numa rinha.<\/p>\n<p>O bate-boca come\u00e7ou quando os ministros analisavam um processo sobre doa\u00e7\u00f5es eleitorais ocultas e acabaram falando sobre aborto. Acompanhe:<\/p>\n<p>Gilmar para Barroso: \u201c\u00c9 preciso<\/p>\n<div class=\"td-paragraph-padding-0\">\n<p>Continue lendo no\u00a0<a href=\"https:\/\/www.balaiodokotscho.com.br\/2018\/03\/21\/gilmar-x-barroso-stf-vira-palco-de-bate-boca-de-boteco\/\" target=\"_blank\">Balaio do Kotsch<\/a>o<\/p>\n<\/div>\n<\/div>\n<footer><\/footer>\n","protected":false},"excerpt":{"rendered":"<p>&nbsp; Balaio do Kotscho &#8211; Gilmar Mendes parecia mais possu\u00eddo do que de costume e resolveu bater boca com meio mundo na sess\u00e3o plen\u00e1ria do STF nesta quarta-feira.<\/p>\n","protected":false},"author":1,"featured_media":0,"comment_status":"closed","ping_status":"open","sticky":false,"template":"","format":"standard","meta":{"_exactmetrics_skip_tracking":false,"_exactmetrics_sitenote_active":false,"_exactmetrics_sitenote_note":"","_exactmetrics_sitenote_category":0,"jetpack_post_was_ever_published":false,"_jetpack_newsletter_access":"","_jetpack_dont_email_post_to_subs":false,"_jetpack_newsletter_tier_id":0,"_jetpack_memberships_contains_paywalled_content":false,"_jetpack_memberships_contains_paid_content":false,"footnotes":"","jetpack_publicize_message":"","jetpack_publicize_feature_enabled":true,"jetpack_social_post_already_shared":true,"jetpack_social_options":{"image_generator_settings":{"template":"highway","enabled":false},"version":2}},"categories":[1],"tags":[],"class_list":["post-17158","post","type-post","status-publish","format-standard","hentry","category-notas"],"jetpack_publicize_connections":[],"jetpack_sharing_enabled":true,"jetpack_featured_media_url":"","jetpack_shortlink":"https:\/\/wp.me\/p7wKYW-4sK","jetpack-related-posts":[],"_links":{"self":[{"href":"http:\/\/blogdalucianaoliveira.com.br\/blog\/wp-json\/wp\/v2\/posts\/17158","targetHints":{"allow":["GET"]}}],"collection":[{"href":"http:\/\/blogdalucianaoliveira.com.br\/blog\/wp-json\/wp\/v2\/posts"}],"about":[{"href":"http:\/\/blogdalucianaoliveira.com.br\/blog\/wp-json\/wp\/v2\/types\/post"}],"author":[{"embeddable":true,"href":"http:\/\/blogdalucianaoliveira.com.br\/blog\/wp-json\/wp\/v2\/users\/1"}],"replies":[{"embeddable":true,"href":"http:\/\/blogdalucianaoliveira.com.br\/blog\/wp-json\/wp\/v2\/comments?post=17158"}],"version-history":[{"count":1,"href":"http:\/\/blogdalucianaoliveira.com.br\/blog\/wp-json\/wp\/v2\/posts\/17158\/revisions"}],"predecessor-version":[{"id":17160,"href":"http:\/\/blogdalucianaoliveira.com.br\/blog\/wp-json\/wp\/v2\/posts\/17158\/revisions\/17160"}],"wp:attachment":[{"href":"http:\/\/blogdalucianaoliveira.com.br\/blog\/wp-json\/wp\/v2\/media?parent=17158"}],"wp:term":[{"taxonomy":"category","embeddable":true,"href":"http:\/\/blogdalucianaoliveira.com.br\/blog\/wp-json\/wp\/v2\/categories?post=17158"},{"taxonomy":"post_tag","embeddable":true,"href":"http:\/\/blogdalucianaoliveira.com.br\/blog\/wp-json\/wp\/v2\/tags?post=17158"}],"curies":[{"name":"wp","href":"https:\/\/api.w.org\/{rel}","templated":true}]}}