{"id":17161,"date":"2018-03-22T10:35:41","date_gmt":"2018-03-22T14:35:41","guid":{"rendered":"http:\/\/blogdalucianaoliveira.com.br\/blog\/?p=17161"},"modified":"2018-03-22T10:35:41","modified_gmt":"2018-03-22T14:35:41","slug":"para-cabral-vender-a-eletrobras-e-entregar-a-chave-da-caixa-dagua-do-ne-ao-setor-privado","status":"publish","type":"post","link":"http:\/\/blogdalucianaoliveira.com.br\/blog\/2018\/03\/22\/para-cabral-vender-a-eletrobras-e-entregar-a-chave-da-caixa-dagua-do-ne-ao-setor-privado\/","title":{"rendered":"Para Cabral, vender a Eletrobras \u00e9 entregar a chave da \u2018caixa d\u2019\u00e1gua\u2019 do NE ao setor privado"},"content":{"rendered":"<p><img data-recalc-dims=\"1\" loading=\"lazy\" decoding=\"async\" data-attachment-id=\"17162\" data-permalink=\"http:\/\/blogdalucianaoliveira.com.br\/blog\/2018\/03\/22\/para-cabral-vender-a-eletrobras-e-entregar-a-chave-da-caixa-dagua-do-ne-ao-setor-privado\/cab\/\" data-orig-file=\"https:\/\/i0.wp.com\/blogdalucianaoliveira.com.br\/blog\/wp-content\/uploads\/2018\/03\/cab.jpg?fit=930%2C522\" data-orig-size=\"930,522\" data-comments-opened=\"0\" data-image-meta=\"{&quot;aperture&quot;:&quot;0&quot;,&quot;credit&quot;:&quot;&quot;,&quot;camera&quot;:&quot;&quot;,&quot;caption&quot;:&quot;&quot;,&quot;created_timestamp&quot;:&quot;0&quot;,&quot;copyright&quot;:&quot;&quot;,&quot;focal_length&quot;:&quot;0&quot;,&quot;iso&quot;:&quot;0&quot;,&quot;shutter_speed&quot;:&quot;0&quot;,&quot;title&quot;:&quot;&quot;,&quot;orientation&quot;:&quot;0&quot;}\" data-image-title=\"cab\" data-image-description=\"\" data-image-caption=\"\" data-medium-file=\"https:\/\/i0.wp.com\/blogdalucianaoliveira.com.br\/blog\/wp-content\/uploads\/2018\/03\/cab.jpg?fit=300%2C168\" data-large-file=\"https:\/\/i0.wp.com\/blogdalucianaoliveira.com.br\/blog\/wp-content\/uploads\/2018\/03\/cab.jpg?fit=600%2C337\" src=\"https:\/\/i0.wp.com\/blogdalucianaoliveira.com.br\/blog\/wp-content\/uploads\/2018\/03\/cab.jpg?resize=600%2C337\" alt=\"cab\" width=\"600\" height=\"337\" class=\"alignnone size-full wp-image-17162\" srcset=\"https:\/\/i0.wp.com\/blogdalucianaoliveira.com.br\/blog\/wp-content\/uploads\/2018\/03\/cab.jpg?w=930 930w, https:\/\/i0.wp.com\/blogdalucianaoliveira.com.br\/blog\/wp-content\/uploads\/2018\/03\/cab.jpg?resize=300%2C168 300w, https:\/\/i0.wp.com\/blogdalucianaoliveira.com.br\/blog\/wp-content\/uploads\/2018\/03\/cab.jpg?resize=768%2C431 768w, https:\/\/i0.wp.com\/blogdalucianaoliveira.com.br\/blog\/wp-content\/uploads\/2018\/03\/cab.jpg?resize=534%2C300 534w\" sizes=\"auto, (max-width: 600px) 100vw, 600px\" \/><\/p>\n<p>O deputado federal Danilo Cabral (PSB-PE) voltou a fazer duras cr\u00edticas aos planos do governo Temer de privatizar a Eletrobras e suas subsidi\u00e1rias.<\/p>\n<p>Durante reuni\u00e3o da comiss\u00e3o especial destinada \u00e0 an\u00e1lise da proposta que tramita no Congresso, nesta quarta-feira (21), Danilo Cabral manifestou preocupa\u00e7\u00e3o com a gest\u00e3o dos rios do pa\u00eds, que passar\u00e1 para as m\u00e3os do setor privado, caso a estatal seja mesmo vendida.<!--more--><\/p>\n<p>Ele afirmou que o gerenciamento das \u00e1guas por grupos privados coloca em risco o abastecimento a grande parte da popula\u00e7\u00e3o. Hoje, a Eletrobras e suas subsidi\u00e1rias controlam 52% do volume da \u00e1gua no pa\u00eds.<\/p>\n<p>\u201cEstamos vendendo a Eletrobras, vendendo a Chesf, e entregando a chave da \u2018caixa d\u00b4\u00e1gua do Nordeste\u2019 para o setor privado. O que vai orientar as decis\u00f5es de tudo o que ser\u00e1 feito pela estatal n\u00e3o ser\u00e1 mais o interesse p\u00fablico, como tem sido at\u00e9 agora, e sim o lucro\u201d, criticou.<\/p>\n<p>Presidente da Frente Parlamentar contra a Privatiza\u00e7\u00e3o da Chesf, Danilo Cabral tamb\u00e9m manifestou preocupa\u00e7\u00e3o com a gest\u00e3o das \u00e1guas do Rio S\u00e3o Francisco, fundamental para o desenvolvimento regional do Nordeste.<\/p>\n<p>O socialista citou ainda o F\u00f3rum Mundial de \u00c1gua, que re\u00fane, em Bras\u00edlia, representantes de 175 pa\u00edses para debates sobre o uso sustent\u00e1vel da \u00e1gua no planeta. Uma em cada seis cidades do pa\u00eds corre risco h\u00eddrico, segundo especialistas reunidos no f\u00f3rum.<\/p>\n<p>Danilo Cabral falou aos deputados Hugo Motta (PMDB-PB) e Jos\u00e9 Carlos Aleluia (DEM-BA), presidente e relator da comiss\u00e3o, respectivamente, sobre a responsabilidade que eles t\u00eam na condu\u00e7\u00e3o da proposta.<\/p>\n<p>\u201cN\u00e3o queiram repetir o exemplo do deputado Arthur Maia [relator da Reforma da Previd\u00eancia]. Ele, perante o povo brasileiro, ficou conhecido como algoz do direito do brasileiro \u00e0 aposentadoria, de uma proposta a qual assistimos a sua derrocada\u201d, disse.<\/p>\n<p>Audi\u00eancias \u2013 Nesta ter\u00e7a-feira (20), na primeira reuni\u00e3o da comiss\u00e3o especial, Danilo Cabral apresentou cinco requerimentos de audi\u00eancias p\u00fablicas, do total das 65 apresentadas pelos parlamentares da comiss\u00e3o.<\/p>\n<p>Os pedidos do deputado incluem debates com os governadores dos estados do Nordeste.<\/p>\n<p>Tamb\u00e9m foram solicitadas audi\u00eancias p\u00fablicas com o ministro de Minas e Energia, Fernando Coelho Filho; o presidente da Eletrobras, Wilson Ferreira Junior; o diretor-geral da Ag\u00eancia Nacional de Energia El\u00e9trica, Romeu Donizete Rufino; representantes dos sindicatos ligados ao setor el\u00e9trico, dentre outros.<\/p>\n<p>A reuni\u00e3o foi marcada por intenso debate entre parlamentares governistas e oposicionistas. O plano de trabalho do relator prev\u00ea seis audi\u00eancias e vota\u00e7\u00e3o da proposta no dia 27 de abril.<\/p>\n<p>\u201cN\u00e3o podemos permitir que um processo como esse, que envolve uma empresa da import\u00e2ncia da Eletrobras, que traz consequ\u00eancias \u00e0s suas subsidi\u00e1rias, inclusive \u00e0 Chesf, seja feito dessa forma, sem o debate desta Casa e muito menos da sociedade\u201d, afirmou o deputado.<\/p>\n<p>Assessoria de Comunica\u00e7\u00e3o\/PSB Nacional<\/p>\n","protected":false},"excerpt":{"rendered":"<p>O deputado federal Danilo Cabral (PSB-PE) voltou a fazer duras cr\u00edticas aos planos do governo Temer de privatizar a Eletrobras e suas subsidi\u00e1rias. Durante reuni\u00e3o da comiss\u00e3o especial destinada \u00e0 an\u00e1lise da proposta que tramita no Congresso, nesta quarta-feira (21), Danilo Cabral manifestou preocupa\u00e7\u00e3o com a gest\u00e3o dos rios do pa\u00eds, que passar\u00e1 para as&#8230;<a class=\"more-link\" href=\"http:\/\/blogdalucianaoliveira.com.br\/blog\/2018\/03\/22\/para-cabral-vender-a-eletrobras-e-entregar-a-chave-da-caixa-dagua-do-ne-ao-setor-privado\/\">Continue a leitura <span class=\"meta-nav\">&raquo;<\/span><\/a><\/p>\n","protected":false},"author":1,"featured_media":0,"comment_status":"closed","ping_status":"open","sticky":false,"template":"","format":"standard","meta":{"_exactmetrics_skip_tracking":false,"_exactmetrics_sitenote_active":false,"_exactmetrics_sitenote_note":"","_exactmetrics_sitenote_category":0,"jetpack_post_was_ever_published":false,"_jetpack_newsletter_access":"","_jetpack_dont_email_post_to_subs":false,"_jetpack_newsletter_tier_id":0,"_jetpack_memberships_contains_paywalled_content":false,"_jetpack_memberships_contains_paid_content":false,"footnotes":"","jetpack_publicize_message":"","jetpack_publicize_feature_enabled":true,"jetpack_social_post_already_shared":true,"jetpack_social_options":{"image_generator_settings":{"template":"highway","enabled":false},"version":2}},"categories":[1],"tags":[],"class_list":["post-17161","post","type-post","status-publish","format-standard","hentry","category-notas"],"jetpack_publicize_connections":[],"jetpack_sharing_enabled":true,"jetpack_featured_media_url":"","jetpack_shortlink":"https:\/\/wp.me\/p7wKYW-4sN","jetpack-related-posts":[],"_links":{"self":[{"href":"http:\/\/blogdalucianaoliveira.com.br\/blog\/wp-json\/wp\/v2\/posts\/17161","targetHints":{"allow":["GET"]}}],"collection":[{"href":"http:\/\/blogdalucianaoliveira.com.br\/blog\/wp-json\/wp\/v2\/posts"}],"about":[{"href":"http:\/\/blogdalucianaoliveira.com.br\/blog\/wp-json\/wp\/v2\/types\/post"}],"author":[{"embeddable":true,"href":"http:\/\/blogdalucianaoliveira.com.br\/blog\/wp-json\/wp\/v2\/users\/1"}],"replies":[{"embeddable":true,"href":"http:\/\/blogdalucianaoliveira.com.br\/blog\/wp-json\/wp\/v2\/comments?post=17161"}],"version-history":[{"count":1,"href":"http:\/\/blogdalucianaoliveira.com.br\/blog\/wp-json\/wp\/v2\/posts\/17161\/revisions"}],"predecessor-version":[{"id":17163,"href":"http:\/\/blogdalucianaoliveira.com.br\/blog\/wp-json\/wp\/v2\/posts\/17161\/revisions\/17163"}],"wp:attachment":[{"href":"http:\/\/blogdalucianaoliveira.com.br\/blog\/wp-json\/wp\/v2\/media?parent=17161"}],"wp:term":[{"taxonomy":"category","embeddable":true,"href":"http:\/\/blogdalucianaoliveira.com.br\/blog\/wp-json\/wp\/v2\/categories?post=17161"},{"taxonomy":"post_tag","embeddable":true,"href":"http:\/\/blogdalucianaoliveira.com.br\/blog\/wp-json\/wp\/v2\/tags?post=17161"}],"curies":[{"name":"wp","href":"https:\/\/api.w.org\/{rel}","templated":true}]}}