{"id":17170,"date":"2018-03-22T13:52:27","date_gmt":"2018-03-22T17:52:27","guid":{"rendered":"http:\/\/blogdalucianaoliveira.com.br\/blog\/?p=17170"},"modified":"2018-03-22T13:52:27","modified_gmt":"2018-03-22T17:52:27","slug":"cne-vale-mesmo-a-pena-privatizar-o-setor-eletrico-brasileiro","status":"publish","type":"post","link":"http:\/\/blogdalucianaoliveira.com.br\/blog\/2018\/03\/22\/cne-vale-mesmo-a-pena-privatizar-o-setor-eletrico-brasileiro\/","title":{"rendered":"CNE: VALE MESMO A PENA PRIVATIZAR O SETOR EL\u00c9TRICO BRASILEIRO?"},"content":{"rendered":"<p><img data-recalc-dims=\"1\" loading=\"lazy\" decoding=\"async\" data-attachment-id=\"17171\" data-permalink=\"http:\/\/blogdalucianaoliveira.com.br\/blog\/2018\/03\/22\/cne-vale-mesmo-a-pena-privatizar-o-setor-eletrico-brasileiro\/59eb75f4-3de3-464b-8d5b-6bf8674c1f3e\/\" data-orig-file=\"https:\/\/i0.wp.com\/blogdalucianaoliveira.com.br\/blog\/wp-content\/uploads\/2018\/03\/59EB75F4-3DE3-464B-8D5B-6BF8674C1F3E.jpeg?fit=480%2C240\" data-orig-size=\"480,240\" data-comments-opened=\"0\" data-image-meta=\"{&quot;aperture&quot;:&quot;0&quot;,&quot;credit&quot;:&quot;&quot;,&quot;camera&quot;:&quot;&quot;,&quot;caption&quot;:&quot;&quot;,&quot;created_timestamp&quot;:&quot;0&quot;,&quot;copyright&quot;:&quot;&quot;,&quot;focal_length&quot;:&quot;0&quot;,&quot;iso&quot;:&quot;0&quot;,&quot;shutter_speed&quot;:&quot;0&quot;,&quot;title&quot;:&quot;&quot;,&quot;orientation&quot;:&quot;0&quot;}\" data-image-title=\"59EB75F4-3DE3-464B-8D5B-6BF8674C1F3E\" data-image-description=\"\" data-image-caption=\"\" data-medium-file=\"https:\/\/i0.wp.com\/blogdalucianaoliveira.com.br\/blog\/wp-content\/uploads\/2018\/03\/59EB75F4-3DE3-464B-8D5B-6BF8674C1F3E.jpeg?fit=300%2C150\" data-large-file=\"https:\/\/i0.wp.com\/blogdalucianaoliveira.com.br\/blog\/wp-content\/uploads\/2018\/03\/59EB75F4-3DE3-464B-8D5B-6BF8674C1F3E.jpeg?fit=480%2C240\" src=\"https:\/\/i0.wp.com\/blogdalucianaoliveira.com.br\/blog\/wp-content\/uploads\/2018\/03\/59EB75F4-3DE3-464B-8D5B-6BF8674C1F3E.jpeg?resize=480%2C240\" alt=\"59EB75F4-3DE3-464B-8D5B-6BF8674C1F3E\" width=\"480\" height=\"240\" class=\"alignnone size-full wp-image-17171\" srcset=\"https:\/\/i0.wp.com\/blogdalucianaoliveira.com.br\/blog\/wp-content\/uploads\/2018\/03\/59EB75F4-3DE3-464B-8D5B-6BF8674C1F3E.jpeg?w=480 480w, https:\/\/i0.wp.com\/blogdalucianaoliveira.com.br\/blog\/wp-content\/uploads\/2018\/03\/59EB75F4-3DE3-464B-8D5B-6BF8674C1F3E.jpeg?resize=300%2C150 300w\" sizes=\"auto, (max-width: 480px) 100vw, 480px\" \/><\/p>\n<p>247 &#8211; O Coletivo Nacional dos Eletricit\u00e1rios (CNE) citou o apag\u00e3o que ocorreu nessa quarta-feira, 21, nas regi\u00f5es Norde e Nordeste do Pa\u00eds para criticar a possibilidade de privatiza\u00e7\u00e3o da Eletrobras. <!--more--><\/p>\n<p>&#8220;O CNE entende que em um momento como esse ser oportuno montar um grupo de t\u00e9cnicos para analisar em paralelo as causas da ocorr\u00eancia e do blecaute, assim como sobre as responsabilidades relacionadas, visto que a ocorr\u00eancia poder\u00e1 servir para nortear as decis\u00f5es sobre o processo de privatiza\u00e7\u00e3o do grupo Eletrobras&#8221;, diz a entidade, em nota.<\/p>\n<p>&#8220;As not\u00edcias que chegaram ao conhecimento do Coletivo Nacional dos Eletricit\u00e1rios d\u00e3o conta de que o Bipolo 1 de Xingu estava operando com um fluxo de 4 Giga Watts. Este equipamento teve projeto, fornecimento, montagem, testes e coloca\u00e7\u00e3o em opera\u00e7\u00e3o pelos chineses da State Grid. A State Grid a grande interessada na privatiza\u00e7\u00e3o da Eletrobras&#8221;, denuncia o CNE.<\/p>\n<p>&#8220;Por isso, \u00e9 importante que seja realizada uma avalia\u00e7\u00e3o t\u00e9cnica em paralelo por um grupo especialmente constitu\u00eddo pelo Congresso Nacional, no \u00e2mbito das comiss\u00f5es dos projetos de lei que est\u00e3o tramitando&#8221;, afirma a entidade. <\/p>\n<p>Leia abaixo, a nota na \u00edntegra:<\/p>\n<p>Ontem (21\/03), parte do Brasil ficou \u00e0s escuras, devido a um problema t\u00e9cnico ocorrido no Sistema Interligado Nacional \u2013 SIN. Tal problema traz \u00e0 tona uma discuss\u00e3o necess\u00e1ria, que \u00e9 sobre o processo de privatiza\u00e7\u00e3o do Setor El\u00e9trico Estatal. \u00c9 isso que o COLETIVO NACIONAL DOS ELETRICIT\u00c1RIOS \u2013 CNE quer aqui discutir.<\/p>\n<p>As diversas manchetes n\u00e3o conseguiram traduzir o problema, e deram margem para todo o tipo de especula\u00e7\u00e3o, inclusive por parte do pr\u00f3prio ministro de minas e energia, Fernando Coelho, que como sabemos, pouco sabe sobre o setor, veja a not\u00edcia abaixo:<\/p>\n<p>O ministro de Minas e Energia, Fernando Coelho Filho, disse que o apag\u00e3o ocorreu ap\u00f3s uma falha na usina de Belo Monte, no Par\u00e1. A Centrais El\u00e9tricas do Par\u00e1 (Celpa) informou que um problema na gera\u00e7\u00e3o de energia da usina de Tucuru\u00ed, nordeste do estado, pode ter causado o apag\u00e3o. (g1.globo.com &#8211; 21\/03\/2018 16h56 )<\/p>\n<p>O problema se deu na Subesta\u00e7\u00e3o Xingu, na sa\u00edda do bipolo CC da Belo Monte Transmissora de Energia &#8211; BMTE que ao contr\u00e1rio do que se chegou a afirmar n\u00e3o pertence \u00e0 Eletronorte e n\u00e3o \u00e9 em Tucuru\u00ed. Segundo se apurou, foram durante testes na linha de transmiss\u00e3o que transmitia 4GW de carga houve, e que ap\u00f3s uma falha, a linha acabou saindo de servi\u00e7o, provocando uma rea\u00e7\u00e3o em cadeia. Segundo o O.N.S em sua p\u00e1gina \u00c0s 15h48 do dia 21\/03\/2018 ocorreu uma falha de um disjuntor na subesta\u00e7\u00e3o Xingu, no Par\u00e1. Em consequ\u00eancia, houve o desligamento autom\u00e1tico de diversas linhas de transmiss\u00e3o em 500 kV, componentes dos troncos de interliga\u00e7\u00e3o Norte\/Nordeste\/Centro-Oeste, Tucuru\u00ed\/Manaus, Tucuru\u00ed\/Vila do Conde, Elo cc 800 kV Xingu\/Estreito e da UTE Belo Monte, entre outros, acarretando uma redu\u00e7\u00e3o total de carga no SIN, da ordem de 18.000 MW.<\/p>\n<p>Como se v\u00ea, a empresa estatal Eletronorte n\u00e3o teve qualquer responsabilidade com o problema, pois a SE Xingu \u00e9 operada e mantida pela concessionaria Linhas de Xingu Transmissora de Energia (controlada pelo Grupo Espanhol Isolux). Ja a LT (CC) +-800kV Xingu\/Estreito \u00e9 de responsabilidade da BMTE (a qual construir\u00e1 ou construiu um Esta\u00e7\u00e3o Conversora na SE Xingu), concession\u00e1ria formada por State Grid 51% Furnas 24,5% e Eletronorte 24,5%.<\/p>\n<p>O CNE entende que em um momento como esse ser oportuno montar um grupo de t\u00e9cnicos para analisar em paralelo as causas da ocorr\u00eancia e do blecaute, assim como sobre as responsabilidades relacionadas, visto que a ocorr\u00eancia poder\u00e1 servir para nortear as decis\u00f5es sobre o processo de privatiza\u00e7\u00e3o do grupo Eletrobras.<\/p>\n<p>As in\u00fameras propostas de privatiza\u00e7\u00e3o da Eletrobras que chegaram ao congresso, tanto o PL 9463\/2018, como a MP 814\/2017 tratam o tema Energia El\u00e9trica como mercadoria, e isso vem sendo denunciado pelos trabalhadores atrav\u00e9s das campanhas publicit\u00e1rias, dos debates, das mobiliza\u00e7\u00f5es que tem feito em todos os cantos do pa\u00eds.<\/p>\n<p>O apag\u00e3o que houve no dia de ontem deve levar em considera\u00e7\u00e3o, por exemplo:<\/p>\n<p>1 &#8211; A extens\u00e3o da ocorr\u00eancia;<br \/>\n2 &#8211; Os interesses diversos decorrentes do envolvimento e as responsabilidades de diversos agentes privados e estatais de G, T e D, dentre os quais principalmente a gigantesca chinesa State Grid;<\/p>\n<p>3 &#8211; O ONS com rela\u00e7\u00e3o aos estudos sist\u00eamicos, programa\u00e7\u00e3o e opera\u00e7\u00e3o sist\u00eamica;<\/p>\n<p>4 &#8211; A Empresa de Pesquisa Energ\u00e9tica &#8211; EPE e Aneel envolvidas no planejamento, consequentemente, tamb\u00e9m as obras que n\u00e3o foram realizadas de Transmiss\u00e3o devido aos 5000 km de LTs n\u00e3o constru\u00eddos pela ex-gigantesca privada Abengoa;<\/p>\n<p>5 &#8211; Os sinais da imprensa de omiss\u00e3o de informa\u00e7\u00f5es sobre :<\/p>\n<p>\u2022 A responsabilidade pela concess\u00e3o da subesta\u00e7\u00e3o Xingu;<\/p>\n<p>\u2022 O tempo de opera\u00e7\u00e3o do equipamento (nov\u00edssimo);<\/p>\n<p>\u2022 O respons\u00e1vel pelo projeto e fornecimento dos equipamentos da SE Xingu;<\/p>\n<p>\u2022 Respons\u00e1vel pelo O&#038;M da Subesta\u00e7\u00e3o Xingu;<\/p>\n<p>As not\u00edcias que chegaram ao conhecimento do Coletivo Nacional dos Eletricit\u00e1rios d\u00e3o conta de que o Bipolo 1 de Xingu estava operando com um fluxo de 4 Giga Watts. Este equipamento teve projeto, fornecimento, montagem, testes e coloca\u00e7\u00e3o em opera\u00e7\u00e3o pelos chineses da State Grid. A State Grid a grande interessada na privatiza\u00e7\u00e3o da Eletrobra<\/p>\n<p>Por isso, \u00e9 importante que seja realizada uma avalia\u00e7\u00e3o t\u00e9cnica em paralelo por um grupo especialmente constitu\u00eddo pelo Congresso Nacional, no \u00e2mbito das comiss\u00f5es dos projetos de lei que est\u00e3o tramitando.<\/p>\n<p>Toda essa situa\u00e7\u00e3o demonstra que privatizar um setor estrat\u00e9gico e deixar a vida da popula\u00e7\u00e3o, a economia, a ind\u00fastria \u00e9 a pior das escolhas para o nosso pa\u00eds. A ANEEL imp\u00f5e pesadas multas \u00e0s empresas nacionas, quando acontecem eventos dessa natureza, todavia, a informa\u00e7\u00e3o que recebemos \u00e9 que n\u00e3o haver\u00e1 multa para a empresa do grupo State Grid.<\/p>\n<p>Isso nos faz lembrar, os desastres naturais que houveram recentemente em Mariana, no Par\u00e1, onde ainda n\u00e3o se chegou aos culpados. A energia el\u00e9trica n\u00e3o pode ser visto somente como mercadoria, da forma como o governo est\u00e1 vendo, e servir apenas para fechar o rombo fiscal criado pelo pr\u00f3prio governo, e que agora come\u00e7a a mostrar o quanto ficaremos vulner\u00e1veis.<\/p>\n<p>COLETIVO NACIONAL DOS ELETRICIT\u00c1RIOS \u2013 CNE<\/p>\n<p>ENERGIA N\u00c3O \u00c9 MERCADORIA.<\/p>\n","protected":false},"excerpt":{"rendered":"<p>247 &#8211; O Coletivo Nacional dos Eletricit\u00e1rios (CNE) citou o apag\u00e3o que ocorreu nessa quarta-feira, 21, nas regi\u00f5es Norde e Nordeste do Pa\u00eds para criticar a possibilidade de privatiza\u00e7\u00e3o da Eletrobras.<\/p>\n","protected":false},"author":1,"featured_media":0,"comment_status":"closed","ping_status":"open","sticky":false,"template":"","format":"standard","meta":{"_exactmetrics_skip_tracking":false,"_exactmetrics_sitenote_active":false,"_exactmetrics_sitenote_note":"","_exactmetrics_sitenote_category":0,"jetpack_post_was_ever_published":false,"_jetpack_newsletter_access":"","_jetpack_dont_email_post_to_subs":false,"_jetpack_newsletter_tier_id":0,"_jetpack_memberships_contains_paywalled_content":false,"_jetpack_memberships_contains_paid_content":false,"footnotes":"","jetpack_publicize_message":"","jetpack_publicize_feature_enabled":true,"jetpack_social_post_already_shared":true,"jetpack_social_options":{"image_generator_settings":{"template":"highway","enabled":false},"version":2}},"categories":[1],"tags":[],"class_list":["post-17170","post","type-post","status-publish","format-standard","hentry","category-notas"],"jetpack_publicize_connections":[],"jetpack_sharing_enabled":true,"jetpack_featured_media_url":"","jetpack_shortlink":"https:\/\/wp.me\/p7wKYW-4sW","jetpack-related-posts":[],"_links":{"self":[{"href":"http:\/\/blogdalucianaoliveira.com.br\/blog\/wp-json\/wp\/v2\/posts\/17170","targetHints":{"allow":["GET"]}}],"collection":[{"href":"http:\/\/blogdalucianaoliveira.com.br\/blog\/wp-json\/wp\/v2\/posts"}],"about":[{"href":"http:\/\/blogdalucianaoliveira.com.br\/blog\/wp-json\/wp\/v2\/types\/post"}],"author":[{"embeddable":true,"href":"http:\/\/blogdalucianaoliveira.com.br\/blog\/wp-json\/wp\/v2\/users\/1"}],"replies":[{"embeddable":true,"href":"http:\/\/blogdalucianaoliveira.com.br\/blog\/wp-json\/wp\/v2\/comments?post=17170"}],"version-history":[{"count":1,"href":"http:\/\/blogdalucianaoliveira.com.br\/blog\/wp-json\/wp\/v2\/posts\/17170\/revisions"}],"predecessor-version":[{"id":17172,"href":"http:\/\/blogdalucianaoliveira.com.br\/blog\/wp-json\/wp\/v2\/posts\/17170\/revisions\/17172"}],"wp:attachment":[{"href":"http:\/\/blogdalucianaoliveira.com.br\/blog\/wp-json\/wp\/v2\/media?parent=17170"}],"wp:term":[{"taxonomy":"category","embeddable":true,"href":"http:\/\/blogdalucianaoliveira.com.br\/blog\/wp-json\/wp\/v2\/categories?post=17170"},{"taxonomy":"post_tag","embeddable":true,"href":"http:\/\/blogdalucianaoliveira.com.br\/blog\/wp-json\/wp\/v2\/tags?post=17170"}],"curies":[{"name":"wp","href":"https:\/\/api.w.org\/{rel}","templated":true}]}}