{"id":17173,"date":"2018-03-23T09:34:12","date_gmt":"2018-03-23T13:34:12","guid":{"rendered":"http:\/\/blogdalucianaoliveira.com.br\/blog\/?p=17173"},"modified":"2018-03-23T09:34:12","modified_gmt":"2018-03-23T13:34:12","slug":"stf-proibe-prisao-de-lula-ate-novo-julgamento-de-habeas-corpus-no-dia-4-de-abril","status":"publish","type":"post","link":"http:\/\/blogdalucianaoliveira.com.br\/blog\/2018\/03\/23\/stf-proibe-prisao-de-lula-ate-novo-julgamento-de-habeas-corpus-no-dia-4-de-abril\/","title":{"rendered":"STF pro\u00edbe pris\u00e3o de Lula at\u00e9 novo julgamento de habeas corpus no dia 4 de abril"},"content":{"rendered":"<p><img data-recalc-dims=\"1\" loading=\"lazy\" decoding=\"async\" data-attachment-id=\"17174\" data-permalink=\"http:\/\/blogdalucianaoliveira.com.br\/blog\/2018\/03\/23\/stf-proibe-prisao-de-lula-ate-novo-julgamento-de-habeas-corpus-no-dia-4-de-abril\/pro-4\/\" data-orig-file=\"https:\/\/i0.wp.com\/blogdalucianaoliveira.com.br\/blog\/wp-content\/uploads\/2018\/03\/pro.jpg?fit=640%2C427\" data-orig-size=\"640,427\" data-comments-opened=\"0\" data-image-meta=\"{&quot;aperture&quot;:&quot;0&quot;,&quot;credit&quot;:&quot;&quot;,&quot;camera&quot;:&quot;&quot;,&quot;caption&quot;:&quot;&quot;,&quot;created_timestamp&quot;:&quot;0&quot;,&quot;copyright&quot;:&quot;&quot;,&quot;focal_length&quot;:&quot;0&quot;,&quot;iso&quot;:&quot;0&quot;,&quot;shutter_speed&quot;:&quot;0&quot;,&quot;title&quot;:&quot;&quot;,&quot;orientation&quot;:&quot;0&quot;}\" data-image-title=\"pro\" data-image-description=\"\" data-image-caption=\"\" data-medium-file=\"https:\/\/i0.wp.com\/blogdalucianaoliveira.com.br\/blog\/wp-content\/uploads\/2018\/03\/pro.jpg?fit=300%2C200\" data-large-file=\"https:\/\/i0.wp.com\/blogdalucianaoliveira.com.br\/blog\/wp-content\/uploads\/2018\/03\/pro.jpg?fit=600%2C400\" src=\"https:\/\/i0.wp.com\/blogdalucianaoliveira.com.br\/blog\/wp-content\/uploads\/2018\/03\/pro.jpg?resize=600%2C400\" alt=\"pro\" width=\"600\" height=\"400\" class=\"alignnone size-full wp-image-17174\" srcset=\"https:\/\/i0.wp.com\/blogdalucianaoliveira.com.br\/blog\/wp-content\/uploads\/2018\/03\/pro.jpg?w=640 640w, https:\/\/i0.wp.com\/blogdalucianaoliveira.com.br\/blog\/wp-content\/uploads\/2018\/03\/pro.jpg?resize=300%2C200 300w, https:\/\/i0.wp.com\/blogdalucianaoliveira.com.br\/blog\/wp-content\/uploads\/2018\/03\/pro.jpg?resize=450%2C300 450w\" sizes=\"auto, (max-width: 600px) 100vw, 600px\" \/><\/p>\n<p>Ex-presidente n\u00e3o poder\u00e1 ser preso mesmo se TRF4 julgar improcedente seu recurso no pr\u00f3ximo dia 26 de mar\u00e7o<!--more--><\/p>\n<p>Jos\u00e9 Eduardo Bernardes e J\u00falia Dolce<br \/>\nBrasil de Fato | Bras\u00edlia (DF)<\/p>\n<p>O Supremo Tribunal Federal (STF) adiou, nesta quinta-feira (22), o julgamento do habeas corpus preventivo apresentado pela defesa do ex-presidente Luiz In\u00e1cio Lula da Silva. A nova sess\u00e3o est\u00e1 marcada para o dia 4 de abril. Os ministros do STF tamb\u00e9m acataram um pedido liminar proposto pelo advogado de Lula para evitar que ele seja preso at\u00e9 o novo julgamento.<\/p>\n<p>A sess\u00e3o desta quinta (22) teve in\u00edcio \u00e0s 14h. Ao fazer a defesa do ex-presidente, o advogado Jos\u00e9 Roberto Batochio disse que \u201ch\u00e1 certa vol\u00fapia em encarcerar um ex-presidente da Rep\u00fablica&#8221;. Batochio tamb\u00e9m comentou que \u201cquando vejo tribunais entrarem a legislar, eu me sinto desmotivado, porque vejo que leis s\u00e3o substitu\u00eddas por mirabol\u00e2ncias\u201d.<\/p>\n<p>Ap\u00f3s longos votos, s\u00f3 por volta das 19h o plen\u00e1rio do STF decidiu o primeiro ponto de discuss\u00e3o. Por sete votos a quatro, o ministros entenderam que o Supremo deveria tomar conhecimento do habeas corpus e julgar seu m\u00e9rito.<\/p>\n<p>Votaram a favor os ministros Alexandre de Moraes, Dias Toffoli, Ricardo Lewandowski, Gilmar Mendes, Marco Aur\u00e9lio Melo, Rosa Weber e Celso de Melo. Votaram contra os ministros Edson Fachin, relator da mat\u00e9ria, Luiz Fux, Luiz Barroso e a presidenta do Supremo, C\u00e1rmen L\u00facia.<\/p>\n<p>Segundo Lewandowski, o \u201chabeas corpus \u00e9 rem\u00e9dio nobil\u00edssimo, que visa proteger o bem mais importante depois da vida, que \u00e9 a liberdade\u201d. Vis\u00e3o refor\u00e7ado pelo ministro Marco Aur\u00e9lio, para quem \u201ca liberdade de ir e vir n\u00e3o pode ser um obst\u00e1culo\u201d. Melo criticou a posi\u00e7\u00e3o de cr\u00edticos do dispositivo constitucional, \u201choje n\u00e3o se fala do habeas corpus como um rem\u00e9dio her\u00f3ico, mas como um peso para o Supremo Tribunal Federal\u201d.<\/p>\n<p>Contudo, ap\u00f3s aceitarem julgar o pedido de Lula, os ministros da Corte optaram pelo adiamento da discuss\u00e3o, diante da requisi\u00e7\u00e3o de afastamento apresentado pelo ministro Marco Aur\u00e9lio, que alegou viagem de avi\u00e3o j\u00e1 marcada para o dia. O julgamento ser\u00e1 conclu\u00eddo na sess\u00e3o do dia 4 de abril.<\/p>\n<p>Antes de encerrar os trabalhos desta quinta (21), os ministros do Supremo deferiram um pedido liminar proposto pelo advogado Jos\u00e9 Roberto Batochio, solicitando que Lula tenha garantida sua liberdade de ir e vir at\u00e9 o novo julgamento do habeas corpus preventivo. Com isso, o ex-presidente n\u00e3o poder\u00e1 ser preso mesmo se o Tribunal Regional Federal da 4\u00aa Regi\u00e3o (TRF4) julgar improcedente seu \u00faltimo recurso. <\/p>\n<p>O caso do ex-presidente tramita na 8\u00aa Turma do TRF4, em Porto Alegre, que julgar\u00e1, na pr\u00f3xima segunda (26), o pedido de embargos declarat\u00f3rios impetrado pela defesa de Lula. A an\u00e1lise dos embargos, tipo de recurso proposto quando h\u00e1 omiss\u00e3o, contradi\u00e7\u00e3o ou obscuridade na senten\u00e7a, \u00e9 a \u00faltima possibilidade de revers\u00e3o da pena em segunda inst\u00e2ncia. <\/p>\n<p>Juristas<\/p>\n<p>De acordo com o advogado e deputado federal Wadih Damous (PT-RJ), a decis\u00e3o de garantir a liberdade de Lula foi &#8220;correta&#8221; e estritamente t\u00e9cnica. &#8220;\u00c9 comum nos tribunais que isso aconte\u00e7a. Afinal de contas, n\u00e3o foi a parte que deu causa \u00e0 suspens\u00e3o do julgamento&#8221;. <\/p>\n<p>Na mesma linha de racioc\u00ednio, Gladstone Leonel J\u00fanior, doutor em Direito, Estado e Constitui\u00e7\u00e3o pela Universidade de Bras\u00edlia (UnB), ponderou que &#8220;caso a liminar n\u00e3o fosse deferida, isso agiria em preju\u00edzo de quem pediu o habeas corpus, por culpa do Estado, que n\u00e3o julgou no momento adequado. Ent\u00e3o, a liminar foi adequada, para que o paciente possa se manter em liberdade at\u00e9 o julgamento definitivo&#8221;.<\/p>\n<p>Entretanto, Damous ressaltou que as decis\u00f5es de hoje n\u00e3o d\u00e3o pistas sobre o resultado da vota\u00e7\u00e3o adiada. &#8220;O resultado, quando for determinado o julgamento, pode ser qualquer um. A decis\u00e3o de hoje n\u00e3o aponta nenhum caminho. Por enquanto, a vida segue normalmente, e o ex-presidente Lula segue com sua Caravana pelo Sul&#8221;, afirmou.<\/p>\n<p>Para a jurista Caroline Proner, professora de direito da Universidade Federal do Rio de Janeiro (UFRJ), o mais preocupante da sess\u00e3o desta quinta (22) foram os votos dos ministros que optaram por nem mesmo aceitar o julgamento do habeas corpus pelo STF. <\/p>\n<p>&#8220;O que me deixou mais impressionada \u00e9 que alguns ministros sequer quiseram conhecer o recurso, mesmo com a quantidade imensa de pedidos por parte da defesa e da insist\u00eancia de que o STF cumpra seu papel, julgando esse que \u00e9 um dos rem\u00e9dios constitucionais mais ilustres, o recurso \u00faltimo de quem n\u00e3o tem mais a quem recorrer, que \u00e9 o habeas corpus. Foi uma sess\u00e3o que deixou em evid\u00eancia as posi\u00e7\u00f5es essenciais de cada um, n\u00e3o a respeito de Lula, mas do que eles consideram garantias jur\u00eddicas. Tudo isso \u00e9 muito amea\u00e7ador ao direito do r\u00e9u&#8221;, afirmou.<\/p>\n<p>Apoio popular<\/p>\n<p>Cerca de 500 pessoas acompanharam, em frente ao pr\u00e9dio do STF, o julgamento do habeas corpus do ex-presidente Lula. Militantes e moradores da capital federal pediam, desde \u00e0s 13h da tarde, que a Constitui\u00e7\u00e3o fosse respeitada e que Lula pudesse, em liberdade, aguardar o julgamento de seu caso nos tribunais superiores.<\/p>\n<p>Para Marcos Antonio Braga, 59, morador de Bras\u00edlia, \u201ca Constitui\u00e7\u00e3o \u00e9 bastante clara, ningu\u00e9m pode ser condenado at\u00e9 que se termine todo o tr\u00e2nsito em julgado, por isso, o Lula e qualquer cidad\u00e3o brasileiro, tem que ter respeitado seus direitos\u201d. <\/p>\n<p>Em ato p\u00fablico realizado na noite desta quinta (21), durante passagem de sua caravana pela cidade de Palmeira das Miss\u00e3o, no Rio Grande do Sul, o ex-presidente Lula afirmou que &#8220;para desgra\u00e7a dos meus advers\u00e1rios, eu vou durar bastante. E eu quero viver pra provar a minha inoc\u00eancia&#8221;. <\/p>\n<p>A caravana de Lula pela regi\u00e3o Sul do Brasil teve in\u00edcio nesta segunda (19) e se encerrar\u00e1 no dia 28 de mar\u00e7o, quando est\u00e1 previsto um ato na Boca Maldita, centro de Curitiba (PR). <\/p>\n<p>Edi\u00e7\u00e3o: Thalles Gomes<\/p>\n","protected":false},"excerpt":{"rendered":"<p>Ex-presidente n\u00e3o poder\u00e1 ser preso mesmo se TRF4 julgar improcedente seu recurso no pr\u00f3ximo dia 26 de mar\u00e7o<\/p>\n","protected":false},"author":1,"featured_media":0,"comment_status":"closed","ping_status":"open","sticky":false,"template":"","format":"standard","meta":{"_exactmetrics_skip_tracking":false,"_exactmetrics_sitenote_active":false,"_exactmetrics_sitenote_note":"","_exactmetrics_sitenote_category":0,"jetpack_post_was_ever_published":false,"_jetpack_newsletter_access":"","_jetpack_dont_email_post_to_subs":false,"_jetpack_newsletter_tier_id":0,"_jetpack_memberships_contains_paywalled_content":false,"_jetpack_memberships_contains_paid_content":false,"footnotes":"","jetpack_publicize_message":"","jetpack_publicize_feature_enabled":true,"jetpack_social_post_already_shared":true,"jetpack_social_options":{"image_generator_settings":{"template":"highway","enabled":false},"version":2}},"categories":[1],"tags":[],"class_list":["post-17173","post","type-post","status-publish","format-standard","hentry","category-notas"],"jetpack_publicize_connections":[],"jetpack_sharing_enabled":true,"jetpack_featured_media_url":"","jetpack_shortlink":"https:\/\/wp.me\/p7wKYW-4sZ","jetpack-related-posts":[],"_links":{"self":[{"href":"http:\/\/blogdalucianaoliveira.com.br\/blog\/wp-json\/wp\/v2\/posts\/17173","targetHints":{"allow":["GET"]}}],"collection":[{"href":"http:\/\/blogdalucianaoliveira.com.br\/blog\/wp-json\/wp\/v2\/posts"}],"about":[{"href":"http:\/\/blogdalucianaoliveira.com.br\/blog\/wp-json\/wp\/v2\/types\/post"}],"author":[{"embeddable":true,"href":"http:\/\/blogdalucianaoliveira.com.br\/blog\/wp-json\/wp\/v2\/users\/1"}],"replies":[{"embeddable":true,"href":"http:\/\/blogdalucianaoliveira.com.br\/blog\/wp-json\/wp\/v2\/comments?post=17173"}],"version-history":[{"count":1,"href":"http:\/\/blogdalucianaoliveira.com.br\/blog\/wp-json\/wp\/v2\/posts\/17173\/revisions"}],"predecessor-version":[{"id":17175,"href":"http:\/\/blogdalucianaoliveira.com.br\/blog\/wp-json\/wp\/v2\/posts\/17173\/revisions\/17175"}],"wp:attachment":[{"href":"http:\/\/blogdalucianaoliveira.com.br\/blog\/wp-json\/wp\/v2\/media?parent=17173"}],"wp:term":[{"taxonomy":"category","embeddable":true,"href":"http:\/\/blogdalucianaoliveira.com.br\/blog\/wp-json\/wp\/v2\/categories?post=17173"},{"taxonomy":"post_tag","embeddable":true,"href":"http:\/\/blogdalucianaoliveira.com.br\/blog\/wp-json\/wp\/v2\/tags?post=17173"}],"curies":[{"name":"wp","href":"https:\/\/api.w.org\/{rel}","templated":true}]}}