{"id":17176,"date":"2018-03-23T09:36:02","date_gmt":"2018-03-23T13:36:02","guid":{"rendered":"http:\/\/blogdalucianaoliveira.com.br\/blog\/?p=17176"},"modified":"2018-03-23T09:36:02","modified_gmt":"2018-03-23T13:36:02","slug":"janete-capiberibe-critica-mineradoras-e-agronegocio-e-defende-uso-racional-da-agua","status":"publish","type":"post","link":"http:\/\/blogdalucianaoliveira.com.br\/blog\/2018\/03\/23\/janete-capiberibe-critica-mineradoras-e-agronegocio-e-defende-uso-racional-da-agua\/","title":{"rendered":"Janete Capiberibe critica mineradoras e agroneg\u00f3cio e defende uso racional da \u00e1gua"},"content":{"rendered":"<p><img data-recalc-dims=\"1\" loading=\"lazy\" decoding=\"async\" data-attachment-id=\"17177\" data-permalink=\"http:\/\/blogdalucianaoliveira.com.br\/blog\/2018\/03\/23\/janete-capiberibe-critica-mineradoras-e-agronegocio-e-defende-uso-racional-da-agua\/ja-4\/\" data-orig-file=\"https:\/\/i0.wp.com\/blogdalucianaoliveira.com.br\/blog\/wp-content\/uploads\/2018\/03\/ja.jpg?fit=360%2C185\" data-orig-size=\"360,185\" data-comments-opened=\"0\" data-image-meta=\"{&quot;aperture&quot;:&quot;0&quot;,&quot;credit&quot;:&quot;&quot;,&quot;camera&quot;:&quot;&quot;,&quot;caption&quot;:&quot;&quot;,&quot;created_timestamp&quot;:&quot;0&quot;,&quot;copyright&quot;:&quot;&quot;,&quot;focal_length&quot;:&quot;0&quot;,&quot;iso&quot;:&quot;0&quot;,&quot;shutter_speed&quot;:&quot;0&quot;,&quot;title&quot;:&quot;&quot;,&quot;orientation&quot;:&quot;0&quot;}\" data-image-title=\"ja\" data-image-description=\"\" data-image-caption=\"\" data-medium-file=\"https:\/\/i0.wp.com\/blogdalucianaoliveira.com.br\/blog\/wp-content\/uploads\/2018\/03\/ja.jpg?fit=300%2C154\" data-large-file=\"https:\/\/i0.wp.com\/blogdalucianaoliveira.com.br\/blog\/wp-content\/uploads\/2018\/03\/ja.jpg?fit=360%2C185\" src=\"https:\/\/i0.wp.com\/blogdalucianaoliveira.com.br\/blog\/wp-content\/uploads\/2018\/03\/ja.jpg?resize=360%2C185\" alt=\"ja\" width=\"360\" height=\"185\" class=\"alignnone size-full wp-image-17177\" srcset=\"https:\/\/i0.wp.com\/blogdalucianaoliveira.com.br\/blog\/wp-content\/uploads\/2018\/03\/ja.jpg?w=360 360w, https:\/\/i0.wp.com\/blogdalucianaoliveira.com.br\/blog\/wp-content\/uploads\/2018\/03\/ja.jpg?resize=300%2C154 300w\" sizes=\"auto, (max-width: 360px) 100vw, 360px\" \/><\/p>\n<p>A deputada federal Janete Capiberibe (PSB-AP) apontou a  minera\u00e7\u00e3o e o agroneg\u00f3cio como os setores que mais causam polui\u00e7\u00e3o de rios e mananciais no pa\u00eds e defendeu um novo modelo de uso da \u00e1gua, para que sejam evitadas novas cat\u00e1strofes ambientais como as que ocorreram em Mariana (MG), em 2015, e em Barcarena (PA), neste ano.<!--more--><\/p>\n<p>Em discurso na tribuna da C\u00e2mara nesta quarta-feira (21), a parlamentar afirmou que o custo do uso comercial dos recursos h\u00eddricos no pa\u00eds \u00e9 \u201cinsignificante\u201d, representa elevado lucro das empresas desses setores e \u201cdanosas consequ\u00eancias \u00e0 sociedade\u201d.<\/p>\n<p>\u201cO artigo s\u00e9timo dos direitos da \u00e1gua afirma que ela n\u00e3o deve ser desperdi\u00e7ada, nem polu\u00edda, nem envenenada. Mas seu uso comercial \u00e9 o maior causador da sua polui\u00e7\u00e3o, como por res\u00edduos de minera\u00e7\u00e3o e agrot\u00f3xicos. Este modelo precisa ser modificado\u201d, defendeu. \u201cVamos cobrar provid\u00eancias para punir e sanear crimes ambientais\u201d, afirmou.<\/p>\n<p>A parlamentar citou dados da Comiss\u00e3o Pastoral da Terra que apontam para os conflitos por \u00e1gua no pa\u00eds:  51,7%, ou seja, metade do total, s\u00e3o causados pela minera\u00e7\u00e3o. Os ribeirinhos s\u00e3o os mais afetados: 64 conflitos, seguidos por pescadores (31), pequenos propriet\u00e1rios de terra (16) e ind\u00edgenas (15).<\/p>\n<p>Janete tamb\u00e9m destacou o problema da seca que atinge mais de 48 milh\u00f5es de brasileiros, apesar de o pa\u00eds possuir 13% de toda a \u00e1gua doce do planeta, lembrou que 34 milh\u00f5es de pessoas n\u00e3o t\u00eam acesso \u00e0 rede de abastecimento de \u00e1gua pot\u00e1vel.<\/p>\n<p>\u201cO planejamento da gest\u00e3o da \u00e1gua deve levar em conta a solidariedade para seu uso por conta da distribui\u00e7\u00e3o desigual, mas n\u00e3o pode ser tratada como mercadoria pela qual empresas privadas somam lucros estrondosos enquanto milh\u00f5es passam sede\u201d, criticou.<\/p>\n<p>Assessoria de Comunica\u00e7\u00e3o\/PSB Nacional<\/p>\n","protected":false},"excerpt":{"rendered":"<p>A deputada federal Janete Capiberibe (PSB-AP) apontou a minera\u00e7\u00e3o e o agroneg\u00f3cio como os setores que mais causam polui\u00e7\u00e3o de rios e mananciais no pa\u00eds e defendeu um novo modelo de uso da \u00e1gua, para que sejam evitadas novas cat\u00e1strofes ambientais como as que ocorreram em Mariana (MG), em 2015, e em Barcarena (PA), neste&#8230;<a class=\"more-link\" href=\"http:\/\/blogdalucianaoliveira.com.br\/blog\/2018\/03\/23\/janete-capiberibe-critica-mineradoras-e-agronegocio-e-defende-uso-racional-da-agua\/\">Continue a leitura <span class=\"meta-nav\">&raquo;<\/span><\/a><\/p>\n","protected":false},"author":1,"featured_media":0,"comment_status":"closed","ping_status":"open","sticky":false,"template":"","format":"standard","meta":{"_exactmetrics_skip_tracking":false,"_exactmetrics_sitenote_active":false,"_exactmetrics_sitenote_note":"","_exactmetrics_sitenote_category":0,"jetpack_post_was_ever_published":false,"_jetpack_newsletter_access":"","_jetpack_dont_email_post_to_subs":false,"_jetpack_newsletter_tier_id":0,"_jetpack_memberships_contains_paywalled_content":false,"_jetpack_memberships_contains_paid_content":false,"footnotes":"","jetpack_publicize_message":"","jetpack_publicize_feature_enabled":true,"jetpack_social_post_already_shared":true,"jetpack_social_options":{"image_generator_settings":{"template":"highway","enabled":false},"version":2}},"categories":[1],"tags":[],"class_list":["post-17176","post","type-post","status-publish","format-standard","hentry","category-notas"],"jetpack_publicize_connections":[],"jetpack_sharing_enabled":true,"jetpack_featured_media_url":"","jetpack_shortlink":"https:\/\/wp.me\/p7wKYW-4t2","jetpack-related-posts":[],"_links":{"self":[{"href":"http:\/\/blogdalucianaoliveira.com.br\/blog\/wp-json\/wp\/v2\/posts\/17176","targetHints":{"allow":["GET"]}}],"collection":[{"href":"http:\/\/blogdalucianaoliveira.com.br\/blog\/wp-json\/wp\/v2\/posts"}],"about":[{"href":"http:\/\/blogdalucianaoliveira.com.br\/blog\/wp-json\/wp\/v2\/types\/post"}],"author":[{"embeddable":true,"href":"http:\/\/blogdalucianaoliveira.com.br\/blog\/wp-json\/wp\/v2\/users\/1"}],"replies":[{"embeddable":true,"href":"http:\/\/blogdalucianaoliveira.com.br\/blog\/wp-json\/wp\/v2\/comments?post=17176"}],"version-history":[{"count":1,"href":"http:\/\/blogdalucianaoliveira.com.br\/blog\/wp-json\/wp\/v2\/posts\/17176\/revisions"}],"predecessor-version":[{"id":17178,"href":"http:\/\/blogdalucianaoliveira.com.br\/blog\/wp-json\/wp\/v2\/posts\/17176\/revisions\/17178"}],"wp:attachment":[{"href":"http:\/\/blogdalucianaoliveira.com.br\/blog\/wp-json\/wp\/v2\/media?parent=17176"}],"wp:term":[{"taxonomy":"category","embeddable":true,"href":"http:\/\/blogdalucianaoliveira.com.br\/blog\/wp-json\/wp\/v2\/categories?post=17176"},{"taxonomy":"post_tag","embeddable":true,"href":"http:\/\/blogdalucianaoliveira.com.br\/blog\/wp-json\/wp\/v2\/tags?post=17176"}],"curies":[{"name":"wp","href":"https:\/\/api.w.org\/{rel}","templated":true}]}}