{"id":17188,"date":"2018-03-23T11:08:47","date_gmt":"2018-03-23T15:08:47","guid":{"rendered":"http:\/\/blogdalucianaoliveira.com.br\/blog\/?p=17188"},"modified":"2018-03-23T11:08:47","modified_gmt":"2018-03-23T15:08:47","slug":"feminicidio-17-anos-apos-crime-justica-condena-pecuarista-por-morte-de-professora-em-londrina","status":"publish","type":"post","link":"http:\/\/blogdalucianaoliveira.com.br\/blog\/2018\/03\/23\/feminicidio-17-anos-apos-crime-justica-condena-pecuarista-por-morte-de-professora-em-londrina\/","title":{"rendered":"Feminic\u00eddio: 17 anos ap\u00f3s crime, Justi\u00e7a condena pecuarista por morte de professora em Londrina"},"content":{"rendered":"<p><img data-recalc-dims=\"1\" loading=\"lazy\" decoding=\"async\" data-attachment-id=\"17183\" data-permalink=\"http:\/\/blogdalucianaoliveira.com.br\/blog\/xestela-jpg-pagespeed-ic-aud-taieyr\/\" data-orig-file=\"https:\/\/i0.wp.com\/blogdalucianaoliveira.com.br\/blog\/wp-content\/uploads\/2018\/03\/xestela.jpg.pagespeed.ic_.AUd-taiEyr.jpg?fit=699%2C420\" data-orig-size=\"699,420\" data-comments-opened=\"0\" data-image-meta=\"{&quot;aperture&quot;:&quot;0&quot;,&quot;credit&quot;:&quot;&quot;,&quot;camera&quot;:&quot;&quot;,&quot;caption&quot;:&quot;&quot;,&quot;created_timestamp&quot;:&quot;0&quot;,&quot;copyright&quot;:&quot;&quot;,&quot;focal_length&quot;:&quot;0&quot;,&quot;iso&quot;:&quot;0&quot;,&quot;shutter_speed&quot;:&quot;0&quot;,&quot;title&quot;:&quot;&quot;,&quot;orientation&quot;:&quot;0&quot;}\" data-image-title=\"xestela.jpg.pagespeed.ic.AUd-taiEyr\" data-image-description=\"\" data-image-caption=\"\" data-medium-file=\"https:\/\/i0.wp.com\/blogdalucianaoliveira.com.br\/blog\/wp-content\/uploads\/2018\/03\/xestela.jpg.pagespeed.ic_.AUd-taiEyr.jpg?fit=300%2C180\" data-large-file=\"https:\/\/i0.wp.com\/blogdalucianaoliveira.com.br\/blog\/wp-content\/uploads\/2018\/03\/xestela.jpg.pagespeed.ic_.AUd-taiEyr.jpg?fit=600%2C361\" src=\"https:\/\/i0.wp.com\/blogdalucianaoliveira.com.br\/blog\/wp-content\/uploads\/2018\/03\/xestela.jpg.pagespeed.ic_.AUd-taiEyr.jpg?resize=600%2C361\" alt=\"xestela.jpg.pagespeed.ic.AUd-taiEyr\" width=\"600\" height=\"361\" class=\"alignnone size-full wp-image-17183\" srcset=\"https:\/\/i0.wp.com\/blogdalucianaoliveira.com.br\/blog\/wp-content\/uploads\/2018\/03\/xestela.jpg.pagespeed.ic_.AUd-taiEyr.jpg?w=699 699w, https:\/\/i0.wp.com\/blogdalucianaoliveira.com.br\/blog\/wp-content\/uploads\/2018\/03\/xestela.jpg.pagespeed.ic_.AUd-taiEyr.jpg?resize=300%2C180 300w, https:\/\/i0.wp.com\/blogdalucianaoliveira.com.br\/blog\/wp-content\/uploads\/2018\/03\/xestela.jpg.pagespeed.ic_.AUd-taiEyr.jpg?resize=499%2C300 499w\" sizes=\"auto, (max-width: 600px) 100vw, 600px\" \/><\/p>\n<p>Mauro Janene Costa foi condenado a 11 anos de pris\u00e3o pelo assassinato de Estela Pacheco.<br \/>\nFazendeiro ainda pode recorrer da decis\u00e3o, em primeira inst\u00e2ncia, em liberdade<!--more--><\/p>\n<p>No El Pa\u00eds &#8211; Depois de 17 anos e cinco meses de espera, a fam\u00edlia de Maria Estela Correa Pacheco, morta em outubro de 2000 em Londrina (Paran\u00e1), finalmente viu um desfecho, ao menos em primeira inst\u00e2ncia, do assassinato da professora de m\u00fasica. No final da noite desta quinta-feira, o Tribunal do J\u00fari de Ponta Grossa (PR) condenou o pecuarista Mauro Janene Costa, 52 anos, a 11 anos de pris\u00e3o em regime inicial fechado pelo crime. A condena\u00e7\u00e3o, embora tardia, encerra o primeiro e longo cap\u00edtulo desse caso, que tornou-se um dos s\u00edmbolos da lentid\u00e3o da Justi\u00e7a brasileira. Por j\u00e1 estar em liberdade, o fazendeiro (que se declara inocente e, ao j\u00fari, descreveu o caso como um acidente), pode recorrer da decis\u00e3o fora da pris\u00e3o.<\/p>\n<p>O julgamento de Mauro Janene Costa durou quase 15 horas. Sete mulheres compuseram o j\u00fari, que foi transferido para Ponta Grossa a pedido da defesa do r\u00e9u, que alegava que, se realizado em Londrina, ele poderia ser influenciado pela como\u00e7\u00e3o popular que o caso gerou. Janene Costa e Estela Pacheco tiveram um curto relacionamento amoroso, mas n\u00e3o estavam mais juntos na \u00e9poca do crime. A professora, ent\u00e3o com 35 anos, foi encontrada morta no p\u00e1tio do edif\u00edcio de luxo onde o pecuarista morava em Londrina, norte do Estado, horas ap\u00f3s deixar um bar na cidade com o ex-namorado. Embora o fazendeiro tivesse alegado que ela caiu do 12\u00ba andar do pr\u00e9dio ap\u00f3s se desequilibrar, a per\u00edcia da \u00e9poca concluiu que ela j\u00e1 estava morta antes da queda e ele foi acusado pelo assassinato. Ele foi denunciado em 2001.<\/p>\n<p>Embora casos de feminic\u00eddio (assassinato de mulheres motivados por quest\u00f5es relacionadas ao \u00f3dio de g\u00eanero) deveriam, em tese, ser julgados com mais rapidez que crimes comuns, o processo arrastou-se por quase duas d\u00e9cadas. E o j\u00fari popular deveria ter ocorrido em 2011, mas a defesa do r\u00e9u conseguiu adiar por sete ocasi\u00f5es o julgamento. A fam\u00edlia de Estela Pacheco chegou a criar, em 2015, um site e uma peti\u00e7\u00e3o p\u00fablica exigindo que o caso fosse julgado \u2014foram reunidas mais de 2.700 assinaturas cobrando celeridade no processo. No ano seguinte, em 8 de mar\u00e7o de 2016, a filha \u00fanica da v\u00edtima, a jornalista e advogada Laila Pacheco Menechino, que tinha 14 anos quando a m\u00e3e foi assassinada, escreveu uma carta ao Supremo Tribunal Federal &#8220;suplicando&#8221; que o processo n\u00e3o fosse mais protelado. E, em 22 de mar\u00e7o de 2018, ap\u00f3s um dia de depoimentos de testemunhas e de intensos debates entre o Minist\u00e9rio P\u00fablico do Estado, respons\u00e1vel pela acusa\u00e7\u00e3o, e a defesa, representada pela advogada Gabriela Roberta Silva, as sete juradas conclu\u00edram que Mauro Janene Costa \u00e9 o culpado pela morte da professora de m\u00fasica.<\/p>\n<p><img data-recalc-dims=\"1\" loading=\"lazy\" decoding=\"async\" data-attachment-id=\"17182\" data-permalink=\"http:\/\/blogdalucianaoliveira.com.br\/blog\/mau1\/\" data-orig-file=\"https:\/\/i0.wp.com\/blogdalucianaoliveira.com.br\/blog\/wp-content\/uploads\/2018\/03\/mau1.jpg?fit=1960%2C1104\" data-orig-size=\"1960,1104\" data-comments-opened=\"0\" data-image-meta=\"{&quot;aperture&quot;:&quot;0&quot;,&quot;credit&quot;:&quot;&quot;,&quot;camera&quot;:&quot;&quot;,&quot;caption&quot;:&quot;&quot;,&quot;created_timestamp&quot;:&quot;0&quot;,&quot;copyright&quot;:&quot;&quot;,&quot;focal_length&quot;:&quot;0&quot;,&quot;iso&quot;:&quot;0&quot;,&quot;shutter_speed&quot;:&quot;0&quot;,&quot;title&quot;:&quot;&quot;,&quot;orientation&quot;:&quot;0&quot;}\" data-image-title=\"mau1\" data-image-description=\"\" data-image-caption=\"\" data-medium-file=\"https:\/\/i0.wp.com\/blogdalucianaoliveira.com.br\/blog\/wp-content\/uploads\/2018\/03\/mau1.jpg?fit=300%2C169\" data-large-file=\"https:\/\/i0.wp.com\/blogdalucianaoliveira.com.br\/blog\/wp-content\/uploads\/2018\/03\/mau1.jpg?fit=600%2C338\" src=\"https:\/\/i0.wp.com\/blogdalucianaoliveira.com.br\/blog\/wp-content\/uploads\/2018\/03\/mau1.jpg?resize=600%2C338\" alt=\"mau1\" width=\"600\" height=\"338\" class=\"alignnone size-full wp-image-17182\" srcset=\"https:\/\/i0.wp.com\/blogdalucianaoliveira.com.br\/blog\/wp-content\/uploads\/2018\/03\/mau1.jpg?w=1960 1960w, https:\/\/i0.wp.com\/blogdalucianaoliveira.com.br\/blog\/wp-content\/uploads\/2018\/03\/mau1.jpg?resize=300%2C169 300w, https:\/\/i0.wp.com\/blogdalucianaoliveira.com.br\/blog\/wp-content\/uploads\/2018\/03\/mau1.jpg?resize=768%2C433 768w, https:\/\/i0.wp.com\/blogdalucianaoliveira.com.br\/blog\/wp-content\/uploads\/2018\/03\/mau1.jpg?resize=1024%2C577 1024w, https:\/\/i0.wp.com\/blogdalucianaoliveira.com.br\/blog\/wp-content\/uploads\/2018\/03\/mau1.jpg?resize=533%2C300 533w, https:\/\/i0.wp.com\/blogdalucianaoliveira.com.br\/blog\/wp-content\/uploads\/2018\/03\/mau1.jpg?w=1200 1200w, https:\/\/i0.wp.com\/blogdalucianaoliveira.com.br\/blog\/wp-content\/uploads\/2018\/03\/mau1.jpg?w=1800 1800w\" sizes=\"auto, (max-width: 600px) 100vw, 600px\" \/><br \/>\nO juiz Luiz Carlos Fortes Bittencourt l\u00ea a decis\u00e3o do j\u00fari no F\u00f3rum de Ponta Grossa. <\/p>\n<p>A senten\u00e7a foi lida no final da noite pelo juiz Luiz Carlos Fortes Bittencourt. <\/p>\n<p>Devido \u00e0 demora em realizar o j\u00fari, e pela transfer\u00eancia para outra cidade, algumas testemunhas do caso n\u00e3o puderam ser ouvidas pelos jurados. Foi o caso do m\u00e9dico legista respons\u00e1vel pelo laudo que atestou que Estela Pacheco j\u00e1 estava morta: ele mudou de pa\u00eds anos atr\u00e1s. No julgamento, quem dep\u00f4s foi o perito Leoc\u00e1dio Casanova, contratado e arrolado pela defesa do fazendeiro, que questionou os laudos da \u00e9poca e disse que a per\u00edcia oficial realizada na ocasi\u00e3o encontrou ind\u00edcios, n\u00e3o provas, da morte de Estela antes da queda.<\/p>\n<p><img data-recalc-dims=\"1\" loading=\"lazy\" decoding=\"async\" data-attachment-id=\"17181\" data-permalink=\"http:\/\/blogdalucianaoliveira.com.br\/blog\/mau-3\/\" data-orig-file=\"https:\/\/i0.wp.com\/blogdalucianaoliveira.com.br\/blog\/wp-content\/uploads\/2018\/03\/mau-1.jpg?fit=720%2C578\" data-orig-size=\"720,578\" data-comments-opened=\"0\" data-image-meta=\"{&quot;aperture&quot;:&quot;0&quot;,&quot;credit&quot;:&quot;&quot;,&quot;camera&quot;:&quot;&quot;,&quot;caption&quot;:&quot;&quot;,&quot;created_timestamp&quot;:&quot;0&quot;,&quot;copyright&quot;:&quot;&quot;,&quot;focal_length&quot;:&quot;0&quot;,&quot;iso&quot;:&quot;0&quot;,&quot;shutter_speed&quot;:&quot;0&quot;,&quot;title&quot;:&quot;&quot;,&quot;orientation&quot;:&quot;0&quot;}\" data-image-title=\"mau\" data-image-description=\"\" data-image-caption=\"\" data-medium-file=\"https:\/\/i0.wp.com\/blogdalucianaoliveira.com.br\/blog\/wp-content\/uploads\/2018\/03\/mau-1.jpg?fit=300%2C241\" data-large-file=\"https:\/\/i0.wp.com\/blogdalucianaoliveira.com.br\/blog\/wp-content\/uploads\/2018\/03\/mau-1.jpg?fit=600%2C482\" src=\"https:\/\/i0.wp.com\/blogdalucianaoliveira.com.br\/blog\/wp-content\/uploads\/2018\/03\/mau-1.jpg?resize=600%2C482\" alt=\"mau\" width=\"600\" height=\"482\" class=\"alignnone size-full wp-image-17181\" srcset=\"https:\/\/i0.wp.com\/blogdalucianaoliveira.com.br\/blog\/wp-content\/uploads\/2018\/03\/mau-1.jpg?w=720 720w, https:\/\/i0.wp.com\/blogdalucianaoliveira.com.br\/blog\/wp-content\/uploads\/2018\/03\/mau-1.jpg?resize=300%2C241 300w, https:\/\/i0.wp.com\/blogdalucianaoliveira.com.br\/blog\/wp-content\/uploads\/2018\/03\/mau-1.jpg?resize=374%2C300 374w\" sizes=\"auto, (max-width: 600px) 100vw, 600px\" \/><br \/>\nMauro Janene Costa em uma imagem de arquivo. <\/p>\n<p>Duas testemunhas da acusa\u00e7\u00e3o foram ouvidas: a irm\u00e3 de Estela, Maria Eliza Correa Pacheco (ouvida como informante pela proximidade com a v\u00edtima), e uma amiga da professora, Ilda Santos, que descreveu o relacionamento entre a v\u00edtima e o fazendeiro como conturbado Coube \u00e0 irm\u00e3 de Estela recha\u00e7ar a tese de suic\u00eddio da v\u00edtima, aventado na ocasi\u00e3o. &#8220;Minha irm\u00e3 era uma pessoa cheia de luz. Ela nunca tiraria a pr\u00f3pria vida&#8221;, afirmou Maria Eliza, segundo publicado pelo jornal Folha de Londrina, que acompanhou o j\u00fari popular.<\/p>\n<p>Familiares de Estela Pacheco acompanharam o desfecho do caso do plen\u00e1rio do F\u00f3rum de Ponta Grossa, bastante emocionados. Em Londrina, amigos da v\u00edtima realizaram uma manifesta\u00e7\u00e3o em frente ao F\u00f3rum municipal, horas antes da decis\u00e3o do j\u00fari. Como cabe recurso da decis\u00e3o, come\u00e7a agora um novo cap\u00edtulo do caso.<\/p>\n","protected":false},"excerpt":{"rendered":"<p>Mauro Janene Costa foi condenado a 11 anos de pris\u00e3o pelo assassinato de Estela Pacheco. Fazendeiro ainda pode recorrer da decis\u00e3o, em primeira inst\u00e2ncia, em liberdade<\/p>\n","protected":false},"author":1,"featured_media":0,"comment_status":"closed","ping_status":"open","sticky":false,"template":"","format":"standard","meta":{"_exactmetrics_skip_tracking":false,"_exactmetrics_sitenote_active":false,"_exactmetrics_sitenote_note":"","_exactmetrics_sitenote_category":0,"jetpack_post_was_ever_published":false,"_jetpack_newsletter_access":"","_jetpack_dont_email_post_to_subs":false,"_jetpack_newsletter_tier_id":0,"_jetpack_memberships_contains_paywalled_content":false,"_jetpack_memberships_contains_paid_content":false,"footnotes":"","jetpack_publicize_message":"","jetpack_publicize_feature_enabled":true,"jetpack_social_post_already_shared":true,"jetpack_social_options":{"image_generator_settings":{"template":"highway","enabled":false},"version":2}},"categories":[1],"tags":[],"class_list":["post-17188","post","type-post","status-publish","format-standard","hentry","category-notas"],"jetpack_publicize_connections":[],"jetpack_sharing_enabled":true,"jetpack_featured_media_url":"","jetpack_shortlink":"https:\/\/wp.me\/p7wKYW-4te","jetpack-related-posts":[],"_links":{"self":[{"href":"http:\/\/blogdalucianaoliveira.com.br\/blog\/wp-json\/wp\/v2\/posts\/17188","targetHints":{"allow":["GET"]}}],"collection":[{"href":"http:\/\/blogdalucianaoliveira.com.br\/blog\/wp-json\/wp\/v2\/posts"}],"about":[{"href":"http:\/\/blogdalucianaoliveira.com.br\/blog\/wp-json\/wp\/v2\/types\/post"}],"author":[{"embeddable":true,"href":"http:\/\/blogdalucianaoliveira.com.br\/blog\/wp-json\/wp\/v2\/users\/1"}],"replies":[{"embeddable":true,"href":"http:\/\/blogdalucianaoliveira.com.br\/blog\/wp-json\/wp\/v2\/comments?post=17188"}],"version-history":[{"count":1,"href":"http:\/\/blogdalucianaoliveira.com.br\/blog\/wp-json\/wp\/v2\/posts\/17188\/revisions"}],"predecessor-version":[{"id":17189,"href":"http:\/\/blogdalucianaoliveira.com.br\/blog\/wp-json\/wp\/v2\/posts\/17188\/revisions\/17189"}],"wp:attachment":[{"href":"http:\/\/blogdalucianaoliveira.com.br\/blog\/wp-json\/wp\/v2\/media?parent=17188"}],"wp:term":[{"taxonomy":"category","embeddable":true,"href":"http:\/\/blogdalucianaoliveira.com.br\/blog\/wp-json\/wp\/v2\/categories?post=17188"},{"taxonomy":"post_tag","embeddable":true,"href":"http:\/\/blogdalucianaoliveira.com.br\/blog\/wp-json\/wp\/v2\/tags?post=17188"}],"curies":[{"name":"wp","href":"https:\/\/api.w.org\/{rel}","templated":true}]}}