{"id":17190,"date":"2018-03-23T16:59:21","date_gmt":"2018-03-23T20:59:21","guid":{"rendered":"http:\/\/blogdalucianaoliveira.com.br\/blog\/?p=17190"},"modified":"2018-03-23T17:01:20","modified_gmt":"2018-03-23T21:01:20","slug":"17190","status":"publish","type":"post","link":"http:\/\/blogdalucianaoliveira.com.br\/blog\/2018\/03\/23\/17190\/","title":{"rendered":"De pedrada \u00e0 vidra\u00e7a \u2013 O novo desafio de Luciana Oliveira"},"content":{"rendered":"<p><img data-recalc-dims=\"1\" loading=\"lazy\" decoding=\"async\" data-attachment-id=\"17191\" data-permalink=\"http:\/\/blogdalucianaoliveira.com.br\/blog\/2018\/03\/23\/17190\/9470494b-11cd-4c47-aa3c-ea7fb1c74ecd\/\" data-orig-file=\"https:\/\/i0.wp.com\/blogdalucianaoliveira.com.br\/blog\/wp-content\/uploads\/2018\/03\/9470494B-11CD-4C47-AA3C-EA7FB1C74ECD.jpeg?fit=1280%2C853\" data-orig-size=\"1280,853\" data-comments-opened=\"0\" data-image-meta=\"{&quot;aperture&quot;:&quot;0&quot;,&quot;credit&quot;:&quot;&quot;,&quot;camera&quot;:&quot;&quot;,&quot;caption&quot;:&quot;&quot;,&quot;created_timestamp&quot;:&quot;0&quot;,&quot;copyright&quot;:&quot;&quot;,&quot;focal_length&quot;:&quot;0&quot;,&quot;iso&quot;:&quot;0&quot;,&quot;shutter_speed&quot;:&quot;0&quot;,&quot;title&quot;:&quot;&quot;,&quot;orientation&quot;:&quot;0&quot;}\" data-image-title=\"9470494B-11CD-4C47-AA3C-EA7FB1C74ECD\" data-image-description=\"\" data-image-caption=\"\" data-medium-file=\"https:\/\/i0.wp.com\/blogdalucianaoliveira.com.br\/blog\/wp-content\/uploads\/2018\/03\/9470494B-11CD-4C47-AA3C-EA7FB1C74ECD.jpeg?fit=300%2C200\" data-large-file=\"https:\/\/i0.wp.com\/blogdalucianaoliveira.com.br\/blog\/wp-content\/uploads\/2018\/03\/9470494B-11CD-4C47-AA3C-EA7FB1C74ECD.jpeg?fit=600%2C400\" src=\"https:\/\/i0.wp.com\/blogdalucianaoliveira.com.br\/blog\/wp-content\/uploads\/2018\/03\/9470494B-11CD-4C47-AA3C-EA7FB1C74ECD.jpeg?resize=600%2C400\" alt=\"9470494B-11CD-4C47-AA3C-EA7FB1C74ECD\" width=\"600\" height=\"400\" class=\"alignnone size-full wp-image-17191\" srcset=\"https:\/\/i0.wp.com\/blogdalucianaoliveira.com.br\/blog\/wp-content\/uploads\/2018\/03\/9470494B-11CD-4C47-AA3C-EA7FB1C74ECD.jpeg?w=1280 1280w, https:\/\/i0.wp.com\/blogdalucianaoliveira.com.br\/blog\/wp-content\/uploads\/2018\/03\/9470494B-11CD-4C47-AA3C-EA7FB1C74ECD.jpeg?resize=300%2C200 300w, https:\/\/i0.wp.com\/blogdalucianaoliveira.com.br\/blog\/wp-content\/uploads\/2018\/03\/9470494B-11CD-4C47-AA3C-EA7FB1C74ECD.jpeg?resize=768%2C512 768w, https:\/\/i0.wp.com\/blogdalucianaoliveira.com.br\/blog\/wp-content\/uploads\/2018\/03\/9470494B-11CD-4C47-AA3C-EA7FB1C74ECD.jpeg?resize=1024%2C682 1024w, https:\/\/i0.wp.com\/blogdalucianaoliveira.com.br\/blog\/wp-content\/uploads\/2018\/03\/9470494B-11CD-4C47-AA3C-EA7FB1C74ECD.jpeg?resize=450%2C300 450w, https:\/\/i0.wp.com\/blogdalucianaoliveira.com.br\/blog\/wp-content\/uploads\/2018\/03\/9470494B-11CD-4C47-AA3C-EA7FB1C74ECD.jpeg?w=1200 1200w\" sizes=\"auto, (max-width: 600px) 100vw, 600px\" \/><\/p>\n<p>No Rond\u00f4nia Din\u00e2mica, por Vinicius Canova &#8211; Uma mulher que defende mulheres. Uma mulher que defende homossexuais. Uma mulher que defende negros, \u00edndios e demais minorias. Uma mulher que defende a prociss\u00e3o irrestrita da f\u00e9 alheia, inclusive isl\u00e2mica e de matrizes africanas \u2013 e talvez a amizade que det\u00e9m com o pastor Alu\u00edzio Vidal (Rede) devesse descartar a necessidade de dizer expressamente que os crist\u00e3o est\u00e3o inclu\u00eddos a\u00ed.  <!--more--><\/p>\n<p>Uma mulher de esquerda num Brasil reacion\u00e1rio, incendi\u00e1rio. Uma mulher que paga caro por posicionamentos r\u00edgidos, considerados ut\u00f3picos ou n\u00e3o. Enfim, uma mulher. A mulher! A mulher que quer ver outras mulheres protagonizando mandatos eletivos na pol\u00edtica, incluindo ela mesma. Por que n\u00e3o? \u00c9 democracia ou n\u00e3o \u00e9?<\/p>\n<p>Luciana Oliveira, a ativista que resolver agir em vez de construir lar na rep\u00fablica dos pitaqueiros \u2013 foi recepcionada na \u00faltima quinta-feira (22) pelo PSB do ex-prefeito de Porto Velho Dr. Mauro Nazif, do vice-governador Daniel Pereira, do prefeito de Ji-Paran\u00e1 Jesualdo Pires e do deputado estadual Cleiton Roque.<\/p>\n<p>At\u00e9 a\u00ed, apenas um ato de filia\u00e7\u00e3o \u2013 nada fora do roteiro costumeiro. Mas o acolhimento apresentado pelas autoridades que j\u00e1 pertenciam \u00e0 legenda e a posi\u00e7\u00e3o de destaque que a jornalista ganhou durante o evento denotam um respeito adquirido muito maior do que ela poderia supor que nutrisse.<\/p>\n<p>O discurso de Luciana Oliveira durante a solenidade <\/p>\n<div class=\"jetpack-video-wrapper\"><span class=\"embed-youtube\" style=\"text-align:center; display: block;\"><iframe loading=\"lazy\" class=\"youtube-player\" width=\"600\" height=\"338\" src=\"https:\/\/www.youtube.com\/embed\/OGPdfjXAY_8?version=3&#038;rel=1&#038;showsearch=0&#038;showinfo=1&#038;iv_load_policy=1&#038;fs=1&#038;hl=pt-BR&#038;autohide=2&#038;wmode=transparent\" allowfullscreen=\"true\" style=\"border:0;\" sandbox=\"allow-scripts allow-same-origin allow-popups allow-presentation allow-popups-to-escape-sandbox\"><\/iframe><\/span><\/div>\n<p>A situa\u00e7\u00e3o aparenta a um mero espectador do cotidiano pr\u00e9-eleitoral como eu, este humilde redator que vos escreve, um poderio espont\u00e2neo que contagia pessoas aleat\u00f3rias do ponto mais alto do escalonado pol\u00edtico aos por\u00f5es da omiss\u00e3o onde gente menos influente e nada favorecida \u00e9 escorra\u00e7ada pelo pr\u00f3prio sistema em que vive e ajuda a alimentar \u2013 mesmo sem querer.<\/p>\n<p>A coragem \u00e9 viral; o medo, a subservi\u00eancia e a covardia, idem. Por isso muitos cidad\u00e3os deixam de apresentar opini\u00f5es neste panorama cibern\u00e9tico afetado por mentecaptos id\u00f3latras que diariamente aumentam o paiol da ignor\u00e2ncia com ofensas deliberadas e amea\u00e7as veladas \u00e0 liberdade de express\u00e3o e a todas as outras liberdades existentes.<\/p>\n<p>Quando surge uma Luciana disposta a enfrentar esse tipo de comportamento social, ah, car\u00edssimas amigas e grandiosos amigos, o destemor se espalha com a velocidade da met\u00e1stase abrindo alas para o surgimento de in\u00fameros outros insurgentes igualmente propensos a alterar o status quo.<\/p>\n<p>Talvez o posicionamento da blogueira na imagem que abre este artigo n\u00e3o seja mero acaso. \u00c9 prov\u00e1vel que Luciana tenha al\u00e7ado, repito, mesmo sem perceber, um status \u00edmpar de import\u00e2ncia social ap\u00f3s tantas e incans\u00e1veis batalhas coletivas botando sempre \u00e0 cara a tapa. Ou seja, o que muda na vida de uma pessoa p\u00fablica que sempre agiu como pedrada ao se tornar vidra\u00e7a pela primeira vez? De cr\u00edtica \u00e0s cr\u00edticas, qual a diferen\u00e7a agora para quem j\u00e1 apanhou de todos os nichos e absorveu variados formatos de bordoadas? Eu respondo: nada!<\/p>\n<p>Se a profissional de imprensa seguir firme no prop\u00f3sito renovador que norteia suas publica\u00e7\u00f5es e a\u00e7\u00f5es efetivas, ainda que desagradem a muitos eventualmente, n\u00e3o h\u00e1 o que temer. O povo espera ansioso a ess\u00eancia aplicada \u00e0 pr\u00e1tica. E esse sim \u00e9 o novo e derradeiro desafio de Luciana Oliveira: n\u00e3o decepcionar.<\/p>\n","protected":false},"excerpt":{"rendered":"<p>No Rond\u00f4nia Din\u00e2mica, por Vinicius Canova &#8211; Uma mulher que defende mulheres. Uma mulher que defende homossexuais. Uma mulher que defende negros, \u00edndios e demais minorias. Uma mulher que defende a prociss\u00e3o irrestrita da f\u00e9 alheia, inclusive isl\u00e2mica e de matrizes africanas \u2013 e talvez a amizade que det\u00e9m com o pastor Alu\u00edzio Vidal (Rede)&#8230;<a class=\"more-link\" href=\"http:\/\/blogdalucianaoliveira.com.br\/blog\/2018\/03\/23\/17190\/\">Continue a leitura <span class=\"meta-nav\">&raquo;<\/span><\/a><\/p>\n","protected":false},"author":1,"featured_media":0,"comment_status":"closed","ping_status":"open","sticky":false,"template":"","format":"standard","meta":{"_exactmetrics_skip_tracking":false,"_exactmetrics_sitenote_active":false,"_exactmetrics_sitenote_note":"","_exactmetrics_sitenote_category":0,"jetpack_post_was_ever_published":false,"_jetpack_newsletter_access":"","_jetpack_dont_email_post_to_subs":false,"_jetpack_newsletter_tier_id":0,"_jetpack_memberships_contains_paywalled_content":false,"_jetpack_memberships_contains_paid_content":false,"footnotes":"","jetpack_publicize_message":"","jetpack_publicize_feature_enabled":true,"jetpack_social_post_already_shared":true,"jetpack_social_options":{"image_generator_settings":{"template":"highway","enabled":false},"version":2}},"categories":[1],"tags":[],"class_list":["post-17190","post","type-post","status-publish","format-standard","hentry","category-notas"],"jetpack_publicize_connections":[],"jetpack_sharing_enabled":true,"jetpack_featured_media_url":"","jetpack_shortlink":"https:\/\/wp.me\/s7wKYW-17190","jetpack-related-posts":[],"_links":{"self":[{"href":"http:\/\/blogdalucianaoliveira.com.br\/blog\/wp-json\/wp\/v2\/posts\/17190","targetHints":{"allow":["GET"]}}],"collection":[{"href":"http:\/\/blogdalucianaoliveira.com.br\/blog\/wp-json\/wp\/v2\/posts"}],"about":[{"href":"http:\/\/blogdalucianaoliveira.com.br\/blog\/wp-json\/wp\/v2\/types\/post"}],"author":[{"embeddable":true,"href":"http:\/\/blogdalucianaoliveira.com.br\/blog\/wp-json\/wp\/v2\/users\/1"}],"replies":[{"embeddable":true,"href":"http:\/\/blogdalucianaoliveira.com.br\/blog\/wp-json\/wp\/v2\/comments?post=17190"}],"version-history":[{"count":2,"href":"http:\/\/blogdalucianaoliveira.com.br\/blog\/wp-json\/wp\/v2\/posts\/17190\/revisions"}],"predecessor-version":[{"id":17193,"href":"http:\/\/blogdalucianaoliveira.com.br\/blog\/wp-json\/wp\/v2\/posts\/17190\/revisions\/17193"}],"wp:attachment":[{"href":"http:\/\/blogdalucianaoliveira.com.br\/blog\/wp-json\/wp\/v2\/media?parent=17190"}],"wp:term":[{"taxonomy":"category","embeddable":true,"href":"http:\/\/blogdalucianaoliveira.com.br\/blog\/wp-json\/wp\/v2\/categories?post=17190"},{"taxonomy":"post_tag","embeddable":true,"href":"http:\/\/blogdalucianaoliveira.com.br\/blog\/wp-json\/wp\/v2\/tags?post=17190"}],"curies":[{"name":"wp","href":"https:\/\/api.w.org\/{rel}","templated":true}]}}