{"id":17197,"date":"2018-03-24T10:20:36","date_gmt":"2018-03-24T14:20:36","guid":{"rendered":"http:\/\/blogdalucianaoliveira.com.br\/blog\/?p=17197"},"modified":"2018-03-24T10:21:26","modified_gmt":"2018-03-24T14:21:26","slug":"que-paises-sao-esses-cineasta-que-filmou-a-caravana-de-lula-no-nordeste-tenta-entender-o-relho-fascista-no-sul","status":"publish","type":"post","link":"http:\/\/blogdalucianaoliveira.com.br\/blog\/2018\/03\/24\/que-paises-sao-esses-cineasta-que-filmou-a-caravana-de-lula-no-nordeste-tenta-entender-o-relho-fascista-no-sul\/","title":{"rendered":"Que pa\u00edses s\u00e3o esses? Cineasta que filmou a caravana de Lula no Nordeste tenta entender o relho fascista no Sul"},"content":{"rendered":"<p><img data-recalc-dims=\"1\" loading=\"lazy\" decoding=\"async\" data-attachment-id=\"17198\" data-permalink=\"http:\/\/blogdalucianaoliveira.com.br\/blog\/2018\/03\/24\/que-paises-sao-esses-cineasta-que-filmou-a-caravana-de-lula-no-nordeste-tenta-entender-o-relho-fascista-no-sul\/chi-2\/\" data-orig-file=\"https:\/\/i0.wp.com\/blogdalucianaoliveira.com.br\/blog\/wp-content\/uploads\/2018\/03\/chi.jpg?fit=600%2C400\" data-orig-size=\"600,400\" data-comments-opened=\"0\" data-image-meta=\"{&quot;aperture&quot;:&quot;0&quot;,&quot;credit&quot;:&quot;&quot;,&quot;camera&quot;:&quot;&quot;,&quot;caption&quot;:&quot;&quot;,&quot;created_timestamp&quot;:&quot;0&quot;,&quot;copyright&quot;:&quot;&quot;,&quot;focal_length&quot;:&quot;0&quot;,&quot;iso&quot;:&quot;0&quot;,&quot;shutter_speed&quot;:&quot;0&quot;,&quot;title&quot;:&quot;&quot;,&quot;orientation&quot;:&quot;0&quot;}\" data-image-title=\"chi\" data-image-description=\"\" data-image-caption=\"\" data-medium-file=\"https:\/\/i0.wp.com\/blogdalucianaoliveira.com.br\/blog\/wp-content\/uploads\/2018\/03\/chi.jpg?fit=300%2C200\" data-large-file=\"https:\/\/i0.wp.com\/blogdalucianaoliveira.com.br\/blog\/wp-content\/uploads\/2018\/03\/chi.jpg?fit=600%2C400\" src=\"https:\/\/i0.wp.com\/blogdalucianaoliveira.com.br\/blog\/wp-content\/uploads\/2018\/03\/chi.jpg?resize=600%2C400\" alt=\"chi\" width=\"600\" height=\"400\" class=\"alignnone size-full wp-image-17198\" srcset=\"https:\/\/i0.wp.com\/blogdalucianaoliveira.com.br\/blog\/wp-content\/uploads\/2018\/03\/chi.jpg?w=600 600w, https:\/\/i0.wp.com\/blogdalucianaoliveira.com.br\/blog\/wp-content\/uploads\/2018\/03\/chi.jpg?resize=300%2C200 300w, https:\/\/i0.wp.com\/blogdalucianaoliveira.com.br\/blog\/wp-content\/uploads\/2018\/03\/chi.jpg?resize=450%2C300 450w\" sizes=\"auto, (max-width: 600px) 100vw, 600px\" \/><\/p>\n<p>No DCM<\/p>\n<p>Querido Kiko,<\/p>\n<p>Eu t\u00f4 indignado, viu?! Essa viol\u00eancia no Rio Grande do Sul mexeu comigo. Depois dos \u00faltimos e tr\u00e1gicos acontecimentos no Rio de Janeiro com a vereadora e militante Marielle Franco e do vis\u00edvel crescimento da onda de \u00f3dio nas redes sociais, resolvi te mandar essa carta. \u00c9 carta mesmo, \u00e9 pra ser um desabafo sem pretens\u00f5es intelectuais.<!--more--><\/p>\n<p>Quando estava filmando o document\u00e1rio \u2018O Povo Pode\u2019 na caravana do Lula pelo Nordeste tamb\u00e9m vi \u00f3dio e hostilidade. Mas nada compar\u00e1vel com as mil\u00edcias ga\u00fachas. Vi gente contra.<\/p>\n<p>Contra o Lula, contra o PT, contra o MST, at\u00e9 contra a democracia, mas n\u00e3o vi gente disposta a hostilizar mulheres petistas, jogar pedras na comitiva ou bloquear estradas para impedir atos democr\u00e1ticos. E mais importante, n\u00e3o vi gente fazendo algo perto disso com a certeza de impunidade e o sentimento de um \u201cdanem-se eles\u201d, \u201cque morram!\u201d.<\/p>\n<p>Em toda a caravana pelo Nordeste me lembro de apenas duas irrelevantes manifesta\u00e7\u00f5es contra Lula. Numa delas, inflaram o tal do Pixuleco. Parei o carro da produ\u00e7\u00e3o, desci e fui l\u00e1 ver qual era o \u00e2nimo dos cidad\u00e3os. Vou te dizer, Kiko, que tinha no m\u00e1ximo umas trinta pessoas. Carregavam cartazes ofensivos e gritavam ao vento um monte de palavras de ordem vazias.<\/p>\n<p>Eram protegidos pela pol\u00edcia militar e estavam h\u00e1 uns dois ou tr\u00eas quarteir\u00f5es de dist\u00e2ncia do ato da caravana. Vi o \u00f3dio no olhar daquela turma, mas eram o que o meu pai chamaria de \u201cloucos mansos\u201d, uma turma disposta a apresentar sua vis\u00e3o da realidade mesmo diante de uma multid\u00e3o que v\u00ea o mundo de um jeito completamente diferente.<\/p>\n<p>No Rio Grande do Sul foi diferente, n\u00e9, Kiko? A turma queria sangue, desde Bag\u00e9. Partiram para o ataque. Pedrada e ovada foi s\u00f3 um aperitivo do que estavam dispostos. Nem vou perder tempo em citar as tantas militantes agredidas, nem o \u00e1udio que o DCM deu, revelando uma bravata (espero) de algu\u00e9m disposto at\u00e9 a \u201cderrubar\u201d o hotel na cidade de Sarandi, aonde o Lula talvez fosse dormir.<\/p>\n<p>Vou me concentrar naquela foto de um simpatizante de Lula sendo chicoteado em Santa Maria. O que foi aquilo, meu Deus?!! Um ser humano chicoteando outro ser humano em pleno s\u00e9culo XXI \u00e9 algo assustador. Chicotear um animal pra mim j\u00e1 seria assustador. E o pior \u00e9 que a foto n\u00e3o \u00e9 um ato isolado de um cara fora da raz\u00e3o.<\/p>\n<p>Voc\u00ea acredita que vi posts nas redes sociais com aquela foto como exemplo de como se trata petista?!! Como dizia o Henfil, que diabo de pa\u00eds \u00e9 esse? Que diabo de na\u00e7\u00e3o acha normal ou acha engra\u00e7ado um homem chicoteando outro? Aquela foto, Kiko, \u00e9 a express\u00e3o m\u00e1xima da fala do Jess\u00e9 Souza: a escravid\u00e3o \u00e9 nosso ber\u00e7o. E ela est\u00e1 em muitos de n\u00f3s com toda for\u00e7a.<\/p>\n<p>Lula disse no \u00faltimo discurso de sua passagem pelo Rio Grande do Sul que tinha not\u00edcias de um Estado tomado pelo conservadorismo. Vou arriscar dizer que atos como o da foto n\u00e3o revelam uma popula\u00e7\u00e3o conservadora, revelam a barb\u00e1rie!<\/p>\n<p>Desculpem-me os ga\u00fachos. N\u00e3o fa\u00e7o discursos totalizantes. Como qualquer Estado, o Rio Grande do Sul \u00e9 feito de gente de todo tipo, mas em especial de boa gente. O que eu n\u00e3o posso aceitar \u00e9 essa raiva, \u00e9 esse \u00f3dio entre brasileiros. O Rio Grande do Sul tamb\u00e9m n\u00e3o pode aceitar.<\/p>\n<p>Acompanho manifesta\u00e7\u00f5es h\u00e1 muitos anos. Cobri v\u00e1rias para ve\u00edculos jornal\u00edsticos e fui em v\u00e1rias como cidad\u00e3o. Fa\u00e7o aqui meu testemunho de como movimentos populares e sindicatos organizam seus atos. Em toda manifesta\u00e7\u00e3o h\u00e1 uma equipe respons\u00e1vel pela seguran\u00e7a dos manifestantes e da popula\u00e7\u00e3o que n\u00e3o quer se manifestar.<\/p>\n<p>Vi muitas vezes essa equipe cumprir fun\u00e7\u00f5es de pol\u00edcia e evitar conflitos e depreda\u00e7\u00f5es. Tenho certeza de que se n\u00e3o houve uma trag\u00e9dia no Rio Grande do Sul foi porque as equipes de seguran\u00e7a do ex-presidente Lula e dos movimentos populares que o apoiam fizeram a sua parte.<\/p>\n<p>As imagens do bloqueio \u00e0 cidade de Passo Fundo mostram que a pol\u00edcia militar do Estado n\u00e3o fez seu papel. Tenho visto isso se repetir muitas vezes. N\u00e3o se trata de proteger representantes dessa ou daquela corrente pol\u00edtica. Se trata de responsabilidade c\u00edvica, de proteger a cidadania. Se os \u00f3rg\u00e3os de seguran\u00e7a do Estado fizessem seu trabalho, talvez tiv\u00e9ssemos evitado a imagem terr\u00edvel da foto que hoje representa o \u00f3dio no Brasil. Mas parece que seguran\u00e7a continua sendo privil\u00e9gio, n\u00e9, Kiko?!!! \u00c9\u2026 a escravid\u00e3o \u00e9 mesmo o nosso ber\u00e7o.<\/p>\n<p>Max Alvim \u00e9 cineasta e diretor do filme O Povo Pode, sobre o outro pa\u00eds que Lula visitou com sua caravana. CLIQUE AQUI PARA CONTRIBUIR<\/p>\n","protected":false},"excerpt":{"rendered":"<p>No DCM Querido Kiko, Eu t\u00f4 indignado, viu?! Essa viol\u00eancia no Rio Grande do Sul mexeu comigo. Depois dos \u00faltimos e tr\u00e1gicos acontecimentos no Rio de Janeiro com a vereadora e militante Marielle Franco e do vis\u00edvel crescimento da onda de \u00f3dio nas redes sociais, resolvi te mandar essa carta. \u00c9 carta mesmo, \u00e9 pra&#8230;<a class=\"more-link\" href=\"http:\/\/blogdalucianaoliveira.com.br\/blog\/2018\/03\/24\/que-paises-sao-esses-cineasta-que-filmou-a-caravana-de-lula-no-nordeste-tenta-entender-o-relho-fascista-no-sul\/\">Continue a leitura <span class=\"meta-nav\">&raquo;<\/span><\/a><\/p>\n","protected":false},"author":1,"featured_media":0,"comment_status":"closed","ping_status":"open","sticky":false,"template":"","format":"standard","meta":{"_exactmetrics_skip_tracking":false,"_exactmetrics_sitenote_active":false,"_exactmetrics_sitenote_note":"","_exactmetrics_sitenote_category":0,"jetpack_post_was_ever_published":false,"_jetpack_newsletter_access":"","_jetpack_dont_email_post_to_subs":false,"_jetpack_newsletter_tier_id":0,"_jetpack_memberships_contains_paywalled_content":false,"_jetpack_memberships_contains_paid_content":false,"footnotes":"","jetpack_publicize_message":"","jetpack_publicize_feature_enabled":true,"jetpack_social_post_already_shared":true,"jetpack_social_options":{"image_generator_settings":{"template":"highway","enabled":false},"version":2}},"categories":[1],"tags":[],"class_list":["post-17197","post","type-post","status-publish","format-standard","hentry","category-notas"],"jetpack_publicize_connections":[],"jetpack_sharing_enabled":true,"jetpack_featured_media_url":"","jetpack_shortlink":"https:\/\/wp.me\/p7wKYW-4tn","jetpack-related-posts":[],"_links":{"self":[{"href":"http:\/\/blogdalucianaoliveira.com.br\/blog\/wp-json\/wp\/v2\/posts\/17197","targetHints":{"allow":["GET"]}}],"collection":[{"href":"http:\/\/blogdalucianaoliveira.com.br\/blog\/wp-json\/wp\/v2\/posts"}],"about":[{"href":"http:\/\/blogdalucianaoliveira.com.br\/blog\/wp-json\/wp\/v2\/types\/post"}],"author":[{"embeddable":true,"href":"http:\/\/blogdalucianaoliveira.com.br\/blog\/wp-json\/wp\/v2\/users\/1"}],"replies":[{"embeddable":true,"href":"http:\/\/blogdalucianaoliveira.com.br\/blog\/wp-json\/wp\/v2\/comments?post=17197"}],"version-history":[{"count":2,"href":"http:\/\/blogdalucianaoliveira.com.br\/blog\/wp-json\/wp\/v2\/posts\/17197\/revisions"}],"predecessor-version":[{"id":17200,"href":"http:\/\/blogdalucianaoliveira.com.br\/blog\/wp-json\/wp\/v2\/posts\/17197\/revisions\/17200"}],"wp:attachment":[{"href":"http:\/\/blogdalucianaoliveira.com.br\/blog\/wp-json\/wp\/v2\/media?parent=17197"}],"wp:term":[{"taxonomy":"category","embeddable":true,"href":"http:\/\/blogdalucianaoliveira.com.br\/blog\/wp-json\/wp\/v2\/categories?post=17197"},{"taxonomy":"post_tag","embeddable":true,"href":"http:\/\/blogdalucianaoliveira.com.br\/blog\/wp-json\/wp\/v2\/tags?post=17197"}],"curies":[{"name":"wp","href":"https:\/\/api.w.org\/{rel}","templated":true}]}}