{"id":172,"date":"2016-05-04T10:32:19","date_gmt":"2016-05-04T14:32:19","guid":{"rendered":"http:\/\/blogdalucianaoliveira.com.br\/blog\/?p=172"},"modified":"2016-05-04T10:32:19","modified_gmt":"2016-05-04T14:32:19","slug":"sobre-fatos-e-pessoas","status":"publish","type":"post","link":"http:\/\/blogdalucianaoliveira.com.br\/blog\/2016\/05\/04\/sobre-fatos-e-pessoas\/","title":{"rendered":"Sobre fatos e pessoas"},"content":{"rendered":"<p><img data-recalc-dims=\"1\" loading=\"lazy\" decoding=\"async\" data-attachment-id=\"173\" data-permalink=\"http:\/\/blogdalucianaoliveira.com.br\/blog\/2016\/05\/04\/sobre-fatos-e-pessoas\/img_4300\/\" data-orig-file=\"https:\/\/i0.wp.com\/blogdalucianaoliveira.com.br\/blog\/wp-content\/uploads\/2016\/05\/IMG_4300.jpg?fit=1200%2C576\" data-orig-size=\"1200,576\" data-comments-opened=\"0\" data-image-meta=\"{&quot;aperture&quot;:&quot;0&quot;,&quot;credit&quot;:&quot;&quot;,&quot;camera&quot;:&quot;&quot;,&quot;caption&quot;:&quot;&quot;,&quot;created_timestamp&quot;:&quot;0&quot;,&quot;copyright&quot;:&quot;&quot;,&quot;focal_length&quot;:&quot;0&quot;,&quot;iso&quot;:&quot;0&quot;,&quot;shutter_speed&quot;:&quot;0&quot;,&quot;title&quot;:&quot;&quot;,&quot;orientation&quot;:&quot;1&quot;}\" data-image-title=\"IMG_4300\" data-image-description=\"\" data-image-caption=\"\" data-medium-file=\"https:\/\/i0.wp.com\/blogdalucianaoliveira.com.br\/blog\/wp-content\/uploads\/2016\/05\/IMG_4300.jpg?fit=300%2C144\" data-large-file=\"https:\/\/i0.wp.com\/blogdalucianaoliveira.com.br\/blog\/wp-content\/uploads\/2016\/05\/IMG_4300.jpg?fit=600%2C288\" src=\"https:\/\/i0.wp.com\/blogdalucianaoliveira.com.br\/blog\/wp-content\/uploads\/2016\/05\/IMG_4300.jpg?resize=600%2C288\" alt=\"IMG_4300\" width=\"600\" height=\"288\" class=\"alignnone size-full wp-image-173\" srcset=\"https:\/\/i0.wp.com\/blogdalucianaoliveira.com.br\/blog\/wp-content\/uploads\/2016\/05\/IMG_4300.jpg?w=1200 1200w, https:\/\/i0.wp.com\/blogdalucianaoliveira.com.br\/blog\/wp-content\/uploads\/2016\/05\/IMG_4300.jpg?resize=300%2C144 300w, https:\/\/i0.wp.com\/blogdalucianaoliveira.com.br\/blog\/wp-content\/uploads\/2016\/05\/IMG_4300.jpg?resize=768%2C369 768w, https:\/\/i0.wp.com\/blogdalucianaoliveira.com.br\/blog\/wp-content\/uploads\/2016\/05\/IMG_4300.jpg?resize=1024%2C492 1024w, https:\/\/i0.wp.com\/blogdalucianaoliveira.com.br\/blog\/wp-content\/uploads\/2016\/05\/IMG_4300.jpg?resize=625%2C300 625w\" sizes=\"auto, (max-width: 600px) 100vw, 600px\" \/><\/p>\n<p>ESCULHAMBA\u00c7\u00c3O SUTIL<br \/>\nPode at\u00e9 n\u00e3o ter sido essa a inten\u00e7\u00e3o, mas ao adotar um novo slogan (\u201cA cidade voltou a sorrir\u201d) para Rolim de Moura, o atual prefeito do munic\u00edpio, Luiz\u00e3o do Trento (PSDB) deu uma esculachada no antecessor, C\u00e9sar Cassol. A jogada de marketing insinua que, sob o mandat\u00e1rio anterior, os rolimourenses andavam aos prantos.<br \/>\nComo, por justi\u00e7a, n\u00e3o se pode dar a C\u00e9sar o que \u00e9 de Ivo, \u00e9 bom lembrar: o primog\u00eanito da fam\u00edlia Cassol cumpriu um mandato e meio que o projetaram na pol\u00edtica rondoniense; j\u00e1 o ca\u00e7ula, que exerceu meia gest\u00e3o (e na marra!), largou o bonde na estrada e deu adeus \u00e0 vida p\u00fablica para se dedicar aos seus milion\u00e1rios neg\u00f3cios.<!--more--><\/p>\n<p>QUEM EXPLICA?<br \/>\nFalando em Rolim, algum cientista volunt\u00e1rio deveria verificar a composi\u00e7\u00e3o da \u00e1gua naquele lugar. Deve haver uma explica\u00e7\u00e3o l\u00f3gica para uma biboca fora do eixo da BR 364 produzir tantas figuras gra\u00fadas na pol\u00edtica estadual. Raupp, Cassol e Expedito s\u00e3o de l\u00e1. O ex-presidente da Assembl\u00e9ia Legislativa, Valter Ara\u00fajo, criado no min\u00fasculo distrito de Migrantin\u00f3polis (que j\u00e1 pertenceu a Rolim e hoje faz parte de Novo Horizonte), tamb\u00e9m entra na conta&#8230;<\/p>\n<p> CRI-CRI-CRI<br \/>\nO deputado Lazinho da Fetagro recebeu nesta ter\u00e7a-feira o advogado Ernande Segismundo, que atua h\u00e1 17 anos numa A\u00e7\u00e3o de Reintegra\u00e7\u00e3o de Posse que envolve mais de duas mil fam\u00edlias na Linha 45, pr\u00f3ximo \u00e0 Usina Hidrel\u00e9trica de Samuel. Um lit\u00edgio que precisa ser resolvido com muito cuidado. O tempo correu e na \u00e1rea em disputa nasceu a Vila Nova de Samuel, que al\u00e9m de muita gente re\u00fane v\u00e1rios empreendimentos comerciais. A conversa com o deputado foi para propor uma audi\u00eancia p\u00fablica sobre o conflito que pode acabar muito mal, pois o processo se arrasta h\u00e1 tanto tempo que os documentos est\u00e3o bem amarelados. Parece at\u00e9 que uns grilos andaram se alimentando do que est\u00e1 escrito.  <\/p>\n<p>DE CONF\u00daCIO, O GOVERNADOR<br \/>\n\u201cChegou a hora, de cada brasileiro, onde estiver, iniciar a revolu\u00e7\u00e3o das ideias, pensar diferente. Justamente, neste momento t\u00e3o especial \u00e9 que devemos nos colocar \u00e0 disposi\u00e7\u00e3o do nosso pa\u00eds, para dar a volta por cima.\u201d<\/p>\n<p>CUSP\u00d3DROMO<br \/>\nAp\u00f3s meses de seguidos protestos contra o impeachment na Capital, a imprensa repercutiu o de lan\u00e7amento do cusp\u00f3dromo m\u00f3vel, organizado pelos movimentos sociais que unem a Frente Brasil Popular e Levante Popular da Juventude. Isso s\u00f3 aconteceu, porque gravei e divulguei nas redes sociais um v\u00eddeo na fonte dos desejos de muita gente. O site Rondoniaovivo, sem me consultar, divulgou que a ideia foi minha e que cuspi no penico com a foto do deputado Gar\u00e7om. Infelizmente, n\u00e3o tive essa ideia genial, nem escolhi o penico onde cuspi, quando na verdade queria vomitar. Fiz o que todo jornalista deve fazer diante de um ato inusitado, registrei. E aviso: ningu\u00e9m vai me enquadrar.<br \/>\nFoi um ato simb\u00f3lico em rep\u00fadio \u00e0 bancada federal rondoniense que votou pelo impeachment na C\u00e2mara, o que deve ocorrer tamb\u00e9m no Senado.<br \/>\nNa resid\u00eancia da fam\u00edlia Carvalho tamb\u00e9m houve protesto, mas n\u00e3o s\u00f3 contra o voto da deputada Mariana em favor do que muitos entendem como golpe parlamentar-judicial-midi\u00e1tico. Foi tamb\u00e9m por ter ela votado a favor da pauta da bancada pra l\u00e1 de sacana que inclui a redu\u00e7\u00e3o da maioridade e a terceiriza\u00e7\u00e3o.<\/p>\n<p>Fui! Se as coisas piorarem, tirem meu tubo!<\/p>\n","protected":false},"excerpt":{"rendered":"<p>ESCULHAMBA\u00c7\u00c3O SUTIL Pode at\u00e9 n\u00e3o ter sido essa a inten\u00e7\u00e3o, mas ao adotar um novo slogan (\u201cA cidade voltou a sorrir\u201d) para Rolim de Moura, o atual prefeito do munic\u00edpio, Luiz\u00e3o do Trento (PSDB) deu uma esculachada no antecessor, C\u00e9sar Cassol. A jogada de marketing insinua que, sob o mandat\u00e1rio anterior, os rolimourenses andavam aos&#8230;<a class=\"more-link\" href=\"http:\/\/blogdalucianaoliveira.com.br\/blog\/2016\/05\/04\/sobre-fatos-e-pessoas\/\">Continue a leitura <span class=\"meta-nav\">&raquo;<\/span><\/a><\/p>\n","protected":false},"author":1,"featured_media":0,"comment_status":"closed","ping_status":"open","sticky":false,"template":"","format":"standard","meta":{"_exactmetrics_skip_tracking":false,"_exactmetrics_sitenote_active":false,"_exactmetrics_sitenote_note":"","_exactmetrics_sitenote_category":0,"jetpack_post_was_ever_published":false,"_jetpack_newsletter_access":"","_jetpack_dont_email_post_to_subs":false,"_jetpack_newsletter_tier_id":0,"_jetpack_memberships_contains_paywalled_content":false,"_jetpack_memberships_contains_paid_content":false,"footnotes":"","jetpack_publicize_message":"","jetpack_publicize_feature_enabled":true,"jetpack_social_post_already_shared":false,"jetpack_social_options":{"image_generator_settings":{"template":"highway","enabled":false},"version":2}},"categories":[1],"tags":[27,25,26],"class_list":["post-172","post","type-post","status-publish","format-standard","hentry","category-notas","tag-cuspodromo","tag-mariana-carvalho","tag-protesto"],"jetpack_publicize_connections":[],"jetpack_sharing_enabled":true,"jetpack_featured_media_url":"","jetpack_shortlink":"https:\/\/wp.me\/p7wKYW-2M","jetpack-related-posts":[],"_links":{"self":[{"href":"http:\/\/blogdalucianaoliveira.com.br\/blog\/wp-json\/wp\/v2\/posts\/172","targetHints":{"allow":["GET"]}}],"collection":[{"href":"http:\/\/blogdalucianaoliveira.com.br\/blog\/wp-json\/wp\/v2\/posts"}],"about":[{"href":"http:\/\/blogdalucianaoliveira.com.br\/blog\/wp-json\/wp\/v2\/types\/post"}],"author":[{"embeddable":true,"href":"http:\/\/blogdalucianaoliveira.com.br\/blog\/wp-json\/wp\/v2\/users\/1"}],"replies":[{"embeddable":true,"href":"http:\/\/blogdalucianaoliveira.com.br\/blog\/wp-json\/wp\/v2\/comments?post=172"}],"version-history":[{"count":1,"href":"http:\/\/blogdalucianaoliveira.com.br\/blog\/wp-json\/wp\/v2\/posts\/172\/revisions"}],"predecessor-version":[{"id":174,"href":"http:\/\/blogdalucianaoliveira.com.br\/blog\/wp-json\/wp\/v2\/posts\/172\/revisions\/174"}],"wp:attachment":[{"href":"http:\/\/blogdalucianaoliveira.com.br\/blog\/wp-json\/wp\/v2\/media?parent=172"}],"wp:term":[{"taxonomy":"category","embeddable":true,"href":"http:\/\/blogdalucianaoliveira.com.br\/blog\/wp-json\/wp\/v2\/categories?post=172"},{"taxonomy":"post_tag","embeddable":true,"href":"http:\/\/blogdalucianaoliveira.com.br\/blog\/wp-json\/wp\/v2\/tags?post=172"}],"curies":[{"name":"wp","href":"https:\/\/api.w.org\/{rel}","templated":true}]}}