{"id":17219,"date":"2018-03-26T11:05:16","date_gmt":"2018-03-26T15:05:16","guid":{"rendered":"http:\/\/blogdalucianaoliveira.com.br\/blog\/?p=17219"},"modified":"2018-03-26T11:05:16","modified_gmt":"2018-03-26T15:05:16","slug":"aqui-radio-rebelde-atencion-pueblo-atencion-aqui-radio-rebelde","status":"publish","type":"post","link":"http:\/\/blogdalucianaoliveira.com.br\/blog\/2018\/03\/26\/aqui-radio-rebelde-atencion-pueblo-atencion-aqui-radio-rebelde\/","title":{"rendered":"\u00a1Aqu\u00ed Radio Rebelde! \u00a1Atenci\u00f3n pueblo, atenci\u00f3n! Aqu\u00ed Radio Rebelde!"},"content":{"rendered":"<div class=\"\" data-block=\"true\" data-editor=\"7ej8f\" data-offset-key=\"dr0ec-0-0\">\n<div class=\"_1mf _1mj\" data-offset-key=\"dr0ec-0-0\"><img data-recalc-dims=\"1\" loading=\"lazy\" decoding=\"async\" data-attachment-id=\"16487\" data-permalink=\"http:\/\/blogdalucianaoliveira.com.br\/blog\/2018\/02\/08\/direito-de-resposta-extrajudicial\/fotofachadaoab-ro\/\" data-orig-file=\"https:\/\/i0.wp.com\/blogdalucianaoliveira.com.br\/blog\/wp-content\/uploads\/2018\/02\/FotoFachadaOAB-RO.jpg?fit=1200%2C797\" data-orig-size=\"1200,797\" data-comments-opened=\"0\" data-image-meta=\"{&quot;aperture&quot;:&quot;0&quot;,&quot;credit&quot;:&quot;&quot;,&quot;camera&quot;:&quot;&quot;,&quot;caption&quot;:&quot;&quot;,&quot;created_timestamp&quot;:&quot;0&quot;,&quot;copyright&quot;:&quot;&quot;,&quot;focal_length&quot;:&quot;0&quot;,&quot;iso&quot;:&quot;0&quot;,&quot;shutter_speed&quot;:&quot;0&quot;,&quot;title&quot;:&quot;&quot;,&quot;orientation&quot;:&quot;0&quot;}\" data-image-title=\"FotoFachadaOAB-RO\" data-image-description=\"\" data-image-caption=\"\" data-medium-file=\"https:\/\/i0.wp.com\/blogdalucianaoliveira.com.br\/blog\/wp-content\/uploads\/2018\/02\/FotoFachadaOAB-RO.jpg?fit=300%2C199\" data-large-file=\"https:\/\/i0.wp.com\/blogdalucianaoliveira.com.br\/blog\/wp-content\/uploads\/2018\/02\/FotoFachadaOAB-RO.jpg?fit=600%2C398\" class=\"alignnone size-full wp-image-16487\" src=\"https:\/\/i0.wp.com\/blogdalucianaoliveira.com.br\/blog\/wp-content\/uploads\/2018\/02\/FotoFachadaOAB-RO.jpg?resize=600%2C399\" alt=\"FotoFachadaOAB-RO\" width=\"600\" height=\"399\" srcset=\"https:\/\/i0.wp.com\/blogdalucianaoliveira.com.br\/blog\/wp-content\/uploads\/2018\/02\/FotoFachadaOAB-RO.jpg?w=1200 1200w, https:\/\/i0.wp.com\/blogdalucianaoliveira.com.br\/blog\/wp-content\/uploads\/2018\/02\/FotoFachadaOAB-RO.jpg?resize=300%2C199 300w, https:\/\/i0.wp.com\/blogdalucianaoliveira.com.br\/blog\/wp-content\/uploads\/2018\/02\/FotoFachadaOAB-RO.jpg?resize=768%2C510 768w, https:\/\/i0.wp.com\/blogdalucianaoliveira.com.br\/blog\/wp-content\/uploads\/2018\/02\/FotoFachadaOAB-RO.jpg?resize=1024%2C680 1024w, https:\/\/i0.wp.com\/blogdalucianaoliveira.com.br\/blog\/wp-content\/uploads\/2018\/02\/FotoFachadaOAB-RO.jpg?resize=452%2C300 452w\" sizes=\"auto, (max-width: 600px) 100vw, 600px\" \/><\/div>\n<\/div>\n<div class=\"\" data-block=\"true\" data-editor=\"7ej8f\" data-offset-key=\"a15pn-0-0\">\n<div class=\"_1mf _1mj\" data-offset-key=\"a15pn-0-0\"><span data-offset-key=\"a15pn-0-0\">\u00a0<\/span><\/div>\n<\/div>\n<div class=\"\" data-block=\"true\" data-editor=\"7ej8f\" data-offset-key=\"ds5tv-0-0\">\n<div class=\"_1mf _1mj\" data-offset-key=\"ds5tv-0-0\"><span data-offset-key=\"ds5tv-0-0\"><span data-text=\"true\">Tem elei\u00e7\u00e3o na OAB este ano e todos, como sempre defendi, devem se interessar e muito pelo futuro da entidade que tem fun\u00e7\u00e3o hist\u00f3rica de porta-voz da sociedade. <\/span><\/span><\/div>\n<\/div>\n<div class=\"\" data-block=\"true\" data-editor=\"7ej8f\" data-offset-key=\"7hqf2-0-0\">\n<div class=\"_1mf _1mj\" data-offset-key=\"7hqf2-0-0\"><span data-offset-key=\"7hqf2-0-0\">\u00a0<\/span><\/div>\n<\/div>\n<div class=\"\" data-block=\"true\" data-editor=\"7ej8f\" data-offset-key=\"7fiev-0-0\">\n<div class=\"_1mf _1mj\" data-offset-key=\"7fiev-0-0\"><span data-offset-key=\"7fiev-0-0\"><span data-text=\"true\">Estarei atenta e opinando com responsabilidade e franqueza, como sempre fiz, voluntariamente e com argumentos consistentes. <\/span><\/span><\/div>\n<\/div>\n<p><!--more--><\/p>\n<div class=\"\" data-block=\"true\" data-editor=\"7ej8f\" data-offset-key=\"3cf3c-0-0\">\n<div class=\"_1mf _1mj\" data-offset-key=\"3cf3c-0-0\"><span data-offset-key=\"3cf3c-0-0\">\u00a0<\/span><\/div>\n<\/div>\n<div class=\"\" data-block=\"true\" data-editor=\"7ej8f\" data-offset-key=\"3k0qk-0-0\">\n<div class=\"_1mf _1mj\" data-offset-key=\"3k0qk-0-0\"><span data-offset-key=\"3k0qk-0-0\"><span data-text=\"true\">A vice na gest\u00e3o reeleita vai disputar agora o lugar que s\u00f3 1 mulher ocupa em todo o pa\u00eds, a presid\u00eancia. Marinela, que est\u00e1 \u00e0 frente da seccional de Alagoas tem at\u00e9 nome parecido com o da vice daqui, a Marac\u00e9lia.<\/span><\/span><\/div>\n<\/div>\n<div class=\"\" data-block=\"true\" data-editor=\"7ej8f\" data-offset-key=\"apvmv-0-0\">\n<div class=\"_1mf _1mj\" data-offset-key=\"apvmv-0-0\"><\/div>\n<\/div>\n<div class=\"\" data-block=\"true\" data-editor=\"7ej8f\" data-offset-key=\"a2p36-0-0\">\n<div class=\"_1mf _1mj\" data-offset-key=\"a2p36-0-0\"><span data-offset-key=\"a2p36-0-0\"><span data-text=\"true\">O racha colocar\u00e1 Mara, como \u00e9 conhecida, em confronto com Elton Assis, um grande advogado que conhe\u00e7o h\u00e1 bastante tempo. Se ele n\u00e3o inventar de manter o atual presidente &#8211; condenado \u00e0 multa por ato atentat\u00f3rio \u00e0 dignidade da justi\u00e7a &#8211; em cargo de destaque como no Conselho Federal, ser\u00e1 mais f\u00e1cil me ater \u00e0 an\u00e1lise das propostas. Ali\u00e1s, s\u00f3 h\u00e1 9 advogadas entre 70 advogados no Conselho Federal.<\/span><\/span><\/div>\n<\/div>\n<div class=\"\" data-block=\"true\" data-editor=\"7ej8f\" data-offset-key=\"7770f-0-0\">\n<div class=\"_1mf _1mj\" data-offset-key=\"7770f-0-0\"><\/div>\n<\/div>\n<div class=\"\" data-block=\"true\" data-editor=\"7ej8f\" data-offset-key=\"37jk1-0-0\">\n<div class=\"_1mf _1mj\" data-offset-key=\"37jk1-0-0\"><span data-offset-key=\"37jk1-0-0\"><span data-text=\"true\">Em v\u00e1rias capitais a disputa foi t\u00e3o acirrada na \u00faltima elei\u00e7\u00e3o que descambou em baixarias com ofensas pessoais a apoiadores e candidatos, memes e links de not\u00edcias fakes.<\/span><\/span><\/div>\n<\/div>\n<div class=\"\" data-block=\"true\" data-editor=\"7ej8f\" data-offset-key=\"3t4r6-0-0\">\n<div class=\"_1mf _1mj\" data-offset-key=\"3t4r6-0-0\"><span data-offset-key=\"3t4r6-0-0\">\u00a0<\/span><\/div>\n<\/div>\n<div class=\"\" data-block=\"true\" data-editor=\"7ej8f\" data-offset-key=\"319lp-0-0\">\n<div class=\"_1mf _1mj\" data-offset-key=\"319lp-0-0\"><span data-offset-key=\"319lp-0-0\"><span data-text=\"true\">Aqui, foi pior, porque at\u00e9 debates foram cancelados por conta da aus\u00eancia do candidato \u00e0 reelei\u00e7\u00e3o. <\/span><\/span><\/div>\n<\/div>\n<div class=\"\" data-block=\"true\" data-editor=\"7ej8f\" data-offset-key=\"dgov3-0-0\">\n<div class=\"_1mf _1mj\" data-offset-key=\"dgov3-0-0\"><span data-offset-key=\"dgov3-0-0\">\u00a0<\/span><\/div>\n<\/div>\n<div class=\"\" data-block=\"true\" data-editor=\"7ej8f\" data-offset-key=\"bmi99-0-0\">\n<div class=\"_1mf _1mj\" data-offset-key=\"bmi99-0-0\"><span data-offset-key=\"bmi99-0-0\"><span data-text=\"true\">Vamos ver que linha de campanha cada candidato vai adotar e que ven\u00e7a quem conseguir demonstrar que vai promover mudan\u00e7as, al\u00e9m da dan\u00e7a das cadeiras.<\/span><\/span><\/div>\n<\/div>\n<div class=\"\" data-block=\"true\" data-editor=\"7ej8f\" data-offset-key=\"cevhg-0-0\"><\/div>\n<div class=\"\" data-block=\"true\" data-editor=\"7ej8f\" data-offset-key=\"5v8t6-0-0\">\n<div class=\"_1mf _1mj\" data-offset-key=\"5v8t6-0-0\"><span data-offset-key=\"5v8t6-0-0\">\u00a0<\/span><\/div>\n<\/div>\n<div class=\"\" data-block=\"true\" data-editor=\"7ej8f\" data-offset-key=\"5v31-0-0\">\n<div class=\"_1mf _1mj\" data-offset-key=\"5v31-0-0\"><span data-offset-key=\"5v31-0-0\">\u00a0<\/span><\/div>\n<\/div>\n<div class=\"\" data-block=\"true\" data-editor=\"7ej8f\" data-offset-key=\"a8d3m-0-0\">\n<div class=\"_1mf _1mj\" data-offset-key=\"a8d3m-0-0\"><span data-offset-key=\"a8d3m-0-0\">\u00a0<\/span><\/div>\n<\/div>\n<div class=\"\" data-block=\"true\" data-editor=\"7ej8f\" data-offset-key=\"1i6e5-0-0\"><\/div>\n","protected":false},"excerpt":{"rendered":"<p>\u00a0 Tem elei\u00e7\u00e3o na OAB este ano e todos, como sempre defendi, devem se interessar e muito pelo futuro da entidade que tem fun\u00e7\u00e3o hist\u00f3rica de porta-voz da sociedade. \u00a0 Estarei atenta e opinando com responsabilidade e franqueza, como sempre fiz, voluntariamente e com argumentos consistentes.<\/p>\n","protected":false},"author":1,"featured_media":0,"comment_status":"closed","ping_status":"open","sticky":false,"template":"","format":"standard","meta":{"_exactmetrics_skip_tracking":false,"_exactmetrics_sitenote_active":false,"_exactmetrics_sitenote_note":"","_exactmetrics_sitenote_category":0,"jetpack_post_was_ever_published":false,"_jetpack_newsletter_access":"","_jetpack_dont_email_post_to_subs":false,"_jetpack_newsletter_tier_id":0,"_jetpack_memberships_contains_paywalled_content":false,"_jetpack_memberships_contains_paid_content":false,"footnotes":"","jetpack_publicize_message":"","jetpack_publicize_feature_enabled":true,"jetpack_social_post_already_shared":true,"jetpack_social_options":{"image_generator_settings":{"template":"highway","enabled":false},"version":2}},"categories":[1],"tags":[],"class_list":["post-17219","post","type-post","status-publish","format-standard","hentry","category-notas"],"jetpack_publicize_connections":[],"jetpack_sharing_enabled":true,"jetpack_featured_media_url":"","jetpack_shortlink":"https:\/\/wp.me\/p7wKYW-4tJ","jetpack-related-posts":[],"_links":{"self":[{"href":"http:\/\/blogdalucianaoliveira.com.br\/blog\/wp-json\/wp\/v2\/posts\/17219","targetHints":{"allow":["GET"]}}],"collection":[{"href":"http:\/\/blogdalucianaoliveira.com.br\/blog\/wp-json\/wp\/v2\/posts"}],"about":[{"href":"http:\/\/blogdalucianaoliveira.com.br\/blog\/wp-json\/wp\/v2\/types\/post"}],"author":[{"embeddable":true,"href":"http:\/\/blogdalucianaoliveira.com.br\/blog\/wp-json\/wp\/v2\/users\/1"}],"replies":[{"embeddable":true,"href":"http:\/\/blogdalucianaoliveira.com.br\/blog\/wp-json\/wp\/v2\/comments?post=17219"}],"version-history":[{"count":1,"href":"http:\/\/blogdalucianaoliveira.com.br\/blog\/wp-json\/wp\/v2\/posts\/17219\/revisions"}],"predecessor-version":[{"id":17220,"href":"http:\/\/blogdalucianaoliveira.com.br\/blog\/wp-json\/wp\/v2\/posts\/17219\/revisions\/17220"}],"wp:attachment":[{"href":"http:\/\/blogdalucianaoliveira.com.br\/blog\/wp-json\/wp\/v2\/media?parent=17219"}],"wp:term":[{"taxonomy":"category","embeddable":true,"href":"http:\/\/blogdalucianaoliveira.com.br\/blog\/wp-json\/wp\/v2\/categories?post=17219"},{"taxonomy":"post_tag","embeddable":true,"href":"http:\/\/blogdalucianaoliveira.com.br\/blog\/wp-json\/wp\/v2\/tags?post=17219"}],"curies":[{"name":"wp","href":"https:\/\/api.w.org\/{rel}","templated":true}]}}