{"id":17221,"date":"2018-03-26T11:43:00","date_gmt":"2018-03-26T15:43:00","guid":{"rendered":"http:\/\/blogdalucianaoliveira.com.br\/blog\/?p=17221"},"modified":"2018-03-26T11:43:35","modified_gmt":"2018-03-26T15:43:35","slug":"trama-de-o-mecanismo-a-nova-serie-da-netflix-nao-supera-a-realidade","status":"publish","type":"post","link":"http:\/\/blogdalucianaoliveira.com.br\/blog\/2018\/03\/26\/trama-de-o-mecanismo-a-nova-serie-da-netflix-nao-supera-a-realidade\/","title":{"rendered":"Trama de \u2018O Mecanismo\u2019, a nova s\u00e9rie da Netflix, n\u00e3o supera a realidade"},"content":{"rendered":"<div id=\"cuerpo_noticia\" class=\"articulo-cuerpo\">\n<p><img data-recalc-dims=\"1\" loading=\"lazy\" decoding=\"async\" data-attachment-id=\"17222\" data-permalink=\"http:\/\/blogdalucianaoliveira.com.br\/blog\/2018\/03\/26\/trama-de-o-mecanismo-a-nova-serie-da-netflix-nao-supera-a-realidade\/mec-2\/\" data-orig-file=\"https:\/\/i0.wp.com\/blogdalucianaoliveira.com.br\/blog\/wp-content\/uploads\/2018\/03\/mec.jpg?fit=1960%2C1103\" data-orig-size=\"1960,1103\" data-comments-opened=\"0\" data-image-meta=\"{&quot;aperture&quot;:&quot;0&quot;,&quot;credit&quot;:&quot;&quot;,&quot;camera&quot;:&quot;&quot;,&quot;caption&quot;:&quot;&quot;,&quot;created_timestamp&quot;:&quot;0&quot;,&quot;copyright&quot;:&quot;&quot;,&quot;focal_length&quot;:&quot;0&quot;,&quot;iso&quot;:&quot;0&quot;,&quot;shutter_speed&quot;:&quot;0&quot;,&quot;title&quot;:&quot;&quot;,&quot;orientation&quot;:&quot;0&quot;}\" data-image-title=\"mec\" data-image-description=\"\" data-image-caption=\"\" data-medium-file=\"https:\/\/i0.wp.com\/blogdalucianaoliveira.com.br\/blog\/wp-content\/uploads\/2018\/03\/mec.jpg?fit=300%2C169\" data-large-file=\"https:\/\/i0.wp.com\/blogdalucianaoliveira.com.br\/blog\/wp-content\/uploads\/2018\/03\/mec.jpg?fit=600%2C338\" class=\"alignnone size-full wp-image-17222\" src=\"https:\/\/i0.wp.com\/blogdalucianaoliveira.com.br\/blog\/wp-content\/uploads\/2018\/03\/mec.jpg?resize=600%2C338\" alt=\"mec\" width=\"600\" height=\"338\" srcset=\"https:\/\/i0.wp.com\/blogdalucianaoliveira.com.br\/blog\/wp-content\/uploads\/2018\/03\/mec.jpg?w=1960 1960w, https:\/\/i0.wp.com\/blogdalucianaoliveira.com.br\/blog\/wp-content\/uploads\/2018\/03\/mec.jpg?resize=300%2C169 300w, https:\/\/i0.wp.com\/blogdalucianaoliveira.com.br\/blog\/wp-content\/uploads\/2018\/03\/mec.jpg?resize=768%2C432 768w, https:\/\/i0.wp.com\/blogdalucianaoliveira.com.br\/blog\/wp-content\/uploads\/2018\/03\/mec.jpg?resize=1024%2C576 1024w, https:\/\/i0.wp.com\/blogdalucianaoliveira.com.br\/blog\/wp-content\/uploads\/2018\/03\/mec.jpg?resize=533%2C300 533w, https:\/\/i0.wp.com\/blogdalucianaoliveira.com.br\/blog\/wp-content\/uploads\/2018\/03\/mec.jpg?w=1200 1200w, https:\/\/i0.wp.com\/blogdalucianaoliveira.com.br\/blog\/wp-content\/uploads\/2018\/03\/mec.jpg?w=1800 1800w\" sizes=\"auto, (max-width: 600px) 100vw, 600px\" \/><\/p>\n<p>No El Pa\u00eds, por Mar\u00eda Martin &#8211; A\u00a0<a href=\"https:\/\/brasil.elpais.com\/tag\/netflix\/a\">Netflix<\/a>\u00a0acaba de lan\u00e7ar sua mais recente produ\u00e7\u00e3o e n\u00e3o escapar\u00e1 da pol\u00eamica. A s\u00e9rie\u00a0<em>O Mecanismo<\/em>, de\u00a0<a href=\"https:\/\/brasil.elpais.com\/brasil\/2018\/03\/22\/cultura\/1521740688_655372.html\">Jos\u00e9 Padilha<\/a>, criador brasileiro de\u00a0<em>Narcos<\/em>\u00a0e\u00a0<em>Tropa de Elite 1<\/em>\u00a0e\u00a0<em>2<\/em>, traz ao mundo das s\u00e9ries a\u00a0<a href=\"https:\/\/brasil.elpais.com\/tag\/operacion_lava_jato\/a\">Opera\u00e7\u00e3o Lava Jato<\/a>, a investiga\u00e7\u00e3o contra o maior esquema de corrup\u00e7\u00e3o do Brasil, uma hist\u00f3ria que inquieta os brasileiros desde mar\u00e7o de 2014.<!--more--><\/p>\n<p>&nbsp;<\/p>\n<div id=\"elpais_gpt-INTEXT\" data-google-query-id=\"CPDGlZGpitoCFZBGhgodSLAAkQ\">\n<div id=\"google_ads_iframe_\/7811748\/elpais_web\/brasil\/cultura\/intext_0__container__\">A primeira temporada destrincha as origens da investiga\u00e7\u00e3o quando dois policiais, Ruffo e Verena, se prop\u00f5em a acabar com o neg\u00f3cio milion\u00e1rio de um astuto criminoso especializado em lavagem de dinheiro. Em sua batalha, travada \u2013 n\u00e3o sem atritos \u2013 com o\u00a0<a href=\"https:\/\/brasil.elpais.com\/tag\/mp_ministerio_publico_brasil\/a\">Minist\u00e9rio P\u00fablico<\/a>\u00a0e um juiz tenaz e vaidoso, descobrem que o mecanismo corrupto \u00e9 muito maior do que esperavam e chega aos escrit\u00f3rios de deputados, partidos pol\u00edticos, funcion\u00e1rios p\u00fablicos e dos principais empreiteiros do pa\u00eds.<\/div>\n<\/div>\n<p>Os oito primeiros epis\u00f3dios s\u00e3o um\u00a0<em>thriller<\/em>\u00a0policial alimentado por uma investiga\u00e7\u00e3o repleta de obst\u00e1culos narrados \u2013 como \u00e9 habitual em Padilha \u2013 pela voz\u00a0<em>off<\/em>\u00a0dos protagonistas da pol\u00edcia.<\/p>\n<p>A hist\u00f3ria \u00e9 din\u00e2mica e, \u00e0s vezes, intrigante, embora boicote com a narra\u00e7\u00e3o parte do suspense. Mas a s\u00e9rie comete erros que, para os espectadores brasileiros, a fotografia, o ritmo e a elogi\u00e1vel atua\u00e7\u00e3o do elenco n\u00e3o conseguem compensar.<\/p>\n<p>Mesmo antes da estreia houve um claro esfor\u00e7o dos produtores em demonstrar sua imparcialidade em um assunto que divide o pa\u00eds entre os que defendem acabar com a corrup\u00e7\u00e3o a qualquer custo e aqueles que denunciam abusos policiais e judiciais em uma disputa em que vale tudo. A s\u00e9rie apresenta refer\u00eancias reiteradas sobre um mecanismo sem ideologias, que n\u00e3o concebe direita ou esquerda, mas enquanto o roteiro aborda superficialmente alguns personagens, as adapta\u00e7\u00f5es dram\u00e1ticas se deleitam generosamente em outros. Essa adapta\u00e7\u00e3o dos fatos reais pode confundir o espectador menos informado e mais ainda qualquer estrangeiro que n\u00e3o tenha acompanhado nem de longe essa novela pol\u00edtica.<\/p>\n<p>O roteiro, por exemplo, p\u00f5e na boca do personagem que encarna o\u00a0<a href=\"https:\/\/brasil.elpais.com\/tag\/luiz_inacio_da_silva\/a\">ex-presidente Luiz In\u00e1cio Lula da Silva<\/a>\u00a0uma frase que n\u00e3o \u00e9 dele. Preocupado com o avan\u00e7o das investiga\u00e7\u00f5es, o personagem de Lula diz a seu ex-ministro da Justi\u00e7a que \u201c\u00e9 preciso acabar com essa sangria\u201d. Seria apenas um recurso dram\u00e1tico se n\u00e3o fosse o fato de\u00a0<a href=\"https:\/\/brasil.elpais.com\/brasil\/2016\/05\/23\/politica\/1464010384_911589.html\">esse di\u00e1logo ter sido imortalizado ao chegar \u00e0s televis\u00f5es de todos os brasileiros<\/a>. E n\u00e3o era Lula o interlocutor, mas um de seus \u2013 agora \u2013 inimigos pol\u00edticos, promotor do impeachment de\u00a0<a href=\"https:\/\/brasil.elpais.com\/tag\/dilma_rousseff\/a\">Dilma Rousseff<\/a>\u00a0e principal articulador do Governo Michel Temer e tamb\u00e9m investigado em v\u00e1rios casos de corrup\u00e7\u00e3o. A ocorr\u00eancia, em ano eleitoral e com o autor da frase ainda orquestrando as entranhas do poder, foi interpretada como mal-intencionada.<\/p>\n<p>O assunto \u00e9 delicado e Padilha, que n\u00e3o teme a pol\u00eamica, sabia disso. De fato,\u00a0<a href=\"https:\/\/observatoriodocinema.bol.uol.com.br\/artigos\/2018\/03\/exclusivo-jose-padilha-diz-que-discussao-sobre-fala-de-juca-na-boca-de-lula-e-boboca\" target=\"_blank\">o diretor j\u00e1 qualificou essa discuss\u00e3o como \u201cboboca\u201d<\/a>\u00a0e argumentou que sua obra \u00e9 uma fic\u00e7\u00e3o.<\/p>\n<p>Mesmo assim, a equipe anunciou que os personagens n\u00e3o seriam reconhec\u00edveis. \u201c\u00c9 como se a hist\u00f3ria acontecesse em um pa\u00eds de outra gal\u00e1xia\u201d,\u00a0<a href=\"https:\/\/brasil.elpais.com\/brasil\/2018\/02\/24\/cultura\/1519495249_298876.html\">disse a este jornal Marcos Prado<\/a>, um dos tr\u00eas diretores que trabalharam com Padilha meses antes da estreia. N\u00e3o \u00e9 verdade e \u00e9 f\u00e1cil identificar os protagonistas e seu papel dentro e fora da fic\u00e7\u00e3o. A ex-presidenta Dilma Rousseff, que na s\u00e9rie disputa a reelei\u00e7\u00e3o enquanto o vil\u00e3o passeia alegremente por seu comit\u00ea de campanha, passou o fim de semana assistindo \u00e0 s\u00e9rie e n\u00e3o gostou nem um pouco. \u201cO cineasta mente, distorce e falseia. Isso \u00e9 mais do que desonestidade intelectual. \u00c9 pr\u00f3prio de um pusil\u00e2nime a servi\u00e7o de uma vers\u00e3o que teme a verdade\u201d.<\/p>\n<p>Em seu esfor\u00e7o para apresentar a dif\u00edcil luta do bem contra o mal algo reducionista, Padilha abusa da fic\u00e7\u00e3o e deixa muitas nuances pelo caminho, algo que soube retratar em outras produ\u00e7\u00f5es. Seu her\u00f3i \u00e9 um delegado veterano mal pago que come arroz e feij\u00e3o, enquanto luta contra empres\u00e1rios que jogam t\u00eanis em mans\u00f5es. \u00c9 a luta de um Davi que anda de \u00f4nibus contra um Golias que tem um avi\u00e3o particular. Mas os policiais federais de\u00a0<em>O Mecanismo<\/em>\u00a0n\u00e3o s\u00e3o v\u00edtimas da precariedade, como o s\u00e3o os policiais militares de\u00a0<em>Tropa de Elite<\/em>, e um delegado da\u00a0<a href=\"https:\/\/brasil.elpais.com\/tag\/policia_federal_brasil\/a\">Pol\u00edcia Federal<\/a>\u00a0ganha, no topo da carreira, cerca de 23.000 reais.<\/p>\n<p>Deixando de lado as adapta\u00e7\u00f5es pouco delicadas do roteiro, que servir\u00e3o como muni\u00e7\u00e3o pol\u00edtica, se percebe uma oportunidade perdida na s\u00e9rie. Padilha, os outros diretores e a roteirista Elena Soarez tiveram quatro anos de notici\u00e1rio fren\u00e9tico com reviravoltas inimagin\u00e1veis no roteiro para contar essa hist\u00f3ria de intrigas de poder, trai\u00e7\u00f5es, confiss\u00f5es, vazamentos e at\u00e9 mortes, mas a impress\u00e3o deixada pelos oito primeiros epis\u00f3dios \u00e9 que\u00a0<a href=\"https:\/\/brasil.elpais.com\/brasil\/2017\/09\/05\/opinion\/1504643966_441087.html\">n\u00e3o conseguiram superar a realidade com sua fic\u00e7\u00e3o.<\/a><\/p>\n<\/div>\n<p>&nbsp;<\/p>\n","protected":false},"excerpt":{"rendered":"<p>No El Pa\u00eds, por Mar\u00eda Martin &#8211; A\u00a0Netflix\u00a0acaba de lan\u00e7ar sua mais recente produ\u00e7\u00e3o e n\u00e3o escapar\u00e1 da pol\u00eamica. A s\u00e9rie\u00a0O Mecanismo, de\u00a0Jos\u00e9 Padilha, criador brasileiro de\u00a0Narcos\u00a0e\u00a0Tropa de Elite 1\u00a0e\u00a02, traz ao mundo das s\u00e9ries a\u00a0Opera\u00e7\u00e3o Lava Jato, a investiga\u00e7\u00e3o contra o maior esquema de corrup\u00e7\u00e3o do Brasil, uma hist\u00f3ria que inquieta os brasileiros desde&#8230;<a class=\"more-link\" href=\"http:\/\/blogdalucianaoliveira.com.br\/blog\/2018\/03\/26\/trama-de-o-mecanismo-a-nova-serie-da-netflix-nao-supera-a-realidade\/\">Continue a leitura <span class=\"meta-nav\">&raquo;<\/span><\/a><\/p>\n","protected":false},"author":1,"featured_media":0,"comment_status":"closed","ping_status":"open","sticky":false,"template":"","format":"standard","meta":{"_exactmetrics_skip_tracking":false,"_exactmetrics_sitenote_active":false,"_exactmetrics_sitenote_note":"","_exactmetrics_sitenote_category":0,"jetpack_post_was_ever_published":false,"_jetpack_newsletter_access":"","_jetpack_dont_email_post_to_subs":false,"_jetpack_newsletter_tier_id":0,"_jetpack_memberships_contains_paywalled_content":false,"_jetpack_memberships_contains_paid_content":false,"footnotes":"","jetpack_publicize_message":"","jetpack_publicize_feature_enabled":true,"jetpack_social_post_already_shared":true,"jetpack_social_options":{"image_generator_settings":{"template":"highway","enabled":false},"version":2}},"categories":[1],"tags":[],"class_list":["post-17221","post","type-post","status-publish","format-standard","hentry","category-notas"],"jetpack_publicize_connections":[],"jetpack_sharing_enabled":true,"jetpack_featured_media_url":"","jetpack_shortlink":"https:\/\/wp.me\/p7wKYW-4tL","jetpack-related-posts":[],"_links":{"self":[{"href":"http:\/\/blogdalucianaoliveira.com.br\/blog\/wp-json\/wp\/v2\/posts\/17221","targetHints":{"allow":["GET"]}}],"collection":[{"href":"http:\/\/blogdalucianaoliveira.com.br\/blog\/wp-json\/wp\/v2\/posts"}],"about":[{"href":"http:\/\/blogdalucianaoliveira.com.br\/blog\/wp-json\/wp\/v2\/types\/post"}],"author":[{"embeddable":true,"href":"http:\/\/blogdalucianaoliveira.com.br\/blog\/wp-json\/wp\/v2\/users\/1"}],"replies":[{"embeddable":true,"href":"http:\/\/blogdalucianaoliveira.com.br\/blog\/wp-json\/wp\/v2\/comments?post=17221"}],"version-history":[{"count":2,"href":"http:\/\/blogdalucianaoliveira.com.br\/blog\/wp-json\/wp\/v2\/posts\/17221\/revisions"}],"predecessor-version":[{"id":17224,"href":"http:\/\/blogdalucianaoliveira.com.br\/blog\/wp-json\/wp\/v2\/posts\/17221\/revisions\/17224"}],"wp:attachment":[{"href":"http:\/\/blogdalucianaoliveira.com.br\/blog\/wp-json\/wp\/v2\/media?parent=17221"}],"wp:term":[{"taxonomy":"category","embeddable":true,"href":"http:\/\/blogdalucianaoliveira.com.br\/blog\/wp-json\/wp\/v2\/categories?post=17221"},{"taxonomy":"post_tag","embeddable":true,"href":"http:\/\/blogdalucianaoliveira.com.br\/blog\/wp-json\/wp\/v2\/tags?post=17221"}],"curies":[{"name":"wp","href":"https:\/\/api.w.org\/{rel}","templated":true}]}}