{"id":17226,"date":"2018-03-26T11:48:34","date_gmt":"2018-03-26T15:48:34","guid":{"rendered":"http:\/\/blogdalucianaoliveira.com.br\/blog\/?p=17226"},"modified":"2018-03-26T11:48:34","modified_gmt":"2018-03-26T15:48:34","slug":"com-temer-divida-publica-sobe-em-fevereiro-e-vai-a-r-3582-trilhoes","status":"publish","type":"post","link":"http:\/\/blogdalucianaoliveira.com.br\/blog\/2018\/03\/26\/com-temer-divida-publica-sobe-em-fevereiro-e-vai-a-r-3582-trilhoes\/","title":{"rendered":"Com Temer, d\u00edvida p\u00fablica sobe em fevereiro e vai a R$ 3,582 trilh\u00f5es"},"content":{"rendered":"<p><img data-recalc-dims=\"1\" loading=\"lazy\" decoding=\"async\" data-attachment-id=\"14548\" data-permalink=\"http:\/\/blogdalucianaoliveira.com.br\/blog\/2017\/10\/25\/hoje-e-mais-um-dia-em-que-temer-estupra-a-democracia-na-camara-enquanto-o-povo-assiste-bestializado\/temer-5\/\" data-orig-file=\"https:\/\/i0.wp.com\/blogdalucianaoliveira.com.br\/blog\/wp-content\/uploads\/2017\/10\/temer.jpg?fit=600%2C400\" data-orig-size=\"600,400\" data-comments-opened=\"0\" data-image-meta=\"{&quot;aperture&quot;:&quot;0&quot;,&quot;credit&quot;:&quot;&quot;,&quot;camera&quot;:&quot;&quot;,&quot;caption&quot;:&quot;&quot;,&quot;created_timestamp&quot;:&quot;0&quot;,&quot;copyright&quot;:&quot;&quot;,&quot;focal_length&quot;:&quot;0&quot;,&quot;iso&quot;:&quot;0&quot;,&quot;shutter_speed&quot;:&quot;0&quot;,&quot;title&quot;:&quot;&quot;,&quot;orientation&quot;:&quot;0&quot;}\" data-image-title=\"temer\" data-image-description=\"\" data-image-caption=\"\" data-medium-file=\"https:\/\/i0.wp.com\/blogdalucianaoliveira.com.br\/blog\/wp-content\/uploads\/2017\/10\/temer.jpg?fit=300%2C200\" data-large-file=\"https:\/\/i0.wp.com\/blogdalucianaoliveira.com.br\/blog\/wp-content\/uploads\/2017\/10\/temer.jpg?fit=600%2C400\" class=\"alignnone size-full wp-image-14548\" src=\"https:\/\/i0.wp.com\/blogdalucianaoliveira.com.br\/blog\/wp-content\/uploads\/2017\/10\/temer.jpg?resize=600%2C400\" alt=\"temer\" width=\"600\" height=\"400\" srcset=\"https:\/\/i0.wp.com\/blogdalucianaoliveira.com.br\/blog\/wp-content\/uploads\/2017\/10\/temer.jpg?w=600 600w, https:\/\/i0.wp.com\/blogdalucianaoliveira.com.br\/blog\/wp-content\/uploads\/2017\/10\/temer.jpg?resize=300%2C200 300w, https:\/\/i0.wp.com\/blogdalucianaoliveira.com.br\/blog\/wp-content\/uploads\/2017\/10\/temer.jpg?resize=450%2C300 450w\" sizes=\"auto, (max-width: 600px) 100vw, 600px\" \/><\/p>\n<p>Mariana Tokarnia, rep\u00f3rter da Ag\u00eancia Brasil \u2013 A D\u00edvida P\u00fablica Federal (DPF) \u2013 que inclui o endividamento interno e externo do Brasil \u2013 teve aumento de 1,53% e passou de R$ 3,528 trilh\u00f5es em janeiro para R$ 3,582 trilh\u00f5es em fevereiro, segundo informou hoje (26), em Bras\u00edlia, a Secretaria do Tesouro Nacional, do Minist\u00e9rio da Fazenda.<!--more--><\/p>\n<p>Essa aumento da d\u00edvida, de acordo com o Tesouro, ocorreu por conta da emiss\u00e3o l\u00edquida de t\u00edtulos, no valor de R$ 28,51 bilh\u00f5es, e \u00e0 apropria\u00e7\u00e3o positiva de juros, no valor de R$ 25,55 bilh\u00f5es.<\/p>\n<p>A D\u00edvida P\u00fablica Mobili\u00e1ria Federal interna (DPMFi) \u2013 que \u00e9 a parte da d\u00edvida p\u00fablica que pode ser paga em reais \u2013 teve o estoque ampliado em 1,50%, ao passar de R$ 3,405 trilh\u00f5es para R$ 3,456 trilh\u00f5es, devido \u00e0 emiss\u00e3o l\u00edquida, no valor de R$ 28,91 bilh\u00f5es, e pela apropria\u00e7\u00e3o positiva de juros, no valor de R$ 22,41.<\/p>\n<p>&nbsp;<\/p>\n<div class=\"td-post-content\">\n<div class=\"td-paragraph-padding-0\">\n<p>Continue lendo no\u00a0<a href=\"http:\/\/www.brasil247.com\/pt\/247\/economia\/348634\" target=\"_blank\">Brasil 247<\/a>.<\/p>\n<\/div>\n<\/div>\n<footer>\n<div class=\"td-post-source-tags\"><\/div>\n<\/footer>\n","protected":false},"excerpt":{"rendered":"<p>Mariana Tokarnia, rep\u00f3rter da Ag\u00eancia Brasil \u2013 A D\u00edvida P\u00fablica Federal (DPF) \u2013 que inclui o endividamento interno e externo do Brasil \u2013 teve aumento de 1,53% e passou de R$ 3,528 trilh\u00f5es em janeiro para R$ 3,582 trilh\u00f5es em fevereiro, segundo informou hoje (26), em Bras\u00edlia, a Secretaria do Tesouro Nacional, do Minist\u00e9rio da&#8230;<a class=\"more-link\" href=\"http:\/\/blogdalucianaoliveira.com.br\/blog\/2018\/03\/26\/com-temer-divida-publica-sobe-em-fevereiro-e-vai-a-r-3582-trilhoes\/\">Continue a leitura <span class=\"meta-nav\">&raquo;<\/span><\/a><\/p>\n","protected":false},"author":1,"featured_media":0,"comment_status":"closed","ping_status":"open","sticky":false,"template":"","format":"standard","meta":{"_exactmetrics_skip_tracking":false,"_exactmetrics_sitenote_active":false,"_exactmetrics_sitenote_note":"","_exactmetrics_sitenote_category":0,"jetpack_post_was_ever_published":false,"_jetpack_newsletter_access":"","_jetpack_dont_email_post_to_subs":false,"_jetpack_newsletter_tier_id":0,"_jetpack_memberships_contains_paywalled_content":false,"_jetpack_memberships_contains_paid_content":false,"footnotes":"","jetpack_publicize_message":"","jetpack_publicize_feature_enabled":true,"jetpack_social_post_already_shared":true,"jetpack_social_options":{"image_generator_settings":{"template":"highway","enabled":false},"version":2}},"categories":[1],"tags":[],"class_list":["post-17226","post","type-post","status-publish","format-standard","hentry","category-notas"],"jetpack_publicize_connections":[],"jetpack_sharing_enabled":true,"jetpack_featured_media_url":"","jetpack_shortlink":"https:\/\/wp.me\/p7wKYW-4tQ","jetpack-related-posts":[],"_links":{"self":[{"href":"http:\/\/blogdalucianaoliveira.com.br\/blog\/wp-json\/wp\/v2\/posts\/17226","targetHints":{"allow":["GET"]}}],"collection":[{"href":"http:\/\/blogdalucianaoliveira.com.br\/blog\/wp-json\/wp\/v2\/posts"}],"about":[{"href":"http:\/\/blogdalucianaoliveira.com.br\/blog\/wp-json\/wp\/v2\/types\/post"}],"author":[{"embeddable":true,"href":"http:\/\/blogdalucianaoliveira.com.br\/blog\/wp-json\/wp\/v2\/users\/1"}],"replies":[{"embeddable":true,"href":"http:\/\/blogdalucianaoliveira.com.br\/blog\/wp-json\/wp\/v2\/comments?post=17226"}],"version-history":[{"count":1,"href":"http:\/\/blogdalucianaoliveira.com.br\/blog\/wp-json\/wp\/v2\/posts\/17226\/revisions"}],"predecessor-version":[{"id":17227,"href":"http:\/\/blogdalucianaoliveira.com.br\/blog\/wp-json\/wp\/v2\/posts\/17226\/revisions\/17227"}],"wp:attachment":[{"href":"http:\/\/blogdalucianaoliveira.com.br\/blog\/wp-json\/wp\/v2\/media?parent=17226"}],"wp:term":[{"taxonomy":"category","embeddable":true,"href":"http:\/\/blogdalucianaoliveira.com.br\/blog\/wp-json\/wp\/v2\/categories?post=17226"},{"taxonomy":"post_tag","embeddable":true,"href":"http:\/\/blogdalucianaoliveira.com.br\/blog\/wp-json\/wp\/v2\/tags?post=17226"}],"curies":[{"name":"wp","href":"https:\/\/api.w.org\/{rel}","templated":true}]}}