{"id":17237,"date":"2018-03-27T10:03:06","date_gmt":"2018-03-27T14:03:06","guid":{"rendered":"http:\/\/blogdalucianaoliveira.com.br\/blog\/?p=17237"},"modified":"2018-03-27T10:03:07","modified_gmt":"2018-03-27T14:03:07","slug":"no-roda-viva-moro-distorce-fatos-que-envolvem-teori-zavascki-e-preserva-auto-imagem-de-heroi","status":"publish","type":"post","link":"http:\/\/blogdalucianaoliveira.com.br\/blog\/2018\/03\/27\/no-roda-viva-moro-distorce-fatos-que-envolvem-teori-zavascki-e-preserva-auto-imagem-de-heroi\/","title":{"rendered":"No Roda Viva, Moro distorce fatos que envolvem Teori Zavascki e preserva auto-imagem de her\u00f3i"},"content":{"rendered":"<p><img data-recalc-dims=\"1\" loading=\"lazy\" decoding=\"async\" data-attachment-id=\"17238\" data-permalink=\"http:\/\/blogdalucianaoliveira.com.br\/blog\/2018\/03\/27\/no-roda-viva-moro-distorce-fatos-que-envolvem-teori-zavascki-e-preserva-auto-imagem-de-heroi\/roda\/\" data-orig-file=\"https:\/\/i0.wp.com\/blogdalucianaoliveira.com.br\/blog\/wp-content\/uploads\/2018\/03\/roda.png?fit=600%2C379\" data-orig-size=\"600,379\" data-comments-opened=\"0\" data-image-meta=\"{&quot;aperture&quot;:&quot;0&quot;,&quot;credit&quot;:&quot;&quot;,&quot;camera&quot;:&quot;&quot;,&quot;caption&quot;:&quot;&quot;,&quot;created_timestamp&quot;:&quot;0&quot;,&quot;copyright&quot;:&quot;&quot;,&quot;focal_length&quot;:&quot;0&quot;,&quot;iso&quot;:&quot;0&quot;,&quot;shutter_speed&quot;:&quot;0&quot;,&quot;title&quot;:&quot;&quot;,&quot;orientation&quot;:&quot;0&quot;}\" data-image-title=\"roda\" data-image-description=\"\" data-image-caption=\"\" data-medium-file=\"https:\/\/i0.wp.com\/blogdalucianaoliveira.com.br\/blog\/wp-content\/uploads\/2018\/03\/roda.png?fit=300%2C190\" data-large-file=\"https:\/\/i0.wp.com\/blogdalucianaoliveira.com.br\/blog\/wp-content\/uploads\/2018\/03\/roda.png?fit=600%2C379\" class=\"alignnone size-full wp-image-17238\" src=\"https:\/\/i0.wp.com\/blogdalucianaoliveira.com.br\/blog\/wp-content\/uploads\/2018\/03\/roda.png?resize=600%2C379\" alt=\"roda\" width=\"600\" height=\"379\" srcset=\"https:\/\/i0.wp.com\/blogdalucianaoliveira.com.br\/blog\/wp-content\/uploads\/2018\/03\/roda.png?w=600 600w, https:\/\/i0.wp.com\/blogdalucianaoliveira.com.br\/blog\/wp-content\/uploads\/2018\/03\/roda.png?resize=300%2C190 300w, https:\/\/i0.wp.com\/blogdalucianaoliveira.com.br\/blog\/wp-content\/uploads\/2018\/03\/roda.png?resize=475%2C300 475w\" sizes=\"auto, (max-width: 600px) 100vw, 600px\" \/><\/p>\n<p class=\"p1\"><span class=\"s1\">Na entrevista ao Roda Viva, Sergio Moro fez um relato que n\u00e3o corresponde aos fatos. Pode ter feito outros com o mesmo defeito.<\/span><!--more--><\/p>\n<p class=\"p1\"><span class=\"s1\">No DCM, por Joaquim de Carvalho &#8211; Mas este, seguramente, n\u00e3o se deu como narrado. Ele recordou que, no in\u00edcio de 2014, a opera\u00e7\u00e3o Lava Jato quase acabou por decis\u00e3o do ministro Teori Zavascki.<\/span><\/p>\n<p class=\"p1\"><span class=\"s1\">Moro disse que o ministro tinha mandado soltar todos os presos da opera\u00e7\u00e3o. Era a consequ\u00eancia \u00f3bvia do habeas corpus obtido pela defesa do ex-diretor da Petrobras Paulo Roberto Costa, que se encontrava preso.<\/span><\/p>\n<p class=\"p1\"><span class=\"s1\">O fundamento do HC era a ilegalidade da opera\u00e7\u00e3o, que n\u00e3o poderia estar em Curitiba por algumas raz\u00f5es legais, entre elas a falta de compet\u00eancia do juiz.<\/span><\/p>\n<p class=\"p1\"><span class=\"s1\">A sede da Petrobras \u00e9 no Rio de Janeiro, n\u00e3o no Paran\u00e1, e, na origem da investiga\u00e7\u00e3o, em 2006, um dos envolvidos nos fatos apurados pela Pol\u00edcia Federal era o ent\u00e3o deputado federal, Jos\u00e9 Janene.<\/span><\/p>\n<p class=\"p1\"><span class=\"s1\">Como havia o parlamentar envolvido, o inqu\u00e9rito deveria ter sido remetido, j\u00e1 naquela \u00e9poca, ao Supremo Tribunal Federal, mas Moro, por raz\u00f5es que nunca ficaram claras, decidiu segurar a investiga\u00e7\u00e3o em Curitiba, e manter sob sua jurisdi\u00e7\u00e3o o doleiro e s\u00f3cio de Janene, Alberto Youssef.<\/span><\/p>\n<p class=\"p1\"><span class=\"s1\">No Roda Viva, Moro contou a hist\u00f3ria at\u00e9 uma parte, com uma dramaticidade que lhe cai bem na figura do her\u00f3i: ele disse que ficou arrasado com a decis\u00e3o de Teori, voltou para casa (segundo ele, de bicicleta) cabisbaixo. Aquilo seria o fim da Lava Jato.<\/span><\/p>\n<p class=\"p1\"><span class=\"s1\">Ele disse que informou a Teori que a decis\u00e3o colocaria na rua at\u00e9 um grande traficante \u2014 cliente de Youssef \u2014, preso no pacote dos primeiros dias da opera\u00e7\u00e3o. Moro afirmou, na TV, com um esbo\u00e7o de sorriso e piscando muito, que Teori reviu a decis\u00e3o.<\/span><\/p>\n<p class=\"p1\"><span class=\"s1\">\u201cEle n\u00e3o tinha todas as informa\u00e7\u00f5es e, por isso, tinha tomado aquela decis\u00e3o. Mas ele reviu\u201d, disse.<\/span><\/p>\n<p class=\"p1\"><span class=\"s1\">O jornalista Ricardo Setti, revelando elevado grau de despreparo, perguntou se ele tinha informado Teori por e-mail.<\/span><\/p>\n<p class=\"p1\"><span class=\"s1\">N\u00e3o, esclareceu Moro, as comunica\u00e7\u00f5es no Judici\u00e1rio s\u00e3o feitas por papel, dentro do processo, \u201cn\u00e3o existe um telefone vermelho\u201d.<\/span><\/p>\n<p class=\"p1\"><span class=\"s1\">O que Moro n\u00e3o disse \u00e9 que, al\u00e9m de fazer a comunica\u00e7\u00e3o formal, ele deixou de cumprir a decis\u00e3o e, ao mesmo tempo, houve um vazamento para o site da revista Veja, que publicou um texto com o t\u00edtulo \u201cSTF manda soltar acusado de tr\u00e1fico internacional de drogas\u201d.<\/span><\/p>\n<p class=\"p1\"><span class=\"s1\">Logo a nota da revista repercutiu e foi para a TV Globo. Teori come\u00e7ou a ser criticado e, ent\u00e3o, ele deu entrevista \u00e0 Globo para explicar que a decis\u00e3o dele se limitava \u00e0 liberta\u00e7\u00e3o de Paulo Roberto Costa, e manteve a Lava Jato nas m\u00e3os de Moro.<\/span><\/p>\n<p class=\"p3\"><span class=\"s1\">\u201cO ministro do Supremo Tribunal Federal Teori Zavascki voltou atr\u00e1s e decidiu manter na cadeia onze presos da Opera\u00e7\u00e3o Lava Jato\u201d, diz Patr\u00edcia Poeta, na abertura do notici\u00e1rio da\u00a0<a href=\"http:\/\/g1.globo.com\/jornal-nacional\/noticia\/2014\/05\/teori-zavascki-volta-atras-e-decide-manter-na-cadeia-11-presos.html\"><span class=\"s2\">TV Globo<\/span><\/a>.<\/span><\/p>\n<p class=\"p1\"><span class=\"s1\">\u201cO juiz de Curitiba emparedou Teori e o Supremo\u201d, reagiu \u00e0 \u00e9poca um advogado logo que viu a entrevista de Teori na Globo, num grupo de WhatsApp formado por criminalistas.<\/span><\/p>\n<p class=\"p1\"><span class=\"s1\">\u201cQuando ministro do STF explica suas decis\u00f5es na TV, a causa est\u00e1 perdida. Teori mostrou fraqueza, perdeu for\u00e7a, na mesma propor\u00e7\u00e3o em que Moro ganhou musculatura\u201d, disse o criminalista Anderson Bezerra Lopes, na s\u00e9rie de entrevista que fiz para o DCM,\u00a0<a href=\"https:\/\/www.youtube.com\/watch?v=wjZ9aXg0MGM\">\u201cAs 10 maiores ilegalidades da Lava Jato\u201d<\/a>.<\/span><\/p>\n<p class=\"p1\"><span class=\"s1\">O caso tamb\u00e9m est\u00e1 descrito na reportagem\u00a0<a href=\"https:\/\/www.diariodocentrodomundo.com.br\/como-sergio-moro-emparedou-teori-e-o-stf-para-consolidar-seu-poder-por-joaquim-de-carvalho\/\">\u201cComo Sergio Moro emparedou Teori e o STF para consolidar seu poder\u201d<\/a>, publicada pelo DCM.<\/span><\/p>\n<p class=\"p1\"><span class=\"s1\">Ao vazar a decis\u00e3o para a Veja, a vara de Moro mostrou o que viria a ser um marca da Lava Jato. A utiliza\u00e7\u00e3o da imprensa como aliada nos processos judiciais.<\/span><\/p>\n<p class=\"p1\"><span class=\"s1\">A estrat\u00e9gia est\u00e1 descrita no artigo que escreveu em 2004 para a Revista CEJ (Centro de Estudos Judici\u00e1rios, do Conselho da Justi\u00e7a Federal). Registrou ele:<\/span><\/p>\n<p class=\"p4\"><span class=\"s1\">\u201cOs respons\u00e1veis pela Opera\u00e7\u00e3o Mani Pulite ainda fizeram largo uso da imprensa. Com efeito: para o desgosto dos l\u00edderes do PSI (Partido Socialista Italiano), que, por certo, nunca pararam de manipular a imprensa, a investiga\u00e7\u00e3o da \u2018mani pulite\u2019 vazava como uma peneira\u201d, escreveu.<\/span><\/p>\n<p class=\"p4\"><span class=\"s1\">O artigo, por sinal, \u00e9 o roteiro do que viria a ser o trabalho da Lava Jato, dez anos depois, com o uso de recursos previstos na legisla\u00e7\u00e3o italiana, mas n\u00e3o na brasileira.<\/span><\/p>\n<p class=\"p4\"><span class=\"s1\">Para Moro, isso n\u00e3o \u00e9 um problema. Ele d\u00e1 um jeito de ajustar a lei a seus prop\u00f3sitos.<\/span><\/p>\n<p class=\"p4\"><span class=\"s1\">E tem tido \u00eaxito, j\u00e1 que, em geral, suas decis\u00f5es t\u00eam sido confirmadas pelas inst\u00e2ncias superiores.<\/span><\/p>\n<p class=\"p4\"><span class=\"s1\">O TRF-4, num julgamento do pleno em 2016, ao tratar da acusa\u00e7\u00e3o de ilegalidade das escutas telef\u00f4nicas, disse que a Lava Jato n\u00e3o precisava seguir regras dos casos comuns.<\/span><\/p>\n<p class=\"p4\"><span class=\"s1\">O tribunal considerou que a Lava Jato gerou uma situa\u00e7\u00e3o in\u00e9dita, \u201ca merecer um tratamento excepcional\u201d.<\/span><\/p>\n<p class=\"p4\"><span class=\"s1\">Excepcional de exce\u00e7\u00e3o. Exce\u00e7\u00e3o que n\u00e3o pode, em nenhum hip\u00f3tese, caracterizar o trabalho da Justi\u00e7a.<\/span><\/p>\n<p class=\"p4\"><span class=\"s1\">Algu\u00e9m a\u00ed j\u00e1 ouviu falar em tribunal de exce\u00e7\u00e3o e ao que remete? Ditadura. O oposto do imp\u00e9rio da lei.<\/span><\/p>\n<p class=\"p4\"><span class=\"s1\">Tudo isso poderia ser objeto de questionamento na entrevista de ontem. Mas os jornalistas pareciam mais querer levantar a bola do juiz do que, propriamente, fazer as perguntas devidas, em respeito ao p\u00fablico.<\/span><\/p>\n<div class=\"google-auto-placed\"><\/div>\n<div class=\"teads-inread sm-screen\"><\/div>\n","protected":false},"excerpt":{"rendered":"<p>Na entrevista ao Roda Viva, Sergio Moro fez um relato que n\u00e3o corresponde aos fatos. Pode ter feito outros com o mesmo defeito.<\/p>\n","protected":false},"author":1,"featured_media":0,"comment_status":"closed","ping_status":"open","sticky":false,"template":"","format":"standard","meta":{"_exactmetrics_skip_tracking":false,"_exactmetrics_sitenote_active":false,"_exactmetrics_sitenote_note":"","_exactmetrics_sitenote_category":0,"jetpack_post_was_ever_published":false,"_jetpack_newsletter_access":"","_jetpack_dont_email_post_to_subs":false,"_jetpack_newsletter_tier_id":0,"_jetpack_memberships_contains_paywalled_content":false,"_jetpack_memberships_contains_paid_content":false,"footnotes":"","jetpack_publicize_message":"","jetpack_publicize_feature_enabled":true,"jetpack_social_post_already_shared":true,"jetpack_social_options":{"image_generator_settings":{"template":"highway","enabled":false},"version":2}},"categories":[1],"tags":[],"class_list":["post-17237","post","type-post","status-publish","format-standard","hentry","category-notas"],"jetpack_publicize_connections":[],"jetpack_sharing_enabled":true,"jetpack_featured_media_url":"","jetpack_shortlink":"https:\/\/wp.me\/p7wKYW-4u1","jetpack-related-posts":[],"_links":{"self":[{"href":"http:\/\/blogdalucianaoliveira.com.br\/blog\/wp-json\/wp\/v2\/posts\/17237","targetHints":{"allow":["GET"]}}],"collection":[{"href":"http:\/\/blogdalucianaoliveira.com.br\/blog\/wp-json\/wp\/v2\/posts"}],"about":[{"href":"http:\/\/blogdalucianaoliveira.com.br\/blog\/wp-json\/wp\/v2\/types\/post"}],"author":[{"embeddable":true,"href":"http:\/\/blogdalucianaoliveira.com.br\/blog\/wp-json\/wp\/v2\/users\/1"}],"replies":[{"embeddable":true,"href":"http:\/\/blogdalucianaoliveira.com.br\/blog\/wp-json\/wp\/v2\/comments?post=17237"}],"version-history":[{"count":1,"href":"http:\/\/blogdalucianaoliveira.com.br\/blog\/wp-json\/wp\/v2\/posts\/17237\/revisions"}],"predecessor-version":[{"id":17239,"href":"http:\/\/blogdalucianaoliveira.com.br\/blog\/wp-json\/wp\/v2\/posts\/17237\/revisions\/17239"}],"wp:attachment":[{"href":"http:\/\/blogdalucianaoliveira.com.br\/blog\/wp-json\/wp\/v2\/media?parent=17237"}],"wp:term":[{"taxonomy":"category","embeddable":true,"href":"http:\/\/blogdalucianaoliveira.com.br\/blog\/wp-json\/wp\/v2\/categories?post=17237"},{"taxonomy":"post_tag","embeddable":true,"href":"http:\/\/blogdalucianaoliveira.com.br\/blog\/wp-json\/wp\/v2\/tags?post=17237"}],"curies":[{"name":"wp","href":"https:\/\/api.w.org\/{rel}","templated":true}]}}