{"id":17248,"date":"2018-03-28T15:32:03","date_gmt":"2018-03-28T19:32:03","guid":{"rendered":"http:\/\/blogdalucianaoliveira.com.br\/blog\/?p=17248"},"modified":"2018-03-28T15:32:03","modified_gmt":"2018-03-28T19:32:03","slug":"sindur-esclarece-sobre-falta-de-agua","status":"publish","type":"post","link":"http:\/\/blogdalucianaoliveira.com.br\/blog\/2018\/03\/28\/sindur-esclarece-sobre-falta-de-agua\/","title":{"rendered":"SINDUR ESCLARECE SOBRE FALTA DE \u00c1GUA"},"content":{"rendered":"<p><img data-recalc-dims=\"1\" loading=\"lazy\" decoding=\"async\" data-attachment-id=\"17249\" data-permalink=\"http:\/\/blogdalucianaoliveira.com.br\/blog\/2018\/03\/28\/sindur-esclarece-sobre-falta-de-agua\/43512139-e1bc-4fa8-b255-12743a8c0730\/\" data-orig-file=\"https:\/\/i0.wp.com\/blogdalucianaoliveira.com.br\/blog\/wp-content\/uploads\/2018\/03\/43512139-E1BC-4FA8-B255-12743A8C0730.jpeg?fit=516%2C285\" data-orig-size=\"516,285\" data-comments-opened=\"0\" data-image-meta=\"{&quot;aperture&quot;:&quot;0&quot;,&quot;credit&quot;:&quot;&quot;,&quot;camera&quot;:&quot;&quot;,&quot;caption&quot;:&quot;&quot;,&quot;created_timestamp&quot;:&quot;0&quot;,&quot;copyright&quot;:&quot;&quot;,&quot;focal_length&quot;:&quot;0&quot;,&quot;iso&quot;:&quot;0&quot;,&quot;shutter_speed&quot;:&quot;0&quot;,&quot;title&quot;:&quot;&quot;,&quot;orientation&quot;:&quot;0&quot;}\" data-image-title=\"43512139-E1BC-4FA8-B255-12743A8C0730\" data-image-description=\"\" data-image-caption=\"\" data-medium-file=\"https:\/\/i0.wp.com\/blogdalucianaoliveira.com.br\/blog\/wp-content\/uploads\/2018\/03\/43512139-E1BC-4FA8-B255-12743A8C0730.jpeg?fit=300%2C166\" data-large-file=\"https:\/\/i0.wp.com\/blogdalucianaoliveira.com.br\/blog\/wp-content\/uploads\/2018\/03\/43512139-E1BC-4FA8-B255-12743A8C0730.jpeg?fit=516%2C285\" src=\"https:\/\/i0.wp.com\/blogdalucianaoliveira.com.br\/blog\/wp-content\/uploads\/2018\/03\/43512139-E1BC-4FA8-B255-12743A8C0730.jpeg?resize=516%2C285\" alt=\"43512139-E1BC-4FA8-B255-12743A8C0730\" width=\"516\" height=\"285\" class=\"alignnone size-full wp-image-17249\" srcset=\"https:\/\/i0.wp.com\/blogdalucianaoliveira.com.br\/blog\/wp-content\/uploads\/2018\/03\/43512139-E1BC-4FA8-B255-12743A8C0730.jpeg?w=516 516w, https:\/\/i0.wp.com\/blogdalucianaoliveira.com.br\/blog\/wp-content\/uploads\/2018\/03\/43512139-E1BC-4FA8-B255-12743A8C0730.jpeg?resize=300%2C166 300w\" sizes=\"auto, (max-width: 516px) 100vw, 516px\" \/><\/p>\n<p>O Sindicato dos Urbanit\u00e1rios, em nome dos trabalhadores da CAERD, V\u00eam a p\u00fablico ESCLARECER a popula\u00e7\u00e3o de Porto Velho que, embora parte dos trabalhadores continue com 04 sal\u00e1rios atrasados e caminhando para o 5\u00ba m\u00eas, a categoria ainda N\u00c3O est\u00e1 em GREVE.<!--more--><\/p>\n<p>Que a falta de \u00e1gua em Porto Velho, que j\u00e1 ultrapassam 10 dias, se deu por problemas, nos sistemas de capta\u00e7\u00e3o de \u00e1gua da Santo Ant\u00f4nio e Bate Estaca;<\/p>\n<p>Que h\u00e1 meses os trabalhadores, vinham alertando a diretoria da CAERD que havia eminente risco de rompimentos destas adutoras;<\/p>\n<p>Que nos \u00faltimos 03 anos a CAERD, n\u00e3o faz manuten\u00e7\u00e3o preventiva nos sistemas de capta\u00e7\u00e3o, tratamento e distribui\u00e7\u00e3o de \u00e1gua em todo Estado;<\/p>\n<p>Que os gastos com contrata\u00e7\u00f5es irregulares de Cargos Comissionados, nos \u00faltimos 03 anos, com altos sal\u00e1rios, tem impossibilitado financeiramente a Companhia a investir na recupera\u00e7\u00e3o destes sistemas;<\/p>\n<p>Que a incompet\u00eancia da Diretoria da CAERD, em gerir os recursos do PAC\/ SANEAMENTO, tem dificultado a universaliza\u00e7\u00e3o da \u00e1gua para toda a polu\u00e7\u00e3o de Porto Velho;<\/p>\n<p>Que o sindicato n\u00e3o tem d\u00favidas, o atraso sucessivos de pagamentos dos sal\u00e1rios dos trabalhadores que j\u00e1 ultrapassam um ano, o abandono dos sistemas e a precariza\u00e7\u00e3o dos servi\u00e7os de atendimentos a popula\u00e7\u00e3o, tem um s\u00f3 objetivo: TORNAR A EMPRESA INVI\u00c1VEL, PARA JUSTIFICAR A SUA PRIVATIZA\u00c7\u00c3O;<\/p>\n<p>Finalmente esclarecer que, o sindicato realizar\u00e1 assembleias em todo o Estado, para deliberar sobre a volta a GREVE.<\/p>\n","protected":false},"excerpt":{"rendered":"<p>O Sindicato dos Urbanit\u00e1rios, em nome dos trabalhadores da CAERD, V\u00eam a p\u00fablico ESCLARECER a popula\u00e7\u00e3o de Porto Velho que, embora parte dos trabalhadores continue com 04 sal\u00e1rios atrasados e caminhando para o 5\u00ba m\u00eas, a categoria ainda N\u00c3O est\u00e1 em GREVE.<\/p>\n","protected":false},"author":1,"featured_media":0,"comment_status":"closed","ping_status":"open","sticky":false,"template":"","format":"standard","meta":{"_exactmetrics_skip_tracking":false,"_exactmetrics_sitenote_active":false,"_exactmetrics_sitenote_note":"","_exactmetrics_sitenote_category":0,"jetpack_post_was_ever_published":false,"_jetpack_newsletter_access":"","_jetpack_dont_email_post_to_subs":false,"_jetpack_newsletter_tier_id":0,"_jetpack_memberships_contains_paywalled_content":false,"_jetpack_memberships_contains_paid_content":false,"footnotes":"","jetpack_publicize_message":"","jetpack_publicize_feature_enabled":true,"jetpack_social_post_already_shared":true,"jetpack_social_options":{"image_generator_settings":{"template":"highway","enabled":false},"version":2}},"categories":[1],"tags":[],"class_list":["post-17248","post","type-post","status-publish","format-standard","hentry","category-notas"],"jetpack_publicize_connections":[],"jetpack_sharing_enabled":true,"jetpack_featured_media_url":"","jetpack_shortlink":"https:\/\/wp.me\/p7wKYW-4uc","jetpack-related-posts":[],"_links":{"self":[{"href":"http:\/\/blogdalucianaoliveira.com.br\/blog\/wp-json\/wp\/v2\/posts\/17248","targetHints":{"allow":["GET"]}}],"collection":[{"href":"http:\/\/blogdalucianaoliveira.com.br\/blog\/wp-json\/wp\/v2\/posts"}],"about":[{"href":"http:\/\/blogdalucianaoliveira.com.br\/blog\/wp-json\/wp\/v2\/types\/post"}],"author":[{"embeddable":true,"href":"http:\/\/blogdalucianaoliveira.com.br\/blog\/wp-json\/wp\/v2\/users\/1"}],"replies":[{"embeddable":true,"href":"http:\/\/blogdalucianaoliveira.com.br\/blog\/wp-json\/wp\/v2\/comments?post=17248"}],"version-history":[{"count":1,"href":"http:\/\/blogdalucianaoliveira.com.br\/blog\/wp-json\/wp\/v2\/posts\/17248\/revisions"}],"predecessor-version":[{"id":17250,"href":"http:\/\/blogdalucianaoliveira.com.br\/blog\/wp-json\/wp\/v2\/posts\/17248\/revisions\/17250"}],"wp:attachment":[{"href":"http:\/\/blogdalucianaoliveira.com.br\/blog\/wp-json\/wp\/v2\/media?parent=17248"}],"wp:term":[{"taxonomy":"category","embeddable":true,"href":"http:\/\/blogdalucianaoliveira.com.br\/blog\/wp-json\/wp\/v2\/categories?post=17248"},{"taxonomy":"post_tag","embeddable":true,"href":"http:\/\/blogdalucianaoliveira.com.br\/blog\/wp-json\/wp\/v2\/tags?post=17248"}],"curies":[{"name":"wp","href":"https:\/\/api.w.org\/{rel}","templated":true}]}}