{"id":17255,"date":"2018-03-28T17:14:16","date_gmt":"2018-03-28T21:14:16","guid":{"rendered":"http:\/\/blogdalucianaoliveira.com.br\/blog\/?p=17255"},"modified":"2018-03-28T17:14:16","modified_gmt":"2018-03-28T21:14:16","slug":"alckmin-o-santo-justifica-atentado-contra-lula-e-diz-que-pt-colhe-o-que-plantou","status":"publish","type":"post","link":"http:\/\/blogdalucianaoliveira.com.br\/blog\/2018\/03\/28\/alckmin-o-santo-justifica-atentado-contra-lula-e-diz-que-pt-colhe-o-que-plantou\/","title":{"rendered":"ALCKMIN, O &#8216;SANTO&#8217;, JUSTIFICA ATENTADO CONTRA LULA E DIZ QUE PT COLHE O QUE PLANTOU"},"content":{"rendered":"<p><img data-recalc-dims=\"1\" loading=\"lazy\" decoding=\"async\" data-attachment-id=\"17256\" data-permalink=\"http:\/\/blogdalucianaoliveira.com.br\/blog\/2018\/03\/28\/alckmin-o-santo-justifica-atentado-contra-lula-e-diz-que-pt-colhe-o-que-plantou\/san-3\/\" data-orig-file=\"https:\/\/i0.wp.com\/blogdalucianaoliveira.com.br\/blog\/wp-content\/uploads\/2018\/03\/san.jpg?fit=1000%2C357\" data-orig-size=\"1000,357\" data-comments-opened=\"0\" data-image-meta=\"{&quot;aperture&quot;:&quot;0&quot;,&quot;credit&quot;:&quot;&quot;,&quot;camera&quot;:&quot;&quot;,&quot;caption&quot;:&quot;&quot;,&quot;created_timestamp&quot;:&quot;0&quot;,&quot;copyright&quot;:&quot;&quot;,&quot;focal_length&quot;:&quot;0&quot;,&quot;iso&quot;:&quot;0&quot;,&quot;shutter_speed&quot;:&quot;0&quot;,&quot;title&quot;:&quot;&quot;,&quot;orientation&quot;:&quot;0&quot;}\" data-image-title=\"san\" data-image-description=\"\" data-image-caption=\"\" data-medium-file=\"https:\/\/i0.wp.com\/blogdalucianaoliveira.com.br\/blog\/wp-content\/uploads\/2018\/03\/san.jpg?fit=300%2C107\" data-large-file=\"https:\/\/i0.wp.com\/blogdalucianaoliveira.com.br\/blog\/wp-content\/uploads\/2018\/03\/san.jpg?fit=600%2C214\" class=\"alignnone size-full wp-image-17256\" src=\"https:\/\/i0.wp.com\/blogdalucianaoliveira.com.br\/blog\/wp-content\/uploads\/2018\/03\/san.jpg?resize=600%2C214\" alt=\"san\" width=\"600\" height=\"214\" srcset=\"https:\/\/i0.wp.com\/blogdalucianaoliveira.com.br\/blog\/wp-content\/uploads\/2018\/03\/san.jpg?w=1000 1000w, https:\/\/i0.wp.com\/blogdalucianaoliveira.com.br\/blog\/wp-content\/uploads\/2018\/03\/san.jpg?resize=300%2C107 300w, https:\/\/i0.wp.com\/blogdalucianaoliveira.com.br\/blog\/wp-content\/uploads\/2018\/03\/san.jpg?resize=768%2C274 768w, https:\/\/i0.wp.com\/blogdalucianaoliveira.com.br\/blog\/wp-content\/uploads\/2018\/03\/san.jpg?resize=800%2C286 800w\" sizes=\"auto, (max-width: 600px) 100vw, 600px\" \/><\/p>\n<p>247 \u2013 Numa postura repulsiva para um presidenci\u00e1vel, o governador Geraldo Alckmin, candidato do PSDB que \u00e9 apontado como o &#8220;santo&#8221; nas planilhas da Odebrecht, minimizou a tentativa de atentado contra a vida do ex-presidente Luiz In\u00e1cio Lula da Silva. &#8220;Acho que eles est\u00e3o colhendo o que plantaram&#8221;, disse Alckmin, que, em seus governos, permitiu que a m\u00e1quina de propaganda do governo paulista fosse utilizada para uma campanha de \u00f3dio contra Lula e o PT. Segundo o tucano, o PT &#8220;sempre partiu para dividir o Brasil, n\u00f3s contra eles&#8221; e se tornou v\u00edtima dessa polariza\u00e7\u00e3o.<!--more--><\/p>\n<p>O candidato do PSDB ao governo paulista, Jo\u00e3o Doria, tamb\u00e9m evitou repreender a tentativa de assassinato.\u00a0&#8220;O PT sempre utilizou da viol\u00eancia, agora sofreu da pr\u00f3pria viol\u00eancia&#8221;, afirmou.\u00a0&#8220;Mas n\u00e3o recomendo ovos, e sim pris\u00e3o para ele&#8221;, afirmou, segundo aponta reportagem de Anna Virginia Balloussier (leia mais\u00a0<a class=\"campsite_external_link\" href=\"https:\/\/www1.folha.uol.com.br\/poder\/2018\/03\/pt-colhe-o-que-planta-diz-alckmin-sobre-ataque-a-tiros-a-caravana-de-lula.shtml\" target=\"_blank\">aqui<\/a>).<\/p>\n","protected":false},"excerpt":{"rendered":"<p>247 \u2013 Numa postura repulsiva para um presidenci\u00e1vel, o governador Geraldo Alckmin, candidato do PSDB que \u00e9 apontado como o &#8220;santo&#8221; nas planilhas da Odebrecht, minimizou a tentativa de atentado contra a vida do ex-presidente Luiz In\u00e1cio Lula da Silva. &#8220;Acho que eles est\u00e3o colhendo o que plantaram&#8221;, disse Alckmin, que, em seus governos, permitiu&#8230;<a class=\"more-link\" href=\"http:\/\/blogdalucianaoliveira.com.br\/blog\/2018\/03\/28\/alckmin-o-santo-justifica-atentado-contra-lula-e-diz-que-pt-colhe-o-que-plantou\/\">Continue a leitura <span class=\"meta-nav\">&raquo;<\/span><\/a><\/p>\n","protected":false},"author":1,"featured_media":0,"comment_status":"closed","ping_status":"open","sticky":false,"template":"","format":"standard","meta":{"_exactmetrics_skip_tracking":false,"_exactmetrics_sitenote_active":false,"_exactmetrics_sitenote_note":"","_exactmetrics_sitenote_category":0,"jetpack_post_was_ever_published":false,"_jetpack_newsletter_access":"","_jetpack_dont_email_post_to_subs":false,"_jetpack_newsletter_tier_id":0,"_jetpack_memberships_contains_paywalled_content":false,"_jetpack_memberships_contains_paid_content":false,"footnotes":"","jetpack_publicize_message":"","jetpack_publicize_feature_enabled":true,"jetpack_social_post_already_shared":true,"jetpack_social_options":{"image_generator_settings":{"template":"highway","enabled":false},"version":2}},"categories":[1],"tags":[],"class_list":["post-17255","post","type-post","status-publish","format-standard","hentry","category-notas"],"jetpack_publicize_connections":[],"jetpack_sharing_enabled":true,"jetpack_featured_media_url":"","jetpack_shortlink":"https:\/\/wp.me\/p7wKYW-4uj","jetpack-related-posts":[],"_links":{"self":[{"href":"http:\/\/blogdalucianaoliveira.com.br\/blog\/wp-json\/wp\/v2\/posts\/17255","targetHints":{"allow":["GET"]}}],"collection":[{"href":"http:\/\/blogdalucianaoliveira.com.br\/blog\/wp-json\/wp\/v2\/posts"}],"about":[{"href":"http:\/\/blogdalucianaoliveira.com.br\/blog\/wp-json\/wp\/v2\/types\/post"}],"author":[{"embeddable":true,"href":"http:\/\/blogdalucianaoliveira.com.br\/blog\/wp-json\/wp\/v2\/users\/1"}],"replies":[{"embeddable":true,"href":"http:\/\/blogdalucianaoliveira.com.br\/blog\/wp-json\/wp\/v2\/comments?post=17255"}],"version-history":[{"count":1,"href":"http:\/\/blogdalucianaoliveira.com.br\/blog\/wp-json\/wp\/v2\/posts\/17255\/revisions"}],"predecessor-version":[{"id":17257,"href":"http:\/\/blogdalucianaoliveira.com.br\/blog\/wp-json\/wp\/v2\/posts\/17255\/revisions\/17257"}],"wp:attachment":[{"href":"http:\/\/blogdalucianaoliveira.com.br\/blog\/wp-json\/wp\/v2\/media?parent=17255"}],"wp:term":[{"taxonomy":"category","embeddable":true,"href":"http:\/\/blogdalucianaoliveira.com.br\/blog\/wp-json\/wp\/v2\/categories?post=17255"},{"taxonomy":"post_tag","embeddable":true,"href":"http:\/\/blogdalucianaoliveira.com.br\/blog\/wp-json\/wp\/v2\/tags?post=17255"}],"curies":[{"name":"wp","href":"https:\/\/api.w.org\/{rel}","templated":true}]}}