{"id":17258,"date":"2018-03-28T17:16:57","date_gmt":"2018-03-28T21:16:57","guid":{"rendered":"http:\/\/blogdalucianaoliveira.com.br\/blog\/?p=17258"},"modified":"2018-03-28T17:16:57","modified_gmt":"2018-03-28T21:16:57","slug":"ameacas-no-stf-e-tiros-a-onibus-de-lula-colocam-brasil-em-espiral-intimidatoria","status":"publish","type":"post","link":"http:\/\/blogdalucianaoliveira.com.br\/blog\/2018\/03\/28\/ameacas-no-stf-e-tiros-a-onibus-de-lula-colocam-brasil-em-espiral-intimidatoria\/","title":{"rendered":"Amea\u00e7as no STF e tiros a \u00f4nibus de Lula colocam Brasil em espiral intimidat\u00f3ria"},"content":{"rendered":"<p><img data-recalc-dims=\"1\" loading=\"lazy\" decoding=\"async\" data-attachment-id=\"17259\" data-permalink=\"http:\/\/blogdalucianaoliveira.com.br\/blog\/2018\/03\/28\/ameacas-no-stf-e-tiros-a-onibus-de-lula-colocam-brasil-em-espiral-intimidatoria\/fa-3\/\" data-orig-file=\"https:\/\/i0.wp.com\/blogdalucianaoliveira.com.br\/blog\/wp-content\/uploads\/2018\/03\/fa-1.jpg?fit=1960%2C1095\" data-orig-size=\"1960,1095\" data-comments-opened=\"0\" data-image-meta=\"{&quot;aperture&quot;:&quot;0&quot;,&quot;credit&quot;:&quot;&quot;,&quot;camera&quot;:&quot;&quot;,&quot;caption&quot;:&quot;&quot;,&quot;created_timestamp&quot;:&quot;0&quot;,&quot;copyright&quot;:&quot;&quot;,&quot;focal_length&quot;:&quot;0&quot;,&quot;iso&quot;:&quot;0&quot;,&quot;shutter_speed&quot;:&quot;0&quot;,&quot;title&quot;:&quot;&quot;,&quot;orientation&quot;:&quot;0&quot;}\" data-image-title=\"fa\" data-image-description=\"\" data-image-caption=\"\" data-medium-file=\"https:\/\/i0.wp.com\/blogdalucianaoliveira.com.br\/blog\/wp-content\/uploads\/2018\/03\/fa-1.jpg?fit=300%2C168\" data-large-file=\"https:\/\/i0.wp.com\/blogdalucianaoliveira.com.br\/blog\/wp-content\/uploads\/2018\/03\/fa-1.jpg?fit=600%2C335\" class=\"alignnone size-full wp-image-17259\" src=\"https:\/\/i0.wp.com\/blogdalucianaoliveira.com.br\/blog\/wp-content\/uploads\/2018\/03\/fa-1.jpg?resize=600%2C335\" alt=\"fa\" width=\"600\" height=\"335\" srcset=\"https:\/\/i0.wp.com\/blogdalucianaoliveira.com.br\/blog\/wp-content\/uploads\/2018\/03\/fa-1.jpg?w=1960 1960w, https:\/\/i0.wp.com\/blogdalucianaoliveira.com.br\/blog\/wp-content\/uploads\/2018\/03\/fa-1.jpg?resize=300%2C168 300w, https:\/\/i0.wp.com\/blogdalucianaoliveira.com.br\/blog\/wp-content\/uploads\/2018\/03\/fa-1.jpg?resize=768%2C429 768w, https:\/\/i0.wp.com\/blogdalucianaoliveira.com.br\/blog\/wp-content\/uploads\/2018\/03\/fa-1.jpg?resize=1024%2C572 1024w, https:\/\/i0.wp.com\/blogdalucianaoliveira.com.br\/blog\/wp-content\/uploads\/2018\/03\/fa-1.jpg?resize=537%2C300 537w, https:\/\/i0.wp.com\/blogdalucianaoliveira.com.br\/blog\/wp-content\/uploads\/2018\/03\/fa-1.jpg?w=1200 1200w, https:\/\/i0.wp.com\/blogdalucianaoliveira.com.br\/blog\/wp-content\/uploads\/2018\/03\/fa-1.jpg?w=1800 1800w\" sizes=\"auto, (max-width: 600px) 100vw, 600px\" \/><\/p>\n<p>No El Pa\u00eds &#8211; Faz s\u00f3 duas semanas que o Brasil parou\u00a0<a href=\"https:\/\/brasil.elpais.com\/brasil\/2018\/03\/15\/politica\/1521080376_531337.html\" target=\"_blank\">estarrecido diante do assassinato<\/a>\u00a0da vereadora\u00a0<a href=\"https:\/\/brasil.elpais.com\/tag\/caso_marielle_franco\/a\" target=\"_blank\">Marielle Franco<\/a>, no Rio de Janeiro, com quatro tiros que estouraram a sua cabe\u00e7a. Agora, a execu\u00e7\u00e3o da pol\u00edtica do PSOL e do motorista Anderson Gomes parecem ser apenas mais um epis\u00f3dio dentro da escalada de viol\u00eancia e intimida\u00e7\u00f5es em que o pa\u00eds mergulhou nas \u00faltimas semanas. Nesta ter\u00e7a, tr\u00eas disparos de arma de fogo atingiram dois dos tr\u00eas \u00f4nibus da caravana do ex-presidente Lula pelos Estados do sul do Brasil, entre os munic\u00edpios de Quedas do Igua\u00e7u e Laranjeiras do Sul, no Paran\u00e1. As balas danificaram a lataria dos \u00f4nibus mas n\u00e3o atingiram ningu\u00e9m. O ex-presidente n\u00e3o estava em nenhum dos \u00f4nibus atingidos.<!--more--><\/p>\n<div id=\"elpais_gpt-INTEXT\" data-google-query-id=\"CO6Xwob4j9oCFYoWhgodd4cIMA\"><\/div>\n<p>Poucas horas antes, o ministro do\u00a0<a href=\"https:\/\/brasil.elpais.com\/tag\/stf_supremo_tribunal_federal\/a\" target=\"_blank\">Supremo Tribunal Federal (STF)<\/a>\u00a0e relator da opera\u00e7\u00e3o Lava Jato,\u00a0<a href=\"https:\/\/brasil.elpais.com\/tag\/luiz_edson_fachin\/a\" target=\"_blank\">Edson Fachin<\/a>, disse em entrevista \u00e0\u00a0<em>Globo News<\/em>, que ele e sua fam\u00edlia est\u00e3o sofrendo amea\u00e7as, embora n\u00e3o tenha especificado o teor das intimida\u00e7\u00f5es. As amea\u00e7as ocorreram h\u00e1 tr\u00eas semanas e, desde ent\u00e3o, a seguran\u00e7a de Fachin come\u00e7ou a ser refor\u00e7ada. \u201cNos dias atuais uma das preocupa\u00e7\u00f5es que tenho n\u00e3o \u00e9 s\u00f3 com julgamentos, mas tamb\u00e9m com seguran\u00e7a de membros de minha fam\u00edlia\u201d, disse o ministro ao jornalista Roberto D&#8217;\u00c1vila.<\/p>\n<p>A caravana de Lula, por sua vez,\u00a0<a href=\"https:\/\/brasil.elpais.com\/brasil\/2018\/03\/26\/album\/1522090654_351202.html#foto_gal_8\" target=\"_blank\">j\u00e1 vinha experimentando um clima de hostilidade<\/a>, com o bloqueio de acesso a algumas \u00e1reas, barricadas, ovos e at\u00e9 pedras arremessados contra Lula e sua milit\u00e2ncia. Nesta segunda-feira, a equipe do ex-presidente foi flagrada em uma cena censur\u00e1vel: um seguran\u00e7a de Lula agrediu o jornalista Sergio Roxo, do jornal\u00a0<em>O Globo<\/em>\u00a0quando ele filmava com o celular cenas de protestos contra a caravana.<\/p>\n<p>Mas os tiros inesperados aumentaram o fogo do caldeir\u00e3o em que o pa\u00eds se meteu neste ano eleitoral, ainda imerso na polariza\u00e7\u00e3o pol\u00edtica. Desde que o ex-presidente,\u00a0<a href=\"https:\/\/brasil.elpais.com\/brasil\/2018\/01\/31\/politica\/1517399782_176018.html\" target=\"_blank\">que lidera as pesquisas de inten\u00e7\u00e3o de voto<\/a>, foi condenado\u00a0<a href=\"https:\/\/brasil.elpais.com\/brasil\/2018\/01\/24\/politica\/1516809323_182675.html\" target=\"_blank\">a 12 anos e um m\u00eas de pris\u00e3o no Tribunal Regional Federal da Regi\u00e3o 4 em (TRF-4)<\/a>, em janeiro por corrup\u00e7\u00e3o e lavagem de dinheiro no caso do triplex do Guaruj\u00e1, o partido\u00a0<a href=\"https:\/\/brasil.elpais.com\/brasil\/2018\/01\/24\/politica\/1516804650_811646.html\" target=\"_blank\">decidiu mant\u00ea-lo como pr\u00e9-candidato<\/a>. O gesto tem sido visto como uma afronta pelos antipetistas que fazem quest\u00e3o de hostiliz\u00e1-lo publicamente. As cenas filmadas da chuva de ovos atirada contra a caravana mostram bem essa realidade.<\/p>\n<p>O Supremo, por outro lado, vive os reflexos da polariza\u00e7\u00e3o mais radical com\u00a0<a href=\"https:\/\/brasil.elpais.com\/brasil\/2018\/03\/22\/politica\/1521729755_637601.html\" target=\"_blank\">o julgamento do\u00a0<em>habeas corpus<\/em>\u00a0de Lula<\/a>, marcado para o dia 4 pr\u00f3ximo. Se a Corte acatar o pedido da defesa do petista, poderia livr\u00e1-lo da pris\u00e3o no caso do triplex do Guaruj\u00e1. A press\u00e3o aumentou, seja por amea\u00e7as veladas como as relatadas por Fachin, mas tamb\u00e9m em coment\u00e1rios p\u00fablicos, como o tu\u00edte do general Paulo Chagas, que faz um alerta ao STF. \u201cCumpro o dever c\u00edvico e crist\u00e3o de alert\u00e1-los para o risco de brincar com a passividade do povo e com a paci\u00eancia de quem, em sil\u00eancio, apenas observa e avalia, porque, quando o futuro e a seguran\u00e7a da Na\u00e7\u00e3o est\u00e3o em jogo, tanto quanto o sil\u00eancio do lobo, a passividade pode, num repente, dar lugar \u00e0 c\u00f3lera das multid\u00f5es\u201d, afirmou. Tamb\u00e9m o grupo Movimento Brasil Livre tem feito convocat\u00f3rias para protestos no dia 3, sob o lema &#8220;Ou voc\u00ea vai, ou ele [Lula] volta&#8221;.<\/p>\n<h3>Rea\u00e7\u00f5es sob clima belicoso e eleitoral<\/h3>\n<p>Na noite de ter\u00e7a, o ministro da Seguran\u00e7a P\u00fablica, Raul Jungmann, foi o primeiro do staff do Governo Temer a repudiar os tiros \u00e0 caravana petista. \u201cIsso \u00e9 absolutamente antidemocr\u00e1tico\u201d, disse em uma entrevista coletiva em Bras\u00edlia afirmando que n\u00e3o se pode \u201cadmitir confrontos\u201d. Nesta quarta, foi a vez do pr\u00f3prio presidente\u00a0<a href=\"https:\/\/twitter.com\/MichelTemer\/status\/978993723102060555\" target=\"_blank\">Michel Temer se manifestar pelas redes sociais. \u201cLamento o que aconteceu com a caravana<\/a>\u00a0do ex-presidente Lula. Desde quando assumi o governo, venho dizendo que n\u00f3s precisamos reunificar os brasileiros. Precisamos pacificar o Pa\u00eds. Essa onda de viol\u00eancia, esse clima de \u2018uns contra outros\u2019 n\u00e3o pode continuar\u201d, escreveu ele, mencionando o jarg\u00e3o adotado por Lula do \u201cn\u00f3s contra eles\u201d, que inflama ainda mais a divis\u00e3o do pa\u00eds.<\/p>\n<section id=\"sumario_2|foto\" class=\"sumario_foto izquierda\"><a name=\"sumario_2\"><\/a><\/p>\n<div class=\"sumario__interior\">\n<figure class=\"foto foto_w360\"><img data-recalc-dims=\"1\" loading=\"lazy\" decoding=\"async\" src=\"https:\/\/i0.wp.com\/ep01.epimg.net\/brasil\/imagenes\/2018\/03\/28\/politica\/1522246580_512544_1522254891_sumario_normal.jpg?resize=360%2C480&#038;ssl=1\" srcset=\"\/\/ep01.epimg.net\/brasil\/imagenes\/2018\/03\/28\/politica\/1522246580_512544_1522254891_sumario_normal_recorte1.jpg 720w, \/\/ep01.epimg.net\/brasil\/imagenes\/2018\/03\/28\/politica\/1522246580_512544_1522254891_sumario_normal.jpg 360w\" alt=\"Foto de um dos buracos deixados pelos tiros em um dos \u00f4nibus.\" width=\"360\" height=\"480\" \/><figcaption class=\"foto-pie\"><span class=\"foto-texto\">Foto de um dos buracos deixados pelos tiros em um dos \u00f4nibus.<\/span><\/figcaption><\/figure>\n<div class=\"sumario-texto\"><\/div>\n<\/div>\n<\/section>\n<p>O clima belicoso \u2013 e eleitoral \u2013 tamb\u00e9m abriu espa\u00e7o para declara\u00e7\u00f5es infelizes, como a do governador e pr\u00e9-candidato\u00a0<a href=\"https:\/\/brasil.elpais.com\/tag\/geraldo_alckmin\/a\" target=\"_blank\">Geraldo Alckmin (PSDB)<\/a>\u00a0que afirmou na noite de ter\u00e7a que com os tiros \u00e0 caravana \u201c<a href=\"https:\/\/www1.folha.uol.com.br\/poder\/2018\/03\/pt-colhe-o-que-planta-diz-alckmin-sobre-ataque-a-tiros-a-caravana-de-lula.shtml\" target=\"_blank\">o PT colhe o que plantaram\u201d<\/a>. A frase foi lida como a legitima\u00e7\u00e3o da viol\u00eancia que poderia ter matado integrantes da comitiva al\u00e9m dos jornalistas que acompanham a carreata, e que estavam no \u00f4nibus atingido pelos disparos. O prefeito de S\u00e3o Paulo e pr\u00e9-candidato ao governo paulista<a href=\"https:\/\/brasil.elpais.com\/tag\/joao_agripino_da_costa_doria_junior\/a\" target=\"_blank\">,Jo\u00e3o Doria (PSDB)<\/a>, seguiu na mesma linha ao afirmar que \u201co PT sempre utilizou de viol\u00eancia, agora sofreu da pr\u00f3pria viol\u00eancia\u201d.<\/p>\n<p>O mal-estar com a frase dos dois tucanos foi a deixa para que outros pol\u00edticos moldassem os discursos desta quarta. De Henrique Meirelles, ministro da Fazenda e potencial pr\u00e9-candidato, ao pr\u00f3prio Alckmin e Ciro Gomes (PDT), se manifestaram pelas redes sociais repudiando os tiros. \u201cToda forma de viol\u00eancia tem que ser condenada. \u00c9 papel das autoridades apurar e punir os tiros contra a caravana do PT. E \u00e9 papel de homens p\u00fablicos pregar a paz e a uni\u00e3o entre os brasileiros. O pa\u00eds est\u00e1 cansado de divis\u00e3o e da convoca\u00e7\u00e3o ao conflito\u201d, escreveu Alckmin no twitter. Marina Silva, da Rede, Guilherme Boulous, do PSOL, j\u00e1 haviam se posicionado apontando a gravidade dos disparos na pr\u00f3pria ter\u00e7a. O sil\u00eancio de Jair Bolsonaro tamb\u00e9m foi notado diante da gravidade dos fatos.<\/p>\n<h3><em>&#8220;Bang bang&#8221;<\/em><\/h3>\n<p dir=\"ltr\">A caravana do ex-presidente Lula come\u00e7ou a percorrer o pa\u00eds em agosto do ano passado,\u00a0<a href=\"https:\/\/brasil.elpais.com\/brasil\/2017\/09\/03\/politica\/1504471622_588529.html\" target=\"_blank\">a partir da regi\u00e3o Nordeste<\/a>. Depois disso, o pr\u00e9-candidato e sua milit\u00e2ncia passaram por Minas Gerais, Rio de Janeiro e agora percorrem a regi\u00e3o Sul. Tr\u00eas \u00f4nibus formam o comboio pelas estradas. Olhando de fora, n\u00e3o \u00e9 poss\u00edvel saber em qual deles Lula est\u00e1.<\/p>\n<p dir=\"ltr\">Os Estados do sul, onde o ex-presidente t\u00eam o menor percentual de inten\u00e7\u00f5es de voto &#8211; cerca de 20%, de acordo com a \u00faltima pesquisa Datafolha, contra 37% no \u00e2mbito nacional \u2013, foi a que mais registrou cenas de tens\u00e3o e hostilidade contra a caravana.<\/p>\n<p dir=\"ltr\">No momento em que os \u00f4nibus foram alvejados, n\u00e3o havia nenhuma manifesta\u00e7\u00e3o ocorrendo. Antes dos disparos, um dos \u00f4nibus passou por cima de alguns\u00a0<em>miguelitos<\/em>, esp\u00e9cie de estrelas de prego. Os pneus foram furados, o que fez com que a velocidade fosse reduzida, e ent\u00e3o os disparos aconteceram. A sequ\u00eancia dos fatos refor\u00e7a a tese da milit\u00e2ncia de que a caravana foi alvo de uma emboscada. \u201cPodemos dizer isso claramente\u201d, disse a senadora Gleisi Hoffmann (PT-PR), que acompanhava a viagem. A jornalista Eleonora de Lucena, que estava num dos \u00f4nibus alvejados, classificou o epis\u00f3dio como um \u201catentado\u201d. &#8220;A escalada fascista subiu mais um degrau. Grupos ultradireitistas n\u00e3o enxergam limites&#8221;, escreveu ela na\u00a0<em>Folha de S. Paulo<\/em>.<\/p>\n<p dir=\"ltr\">Na busca pelos autores dos disparos, o PT e a Secretaria de Seguran\u00e7a P\u00fablica do Paran\u00e1 atribuem a responsabilidade um ao outro. Gleisi Hoffmann disse que mandaram \u201cas informa\u00e7\u00f5es [sobre a caravana] ao governo do Estado do Paran\u00e1 e falamos com o comando da Pol\u00edcia Militar\u201d. Mas a secretaria de Seguran\u00e7a informou que \u201cn\u00e3o houve pedido formal de escolta da caravana do ex-presidente e no o pr\u00f3prio ex-presidente, embora ele tenha esta prerrogativa\u201d. Diz ainda que houve \u201caltera\u00e7\u00e3o, por parte dos organizadores da caravana, do roteiro e do cronograma que foram informados previamente \u00e0s for\u00e7as de seguran\u00e7a do Estado\u201d.<\/p>\n<p dir=\"ltr\">A Secretaria de Seguran\u00e7a P\u00fablica do Paran\u00e1 informou, por meio de nota, que ser\u00e1 feita uma per\u00edcia no \u00f4nibus e \u201cse constatado um disparo de arma de fogo, ser\u00e1 aberto um inqu\u00e9rito policial para apurar os fatos\u201d. Mas o delegado de Laranjeiras do Sul, onde ocorreu o incidente, afirmou ao jornal\u00a0<em>O Globo<\/em>\u00a0que vai tratar o caso como \u201ctentativa de homic\u00eddio\u201d. Ele acredita que ao menos duas pessoas participaram da a\u00e7\u00e3o, j\u00e1 que h\u00e1 tiros dos dois lados de um mesmo \u00f4nibus.<\/p>\n<p dir=\"ltr\">Hoffmann tamb\u00e9m diz que enviou ao ministro Raul Jungmann um of\u00edcio da caravana pedindo apoio e seguran\u00e7a. A informa\u00e7\u00e3o n\u00e3o foi confirmada e nem desmentida pela assessoria de imprensa do minist\u00e9rio at\u00e9 o fechamento desta reportagem. \u201cO fato \u00e9 que n\u00e3o temos prote\u00e7\u00e3o\u201d, afirmou a senadora. \u201cVamos deixar se transformar nisso a pol\u00edtica? Vai virar um\u00a0<em>bang bang<\/em>? N\u00f3s poder\u00edamos ter uma pessoa morta ou mais aqui\u201d.<\/p>\n<p>O encerramento da caravana ser\u00e1 nesta quarta-feira em Curitiba, sede da Justi\u00e7a Federal do Paran\u00e1, esp\u00e9cie de quartel-general da primeira inst\u00e2ncia da Opera\u00e7\u00e3o Lava Jato. Por coincid\u00eancia, o deputado pr\u00e9-candidato Jair Bolsonaro tamb\u00e9m ter\u00e1 compromisso na capital paranaense na mesma data. Outros pr\u00e9-candidatos da esquerda \u00e0 presid\u00eancia, Guilherme Boulos (PSOL) e Manuela D\u2019\u00c1vila (PCdoB) confirmaram que estar\u00e3o com Lula no ato final em apoio ao petista depois do ocorrido. A Pol\u00edcia Militar afirma que refor\u00e7ou o policiamento em todos os locais indicados pelos representantes da caravana.<\/p>\n<p class=\"nota_pie\">Colaborou\u00a0<strong>Afonso Benites,<\/strong>\u00a0de Bras\u00edlia.<\/p>\n","protected":false},"excerpt":{"rendered":"<p>No El Pa\u00eds &#8211; Faz s\u00f3 duas semanas que o Brasil parou\u00a0estarrecido diante do assassinato\u00a0da vereadora\u00a0Marielle Franco, no Rio de Janeiro, com quatro tiros que estouraram a sua cabe\u00e7a. Agora, a execu\u00e7\u00e3o da pol\u00edtica do PSOL e do motorista Anderson Gomes parecem ser apenas mais um epis\u00f3dio dentro da escalada de viol\u00eancia e intimida\u00e7\u00f5es em&#8230;<a class=\"more-link\" href=\"http:\/\/blogdalucianaoliveira.com.br\/blog\/2018\/03\/28\/ameacas-no-stf-e-tiros-a-onibus-de-lula-colocam-brasil-em-espiral-intimidatoria\/\">Continue a leitura <span class=\"meta-nav\">&raquo;<\/span><\/a><\/p>\n","protected":false},"author":1,"featured_media":0,"comment_status":"closed","ping_status":"open","sticky":false,"template":"","format":"standard","meta":{"_exactmetrics_skip_tracking":false,"_exactmetrics_sitenote_active":false,"_exactmetrics_sitenote_note":"","_exactmetrics_sitenote_category":0,"jetpack_post_was_ever_published":false,"_jetpack_newsletter_access":"","_jetpack_dont_email_post_to_subs":false,"_jetpack_newsletter_tier_id":0,"_jetpack_memberships_contains_paywalled_content":false,"_jetpack_memberships_contains_paid_content":false,"footnotes":"","jetpack_publicize_message":"","jetpack_publicize_feature_enabled":true,"jetpack_social_post_already_shared":true,"jetpack_social_options":{"image_generator_settings":{"template":"highway","enabled":false},"version":2}},"categories":[1],"tags":[],"class_list":["post-17258","post","type-post","status-publish","format-standard","hentry","category-notas"],"jetpack_publicize_connections":[],"jetpack_sharing_enabled":true,"jetpack_featured_media_url":"","jetpack_shortlink":"https:\/\/wp.me\/p7wKYW-4um","jetpack-related-posts":[],"_links":{"self":[{"href":"http:\/\/blogdalucianaoliveira.com.br\/blog\/wp-json\/wp\/v2\/posts\/17258","targetHints":{"allow":["GET"]}}],"collection":[{"href":"http:\/\/blogdalucianaoliveira.com.br\/blog\/wp-json\/wp\/v2\/posts"}],"about":[{"href":"http:\/\/blogdalucianaoliveira.com.br\/blog\/wp-json\/wp\/v2\/types\/post"}],"author":[{"embeddable":true,"href":"http:\/\/blogdalucianaoliveira.com.br\/blog\/wp-json\/wp\/v2\/users\/1"}],"replies":[{"embeddable":true,"href":"http:\/\/blogdalucianaoliveira.com.br\/blog\/wp-json\/wp\/v2\/comments?post=17258"}],"version-history":[{"count":1,"href":"http:\/\/blogdalucianaoliveira.com.br\/blog\/wp-json\/wp\/v2\/posts\/17258\/revisions"}],"predecessor-version":[{"id":17260,"href":"http:\/\/blogdalucianaoliveira.com.br\/blog\/wp-json\/wp\/v2\/posts\/17258\/revisions\/17260"}],"wp:attachment":[{"href":"http:\/\/blogdalucianaoliveira.com.br\/blog\/wp-json\/wp\/v2\/media?parent=17258"}],"wp:term":[{"taxonomy":"category","embeddable":true,"href":"http:\/\/blogdalucianaoliveira.com.br\/blog\/wp-json\/wp\/v2\/categories?post=17258"},{"taxonomy":"post_tag","embeddable":true,"href":"http:\/\/blogdalucianaoliveira.com.br\/blog\/wp-json\/wp\/v2\/tags?post=17258"}],"curies":[{"name":"wp","href":"https:\/\/api.w.org\/{rel}","templated":true}]}}