{"id":17261,"date":"2018-03-28T20:57:53","date_gmt":"2018-03-29T00:57:53","guid":{"rendered":"http:\/\/blogdalucianaoliveira.com.br\/blog\/?p=17261"},"modified":"2018-03-28T21:03:07","modified_gmt":"2018-03-29T01:03:07","slug":"os-brasileiros-mais-pobres-sao-a-maior-resistencia-a-candidatura-bolsonaro","status":"publish","type":"post","link":"http:\/\/blogdalucianaoliveira.com.br\/blog\/2018\/03\/28\/os-brasileiros-mais-pobres-sao-a-maior-resistencia-a-candidatura-bolsonaro\/","title":{"rendered":"OS BRASILEIROS MAIS POBRES S\u00c3O A MAIOR RESIST\u00caNCIA \u00c0 CANDIDATURA BOLSONARO"},"content":{"rendered":"<p><img data-recalc-dims=\"1\" loading=\"lazy\" decoding=\"async\" data-attachment-id=\"17262\" data-permalink=\"http:\/\/blogdalucianaoliveira.com.br\/blog\/2018\/03\/28\/os-brasileiros-mais-pobres-sao-a-maior-resistencia-a-candidatura-bolsonaro\/poi\/\" data-orig-file=\"https:\/\/i0.wp.com\/blogdalucianaoliveira.com.br\/blog\/wp-content\/uploads\/2018\/03\/poi.jpg?fit=1440%2C720\" data-orig-size=\"1440,720\" data-comments-opened=\"0\" data-image-meta=\"{&quot;aperture&quot;:&quot;0&quot;,&quot;credit&quot;:&quot;&quot;,&quot;camera&quot;:&quot;&quot;,&quot;caption&quot;:&quot;&quot;,&quot;created_timestamp&quot;:&quot;0&quot;,&quot;copyright&quot;:&quot;&quot;,&quot;focal_length&quot;:&quot;0&quot;,&quot;iso&quot;:&quot;0&quot;,&quot;shutter_speed&quot;:&quot;0&quot;,&quot;title&quot;:&quot;&quot;,&quot;orientation&quot;:&quot;0&quot;}\" data-image-title=\"poi\" data-image-description=\"\" data-image-caption=\"\" data-medium-file=\"https:\/\/i0.wp.com\/blogdalucianaoliveira.com.br\/blog\/wp-content\/uploads\/2018\/03\/poi.jpg?fit=300%2C150\" data-large-file=\"https:\/\/i0.wp.com\/blogdalucianaoliveira.com.br\/blog\/wp-content\/uploads\/2018\/03\/poi.jpg?fit=600%2C300\" class=\"alignnone size-full wp-image-17262\" src=\"https:\/\/i0.wp.com\/blogdalucianaoliveira.com.br\/blog\/wp-content\/uploads\/2018\/03\/poi.jpg?resize=600%2C300\" alt=\"poi\" width=\"600\" height=\"300\" srcset=\"https:\/\/i0.wp.com\/blogdalucianaoliveira.com.br\/blog\/wp-content\/uploads\/2018\/03\/poi.jpg?w=1440 1440w, https:\/\/i0.wp.com\/blogdalucianaoliveira.com.br\/blog\/wp-content\/uploads\/2018\/03\/poi.jpg?resize=300%2C150 300w, https:\/\/i0.wp.com\/blogdalucianaoliveira.com.br\/blog\/wp-content\/uploads\/2018\/03\/poi.jpg?resize=768%2C384 768w, https:\/\/i0.wp.com\/blogdalucianaoliveira.com.br\/blog\/wp-content\/uploads\/2018\/03\/poi.jpg?resize=1024%2C512 1024w, https:\/\/i0.wp.com\/blogdalucianaoliveira.com.br\/blog\/wp-content\/uploads\/2018\/03\/poi.jpg?resize=600%2C300 600w, https:\/\/i0.wp.com\/blogdalucianaoliveira.com.br\/blog\/wp-content\/uploads\/2018\/03\/poi.jpg?w=1200 1200w\" sizes=\"auto, (max-width: 600px) 100vw, 600px\" \/><\/p>\n<p>No The Intercept &#8211;\u00a0<u>NO DIA SEGUINTE<\/u>\u00a0ao primeiro turno da elei\u00e7\u00e3o de 2014, quando Dilma Rousseff e A\u00e9cio Neves se classificaram \u00e0 final\u00edssima, participei ao lado do jornalista Josias de Souza de uma\u00a0<a href=\"https:\/\/eleicoes.uol.com.br\/2014\/noticias\/2014\/10\/06\/fhc-pt-cresceu-nos-grotoes-porque-tem-voto-dos-pobres-menos-informados.htm\" target=\"_blank\">entrevista com Fernando Henrique Cardoso<\/a>. Pedimos ao ex-presidente uma an\u00e1lise, com timbre mais de soci\u00f3logo do que de dirigente pol\u00edtico, sobre a vota\u00e7\u00e3o massiva da petista entre o eleitorado de menor renda.<!--more--><\/p>\n<p>FHC, pr\u00f3-A\u00e9cio, respondeu: \u201cO PT est\u00e1 fincado nos menos informados, que coincide de ser os mais pobres. N\u00e3o \u00e9 porque s\u00e3o pobres que apoiam o PT, \u00e9 porque s\u00e3o menos informados\u201d.<\/p>\n<p>Fernando Henrique enfatizou que a opini\u00e3o n\u00e3o expressava menosprezo.<\/p>\n<p>Quatro anos mais tarde, os brasileiros mais pobres, ou \u201cmenos informados\u201d, impediriam Jair Bolsonaro de se tornar presidente. Se dependesse dos mais ricos, ou \u201cmais informados\u201d, o deputado de extrema-direita venceria hoje a elei\u00e7\u00e3o.<\/p>\n<p>Em tr\u00eas simula\u00e7\u00f5es de segundo turno<a href=\"http:\/\/media.folha.uol.com.br\/datafolha\/2018\/01\/31\/62d85b7b11e52c8fccbb96bcd5ca71b9.pdf\" target=\"_blank\">\u00a0da pesquisa mais recente do Datafolha<\/a>\u00a0com a presen\u00e7a de Bolsonaro, ele prevaleceu no segmento de eleitores com renda familiar mensal de dez sal\u00e1rios m\u00ednimos (R$ 9.540) para cima. Superou Lula por 43% a 32%. Marina Silva, por 42% a 34%. Geraldo Alckmin, por 38% a 31%.<\/p>\n<p>No entanto, malogrou entre os entrevistados com renda familiar de at\u00e9 dois sal\u00e1rios m\u00ednimos (R$ 1.908): perdeu de Lula, um passeio de 60% a 25%. De Marina, por 46% a 26%. De Alckmin, por 36% a 28%.<\/p>\n<p>Na amostra do instituto, os eleitores com renda familiar at\u00e9 dois sal\u00e1rios corresponderam a 47%. A partir de dez sal\u00e1rios, a 4%. O IBGE calcula que metade dos brasileiros<a href=\"https:\/\/odia.ig.com.br\/_conteudo\/economia\/2017-11-29\/ibge-metade-da-populacao-brasileira-vive-com-menos-de-um-salario-minimo.html\" target=\"_blank\">\u00a0sobrevive com renda individual mensal inferior a um sal\u00e1rio m\u00ednimo<\/a>.<\/p>\n<p>Como a estrutura da renda e da riqueza \u00e9 piramidal, h\u00e1 muito mais votos de quem ganha menos do que de quem ganha mais. Na pesquisa do finzinho de janeiro, Lula derrotou Bolsonaro na soma geral, 49% a 32%. O extremista ficou dez pontos atr\u00e1s de Marina, 32% a 42%. E alcan\u00e7ou empate t\u00e9cnico com Alckmin: 35% para o governador, 33% para o deputado.<\/p>\n<p>A tend\u00eancia se manteve quando considerada a escolaridade. Entre os entrevistados com ensino fundamental, Lula beira o triplo da inten\u00e7\u00e3o de votos de Bolsonaro (61% a 23%). Contabilizando apenas os com ensino superior, o petista \u00e9 sobrepujado por 40% a 34%.<\/p>\n<blockquote class=\"stylized pull-none\" data-shortcode-type=\"pullquote\" data-pull=\"none\"><p>Caso a Justi\u00e7a confirme a proibi\u00e7\u00e3o de Lula concorrer, Bolsonaro seria o principal ou um dos principais candidatos beneficiados.<\/p><\/blockquote>\n<p>Esse \u00e9 o retrato de momento, ou de dois meses atr\u00e1s. Lula \u00e9 o candidato com mais chances de frustrar a empreitada fascistoide encarnada por Bolsonaro. Nos cinco cen\u00e1rios de primeiro turno que incluem os dois, s\u00e3o eles os contendores que passam ao \u00faltimo round.<\/p>\n<p>Caso a Justi\u00e7a confirme a proibi\u00e7\u00e3o de Lula concorrer, Bolsonaro seria o principal ou um dos principais candidatos beneficiados. Tal afirma\u00e7\u00e3o n\u00e3o constitui opini\u00e3o. \u00c9 fato, evidencia o Datafolha. Nas quatro simula\u00e7\u00f5es de primeiro turno sem Lula, Bolsonaro lidera tr\u00eas e empata uma, no limite, com Marina (ele registra 21%; ela, 17%). Com Lula no jogo, o deputado perde o primeiro lugar.<\/p>\n<p style=\"text-align: left;\">Se n\u00e3o fossem os \u201cmenos informados\u201d, o risco \u00e0 democracia seria ainda maior. \u00c9 curioso ouvir que os brasileiros pobres impulsionam Bolsonaro. Sucede o contr\u00e1rio: eles concentram a resist\u00eancia civilizat\u00f3ria \u00e0 selvageria representada pelo capit\u00e3o\u00a0<a href=\"https:\/\/www.youtube.com\/watch?v=PGTtIGmOY24\" target=\"_blank\">que j\u00e1 sugeriu pau-de-arara para torturar gente em CPI, disse que fecharia o Congresso e pregou o exterm\u00ednio de 30 mil pessoas, sem poupar o ent\u00e3o presidente Fernando Henrique Cardoso<\/a>.<\/p>\n<p>Escolaridade n\u00e3o equivale, necessariamente, a sabedoria.<\/p>\n<p>Escolaridade n\u00e3o equivale, necessariamente, a sabedoria. Cada um sabe onde o calo incomoda mais. A maioria dos cidad\u00e3os mais pobres n\u00e3o identifica hoje em Bolsonaro algu\u00e9m que mitigaria sofrimentos e promoveria progressos em suas vidas.<\/p>\n<p>A base social da extrema-direita no Brasil situa-se tradicionalmente na classe m\u00e9dia (como a que tem renda familiar mensal acima de dez sal\u00e1rios m\u00ednimos). Do vigor do integralismo nazifascista, na d\u00e9cada de 1930, \u00e0 postula\u00e7\u00e3o presidencial de Pl\u00ednio Salgado, em 1955 (o veterano integralista amealhou 8% dos votos v\u00e1lidos no pa\u00eds; no Paran\u00e1, conquistou 24%; na cidade do Rio de Janeiro, 5%; Juscelino Kubitschek ganhou a elei\u00e7\u00e3o).<\/p>\n<p>&nbsp;<\/p>\n<p>&nbsp;<\/p>\n","protected":false},"excerpt":{"rendered":"<p>No The Intercept &#8211;\u00a0NO DIA SEGUINTE\u00a0ao primeiro turno da elei\u00e7\u00e3o de 2014, quando Dilma Rousseff e A\u00e9cio Neves se classificaram \u00e0 final\u00edssima, participei ao lado do jornalista Josias de Souza de uma\u00a0entrevista com Fernando Henrique Cardoso. Pedimos ao ex-presidente uma an\u00e1lise, com timbre mais de soci\u00f3logo do que de dirigente pol\u00edtico, sobre a vota\u00e7\u00e3o massiva&#8230;<a class=\"more-link\" href=\"http:\/\/blogdalucianaoliveira.com.br\/blog\/2018\/03\/28\/os-brasileiros-mais-pobres-sao-a-maior-resistencia-a-candidatura-bolsonaro\/\">Continue a leitura <span class=\"meta-nav\">&raquo;<\/span><\/a><\/p>\n","protected":false},"author":1,"featured_media":0,"comment_status":"closed","ping_status":"open","sticky":false,"template":"","format":"standard","meta":{"_exactmetrics_skip_tracking":false,"_exactmetrics_sitenote_active":false,"_exactmetrics_sitenote_note":"","_exactmetrics_sitenote_category":0,"jetpack_post_was_ever_published":false,"_jetpack_newsletter_access":"","_jetpack_dont_email_post_to_subs":false,"_jetpack_newsletter_tier_id":0,"_jetpack_memberships_contains_paywalled_content":false,"_jetpack_memberships_contains_paid_content":false,"footnotes":"","jetpack_publicize_message":"","jetpack_publicize_feature_enabled":true,"jetpack_social_post_already_shared":true,"jetpack_social_options":{"image_generator_settings":{"template":"highway","enabled":false},"version":2}},"categories":[1],"tags":[],"class_list":["post-17261","post","type-post","status-publish","format-standard","hentry","category-notas"],"jetpack_publicize_connections":[],"jetpack_sharing_enabled":true,"jetpack_featured_media_url":"","jetpack_shortlink":"https:\/\/wp.me\/p7wKYW-4up","jetpack-related-posts":[],"_links":{"self":[{"href":"http:\/\/blogdalucianaoliveira.com.br\/blog\/wp-json\/wp\/v2\/posts\/17261","targetHints":{"allow":["GET"]}}],"collection":[{"href":"http:\/\/blogdalucianaoliveira.com.br\/blog\/wp-json\/wp\/v2\/posts"}],"about":[{"href":"http:\/\/blogdalucianaoliveira.com.br\/blog\/wp-json\/wp\/v2\/types\/post"}],"author":[{"embeddable":true,"href":"http:\/\/blogdalucianaoliveira.com.br\/blog\/wp-json\/wp\/v2\/users\/1"}],"replies":[{"embeddable":true,"href":"http:\/\/blogdalucianaoliveira.com.br\/blog\/wp-json\/wp\/v2\/comments?post=17261"}],"version-history":[{"count":3,"href":"http:\/\/blogdalucianaoliveira.com.br\/blog\/wp-json\/wp\/v2\/posts\/17261\/revisions"}],"predecessor-version":[{"id":17265,"href":"http:\/\/blogdalucianaoliveira.com.br\/blog\/wp-json\/wp\/v2\/posts\/17261\/revisions\/17265"}],"wp:attachment":[{"href":"http:\/\/blogdalucianaoliveira.com.br\/blog\/wp-json\/wp\/v2\/media?parent=17261"}],"wp:term":[{"taxonomy":"category","embeddable":true,"href":"http:\/\/blogdalucianaoliveira.com.br\/blog\/wp-json\/wp\/v2\/categories?post=17261"},{"taxonomy":"post_tag","embeddable":true,"href":"http:\/\/blogdalucianaoliveira.com.br\/blog\/wp-json\/wp\/v2\/tags?post=17261"}],"curies":[{"name":"wp","href":"https:\/\/api.w.org\/{rel}","templated":true}]}}