{"id":17267,"date":"2018-03-29T13:34:07","date_gmt":"2018-03-29T17:34:07","guid":{"rendered":"http:\/\/blogdalucianaoliveira.com.br\/blog\/?p=17267"},"modified":"2018-03-29T13:34:07","modified_gmt":"2018-03-29T17:34:07","slug":"mensagem-para-uma-grande-amiga","status":"publish","type":"post","link":"http:\/\/blogdalucianaoliveira.com.br\/blog\/2018\/03\/29\/mensagem-para-uma-grande-amiga\/","title":{"rendered":"Mensagem para uma grande amiga"},"content":{"rendered":"<p><img data-recalc-dims=\"1\" loading=\"lazy\" decoding=\"async\" data-attachment-id=\"17268\" data-permalink=\"http:\/\/blogdalucianaoliveira.com.br\/blog\/2018\/03\/29\/mensagem-para-uma-grande-amiga\/f2fd0dc1-f022-4224-a4b9-555d6a753337\/\" data-orig-file=\"https:\/\/i0.wp.com\/blogdalucianaoliveira.com.br\/blog\/wp-content\/uploads\/2018\/03\/F2FD0DC1-F022-4224-A4B9-555D6A753337.jpeg?fit=511%2C288\" data-orig-size=\"511,288\" data-comments-opened=\"0\" data-image-meta=\"{&quot;aperture&quot;:&quot;0&quot;,&quot;credit&quot;:&quot;&quot;,&quot;camera&quot;:&quot;&quot;,&quot;caption&quot;:&quot;&quot;,&quot;created_timestamp&quot;:&quot;0&quot;,&quot;copyright&quot;:&quot;&quot;,&quot;focal_length&quot;:&quot;0&quot;,&quot;iso&quot;:&quot;0&quot;,&quot;shutter_speed&quot;:&quot;0&quot;,&quot;title&quot;:&quot;&quot;,&quot;orientation&quot;:&quot;0&quot;}\" data-image-title=\"F2FD0DC1-F022-4224-A4B9-555D6A753337\" data-image-description=\"\" data-image-caption=\"\" data-medium-file=\"https:\/\/i0.wp.com\/blogdalucianaoliveira.com.br\/blog\/wp-content\/uploads\/2018\/03\/F2FD0DC1-F022-4224-A4B9-555D6A753337.jpeg?fit=300%2C169\" data-large-file=\"https:\/\/i0.wp.com\/blogdalucianaoliveira.com.br\/blog\/wp-content\/uploads\/2018\/03\/F2FD0DC1-F022-4224-A4B9-555D6A753337.jpeg?fit=511%2C288\" src=\"https:\/\/i0.wp.com\/blogdalucianaoliveira.com.br\/blog\/wp-content\/uploads\/2018\/03\/F2FD0DC1-F022-4224-A4B9-555D6A753337.jpeg?resize=511%2C288\" alt=\"F2FD0DC1-F022-4224-A4B9-555D6A753337\" width=\"511\" height=\"288\" class=\"alignnone size-full wp-image-17268\" srcset=\"https:\/\/i0.wp.com\/blogdalucianaoliveira.com.br\/blog\/wp-content\/uploads\/2018\/03\/F2FD0DC1-F022-4224-A4B9-555D6A753337.jpeg?w=511 511w, https:\/\/i0.wp.com\/blogdalucianaoliveira.com.br\/blog\/wp-content\/uploads\/2018\/03\/F2FD0DC1-F022-4224-A4B9-555D6A753337.jpeg?resize=300%2C169 300w\" sizes=\"auto, (max-width: 511px) 100vw, 511px\" \/> <\/p>\n<p>Bato  palmas para sua boa inten\u00e7\u00e3o.<br \/>\nInfelizmente, voc\u00ea n\u00e3o percebe que a ideologia que nos sobrou, domina o mundo e \u00e9 aquela que promove a gan\u00e2ncia, o ac\u00famulo e o individualismo. <!--more--><\/p>\n<p>Sou e serei sempre contra as grandes corpora\u00e7\u00f5es.<br \/>\nNunca, o poeta chegar\u00e1 perto de ideologias mesquinhas como muita gente, sem notar,  vai se engajando.<br \/>\nPrecisamos ficar atentos porque Hitler est\u00e1 renascendo das cinzas.<br \/>\nLembram da campanha contra Marielle?<br \/>\n-&#8220;Ela era a favor do tr\u00e1fico&#8221;.<br \/>\n-&#8220;Ela era a favor da legaliza\u00e7\u00e3o das drogas&#8221;.<br \/>\nNingu\u00e9m pode ter essas duas posi\u00e7\u00f5es ao mesmo tempo. S\u00e3o antag\u00f4nicas.<br \/>\nLamento, mas n\u00e3o sou a favor da m\u00e3o de ferro do Estado.<br \/>\nPor outro lado, o poeta nunca ser\u00e1 a favor do Estado M\u00ednimo.<br \/>\nNo m\u00ednimo, o Estado  tem que ser equilibrado. Sen\u00e3o, nunca existir\u00e1 a meritocracia.<br \/>\nSou mais Lisboa do que Orlando, viu amiguinha?<br \/>\nEscola, sa\u00fade, educa\u00e7\u00e3o, moradia para todos.<br \/>\nJesus,  o humanista e revolucion\u00e1rio,  \u00e9 o meu guia.<br \/>\nFoi crucificado entre dois ladr\u00f5es.<br \/>\nPilatos lavou as m\u00e3os.<br \/>\nSalve a transposi\u00e7\u00e3o imaginada desde Dom Pedro II. Salve a \u00e1gua no sert\u00e3o.<br \/>\nA Justi\u00e7a tamb\u00e9m \u00e9 dominada pelas grandes corpora\u00e7\u00f5es? Claro. Existe algo por tr\u00e1s da cortina do teatro.<br \/>\nCuidado com R\u00fassia, China e o Tio Sam? Cuidado com quem nos domina.<br \/>\nCuidado com Facebook!  Olha a elei\u00e7\u00e3o de Trump!<br \/>\nAs grandes corpora\u00e7\u00f5es adoram&#8230;privatiza\u00e7\u00f5es !!!<br \/>\nO \u00faltimo apag\u00e3o foi promovido por uma empresa de energia chinesa.<br \/>\n\u00c1gua&#8230;<br \/>\nMetais.<br \/>\nNatureza.<br \/>\nValeu a pena privatizar a Vale?<br \/>\nVirou um mar de lama.<br \/>\nAfogou Mariana. Sabias que a Samarco \u00e9 Australiana? A culpa foi do canguru?<br \/>\nA Vale do Rio Doce empurra com a barriga uma d\u00edvida ao IR que se fosse paga e usada na sa\u00fade e educa\u00e7\u00e3o, resolveria esse crucial problema.<br \/>\nO Judici\u00e1rio \u00e9 corrompido o induzido para empurrar o processo com a barriga. Daqui a dez anos, n\u00e3o tenhas d\u00favidas, a d\u00edvida ser\u00e1 perdoada.<br \/>\n BILH\u00d5ES, BILH\u00d5ES e BILH\u00d5ES !!!!<\/p>\n<p>A internet, nos transforma em mulas e repassadores de  mensagens enviadas por marqueteiros que nos usam e nem sequer desconfiamos. Cuidado com os marqueteiros&#8230;<br \/>\nComo n\u00e3o perten\u00e7o a grupos virtuais, me salvo da &#8220;Bolha do Dom\u00ednio.&#8221;<br \/>\n            Felizmente, permane\u00e7o menino, traquino&#8230;<br \/>\nJ\u00e1 falava, h\u00e1 muito que est\u00e1vamos sendo usados, escravizados como mulas  e, por isso, sempre foi contestado por aqueles que argumentam:<br \/>\n&#8211; &#8220;Ele \u00e9 um adepto da Teoria da Conspira\u00e7\u00e3o&#8221;.<br \/>\nAcredite, n\u00e3o sou n\u00e3o.<br \/>\nSempre fui um questionador.<br \/>\nA minha professora de filosofia, Bernadete Pedrosa, me ensinou a raciocinar com l\u00f3gica.<br \/>\nO silogismo \u00e9 a salva\u00e7\u00e3o. Mas, cuidado com as premissas! Quando uma delas \u00e9 falsa, a conclus\u00e3o tamb\u00e9m se torna falsa.<br \/>\nEst\u00e1vamos  em tourn\u00e9e na Europa, no fim da d\u00e9cada de 80, e ao passar pela Alemanha Oriental, previ a queda do Muro de Berlim.<br \/>\nPor qu\u00ea?<br \/>\nPor causa do papel  higi\u00eanico.<br \/>\nFalei:<br \/>\n-A bunda dos comunistas n\u00e3o aguenta mais essa lixa.<br \/>\nO saudoso Cl\u00e1vio Valen\u00e7a ouviu, sorriu e n\u00e3o acreditou na afirma\u00e7\u00e3o do primo doid\u00e3o.<br \/>\nConclus\u00e3o:<br \/>\nAcertei!!!!<br \/>\nO Muro caiu, logo ap\u00f3s minha louca afirma\u00e7\u00e3o.<br \/>\nCagada? N\u00e3o!<br \/>\nSou chegado ao uso de met\u00e1foras e por isso,  n\u00e3o agrado a quem n\u00e3o se permite soltar a imagina\u00e7\u00e3o. Pr\u00e1ticos, retil\u00edneos, dogm\u00e1ticos!<br \/>\nSempre levei porrada de todos os lados.<br \/>\nN\u00e3o, n\u00e3o  tenha pena de mim.  J\u00e1 estou acostumado.<br \/>\nNa faculdade de Direito era tido como meio torto.<br \/>\nDoido.<br \/>\nFui preso no DOPS e nunca vesti a camisa de her\u00f3i.<br \/>\nDevo confessar que n\u00e3o fui torturado fisicamente, mas aquilo parecia coisa da ditadura do Diabo.<br \/>\nN\u00e3o gosto do Super-Man.<br \/>\nPrefiro Jo\u00e3o  Grilo.<br \/>\nLampi\u00e3o para mim \u00e9 uma met\u00e1fora.<br \/>\nO que existe por tr\u00e1s do Canga\u00e7o e da Justi\u00e7a?<br \/>\nMal\u00edcia. Mil\u00edcias.<br \/>\n&#8211; O Poder \u00e9 irm\u00e3o da policia que \u00e9 prima carnal do Estado e de uma cega chamada Justi\u00e7a&#8230;<br \/>\nCega n\u00e3o,  dissimulada. Tem um olhinho aberto, que por vezes, s\u00f3 enxerga os inimigos do donos do Poder e do cifr\u00e3o $$$$$.<br \/>\nMorro de pena dos moradores do Morro.<br \/>\nOlha a previs\u00e3o:<br \/>\nUm dia desses eu tive um sonho<br \/>\nQue havia come\u00e7ado a grande guerra entre o morro e a cidade,<br \/>\nE meu amigo Melodia era o comandante em chefe<br \/>\nDa primeira bateria l\u00e1 do Morro de S\u00e3o Carlos.<br \/>\nEle falava, eu entendia:<br \/>\nVoc\u00ea precisa escutar a rebeldia!<br \/>\nPantera Negra, FM Rebeldia,<br \/>\nTransmitindo da Rocinha primeiro comunicado:<br \/>\nPor p\u00e3o e circo e o poder da maioria,<br \/>\nO pa\u00eds bem poderia ter seu povo alimentado.<br \/>\nE era um sonho ao som de um samba t\u00e3o aflito<br \/>\nQue eu quase n\u00e3o acredito, n\u00e3o queria acordar&#8230;<br \/>\nProfecia? N\u00e3o.<br \/>\nPensar livremente.<br \/>\nEscola, Sa\u00fade, Educa\u00e7\u00e3o.<br \/>\nEis a solu\u00e7\u00e3o para diminuir a viol\u00eancia.<br \/>\nCuidado com a Bancada da Bala!!!<br \/>\nCuidado com o boato.<br \/>\nEu era tido como drogado e nunca fumei um baseado.<br \/>\nNa Ditadura fui Censurado pelo Cenimar,<br \/>\n Continuei a compor e a me expressar.<br \/>\nSegui em frente sem Medo e sem \u00d3dio.<br \/>\nFinalizando, minha doce e querida amiga, atente para isso:<br \/>\nO pr\u00e9-sal que h\u00e1 pouco era ridicularizado, como invi\u00e1vel,  hoje est\u00e1 sendo explorado pela Chevron, EUA<br \/>\nSheel, Holandesa<br \/>\nCompanhia Norueguesa e de outros pa\u00edses &#8230;<br \/>\nEstranho, n\u00e3o \u00e9?<br \/>\nVoc\u00ea devia<br \/>\ndeveria adivinhar<br \/>\nQue atr\u00e1s do Samba havia o Semba<br \/>\nQue atr\u00e1s do Semba havia a \u00c1frica<br \/>\nQue atr\u00e1s de tudo havia o A\u00e7\u00facar<br \/>\nE a Companhia das \u00cdndias Ocidentais.<br \/>\nPrimeira multinacional do Planeta. <\/p>\n<p>A\u00e7ucar \u00e9 doce,<br \/>\nDoce, doce, doce<br \/>\ncomo mel<br \/>\nDoce, doce<br \/>\nDoce como o fel<br \/>\nN\u00e3o acredite,<br \/>\nn\u00e3o tem mist\u00e9rio<br \/>\nO velho \u00e9 novo<br \/>\ne o novo \u00e9 velho<br \/>\n\u00c9 como o Ovo e a Galinha<br \/>\nSe a culpa \u00e9 nossa<br \/>\nA culpa \u00e9 minha <\/p>\n<p>Mas que nunca<br \/>\n\u00e9 preciso DESCONFIAR<br \/>\nEu desconfio no sentido estrito<br \/>\nEu desconfio no sentido lato<br \/>\nEu desconfio dos cabelos longos<br \/>\nEu desconfio do Diabo a Quatro.<\/p>\n<p>Alceu Valen\u00e7a<\/p>\n","protected":false},"excerpt":{"rendered":"<p>Bato palmas para sua boa inten\u00e7\u00e3o. Infelizmente, voc\u00ea n\u00e3o percebe que a ideologia que nos sobrou, domina o mundo e \u00e9 aquela que promove a gan\u00e2ncia, o ac\u00famulo e o individualismo.<\/p>\n","protected":false},"author":1,"featured_media":0,"comment_status":"closed","ping_status":"open","sticky":false,"template":"","format":"standard","meta":{"_exactmetrics_skip_tracking":false,"_exactmetrics_sitenote_active":false,"_exactmetrics_sitenote_note":"","_exactmetrics_sitenote_category":0,"jetpack_post_was_ever_published":false,"_jetpack_newsletter_access":"","_jetpack_dont_email_post_to_subs":false,"_jetpack_newsletter_tier_id":0,"_jetpack_memberships_contains_paywalled_content":false,"_jetpack_memberships_contains_paid_content":false,"footnotes":"","jetpack_publicize_message":"","jetpack_publicize_feature_enabled":true,"jetpack_social_post_already_shared":true,"jetpack_social_options":{"image_generator_settings":{"template":"highway","enabled":false},"version":2}},"categories":[1],"tags":[],"class_list":["post-17267","post","type-post","status-publish","format-standard","hentry","category-notas"],"jetpack_publicize_connections":[],"jetpack_sharing_enabled":true,"jetpack_featured_media_url":"","jetpack_shortlink":"https:\/\/wp.me\/p7wKYW-4uv","jetpack-related-posts":[],"_links":{"self":[{"href":"http:\/\/blogdalucianaoliveira.com.br\/blog\/wp-json\/wp\/v2\/posts\/17267","targetHints":{"allow":["GET"]}}],"collection":[{"href":"http:\/\/blogdalucianaoliveira.com.br\/blog\/wp-json\/wp\/v2\/posts"}],"about":[{"href":"http:\/\/blogdalucianaoliveira.com.br\/blog\/wp-json\/wp\/v2\/types\/post"}],"author":[{"embeddable":true,"href":"http:\/\/blogdalucianaoliveira.com.br\/blog\/wp-json\/wp\/v2\/users\/1"}],"replies":[{"embeddable":true,"href":"http:\/\/blogdalucianaoliveira.com.br\/blog\/wp-json\/wp\/v2\/comments?post=17267"}],"version-history":[{"count":1,"href":"http:\/\/blogdalucianaoliveira.com.br\/blog\/wp-json\/wp\/v2\/posts\/17267\/revisions"}],"predecessor-version":[{"id":17269,"href":"http:\/\/blogdalucianaoliveira.com.br\/blog\/wp-json\/wp\/v2\/posts\/17267\/revisions\/17269"}],"wp:attachment":[{"href":"http:\/\/blogdalucianaoliveira.com.br\/blog\/wp-json\/wp\/v2\/media?parent=17267"}],"wp:term":[{"taxonomy":"category","embeddable":true,"href":"http:\/\/blogdalucianaoliveira.com.br\/blog\/wp-json\/wp\/v2\/categories?post=17267"},{"taxonomy":"post_tag","embeddable":true,"href":"http:\/\/blogdalucianaoliveira.com.br\/blog\/wp-json\/wp\/v2\/tags?post=17267"}],"curies":[{"name":"wp","href":"https:\/\/api.w.org\/{rel}","templated":true}]}}