{"id":17275,"date":"2018-04-02T06:21:42","date_gmt":"2018-04-02T10:21:42","guid":{"rendered":"http:\/\/blogdalucianaoliveira.com.br\/blog\/?p=17275"},"modified":"2018-04-02T06:21:42","modified_gmt":"2018-04-02T10:21:42","slug":"pressao-maxima-sobre-stf-dallagnol-faz-jejum-e-janot-assina-manifesto","status":"publish","type":"post","link":"http:\/\/blogdalucianaoliveira.com.br\/blog\/2018\/04\/02\/pressao-maxima-sobre-stf-dallagnol-faz-jejum-e-janot-assina-manifesto\/","title":{"rendered":"Press\u00e3o m\u00e1xima sobre STF: Dallagnol faz jejum e Janot assina manifesto"},"content":{"rendered":"<p><img data-recalc-dims=\"1\" loading=\"lazy\" decoding=\"async\" data-attachment-id=\"17276\" data-permalink=\"http:\/\/blogdalucianaoliveira.com.br\/blog\/2018\/04\/02\/pressao-maxima-sobre-stf-dallagnol-faz-jejum-e-janot-assina-manifesto\/dallagnol-tuite\/\" data-orig-file=\"https:\/\/i0.wp.com\/blogdalucianaoliveira.com.br\/blog\/wp-content\/uploads\/2018\/04\/dallagnol-tuite.jpg?fit=614%2C346\" data-orig-size=\"614,346\" data-comments-opened=\"0\" data-image-meta=\"{&quot;aperture&quot;:&quot;0&quot;,&quot;credit&quot;:&quot;&quot;,&quot;camera&quot;:&quot;&quot;,&quot;caption&quot;:&quot;&quot;,&quot;created_timestamp&quot;:&quot;0&quot;,&quot;copyright&quot;:&quot;&quot;,&quot;focal_length&quot;:&quot;0&quot;,&quot;iso&quot;:&quot;0&quot;,&quot;shutter_speed&quot;:&quot;0&quot;,&quot;title&quot;:&quot;&quot;,&quot;orientation&quot;:&quot;0&quot;}\" data-image-title=\"dallagnol-tuite\" data-image-description=\"\" data-image-caption=\"\" data-medium-file=\"https:\/\/i0.wp.com\/blogdalucianaoliveira.com.br\/blog\/wp-content\/uploads\/2018\/04\/dallagnol-tuite.jpg?fit=300%2C169\" data-large-file=\"https:\/\/i0.wp.com\/blogdalucianaoliveira.com.br\/blog\/wp-content\/uploads\/2018\/04\/dallagnol-tuite.jpg?fit=600%2C338\" src=\"https:\/\/i0.wp.com\/blogdalucianaoliveira.com.br\/blog\/wp-content\/uploads\/2018\/04\/dallagnol-tuite.jpg?resize=600%2C338\" alt=\"dallagnol-tuite\" width=\"600\" height=\"338\" class=\"alignnone size-full wp-image-17276\" srcset=\"https:\/\/i0.wp.com\/blogdalucianaoliveira.com.br\/blog\/wp-content\/uploads\/2018\/04\/dallagnol-tuite.jpg?w=614 614w, https:\/\/i0.wp.com\/blogdalucianaoliveira.com.br\/blog\/wp-content\/uploads\/2018\/04\/dallagnol-tuite.jpg?resize=300%2C169 300w, https:\/\/i0.wp.com\/blogdalucianaoliveira.com.br\/blog\/wp-content\/uploads\/2018\/04\/dallagnol-tuite.jpg?resize=532%2C300 532w\" sizes=\"auto, (max-width: 600px) 100vw, 600px\" \/><\/p>\n<p>No Balaio deo Kotscho &#8211; A suprema presidente C\u00e1rmen L\u00facia j\u00e1 avisou que n\u00e3o aceita press\u00e3o sobre o STF, mas o cerco da pr\u00f3pria Justi\u00e7a est\u00e1 se fechando sobre os ministros, a 72 horas do julgamento do habeas corpus de Lula.<\/p>\n<p>Como tudo no Supremo, depende de onde vem a press\u00e3o, e a quem interessa, \u00e9 claro.<!--more--><\/p>\n<p>At\u00e9 o final deste domingo de P\u00e1scoa, mais de 3,8 mil ju\u00edzes e procuradores j\u00e1 assinaram o manifesto pela manuten\u00e7\u00e3o da pris\u00e3o ap\u00f3s condena\u00e7\u00e3o em segunda inst\u00e2ncia para permitir a imediata pris\u00e3o do ex-presidente.<\/p>\n<p>Na mesma linha, em editoriais e coment\u00e1rios de seus principais colunistas, a grande m\u00eddia exerce press\u00e3o m\u00e1xima nos ministros, em especial sobre Rosa Weber, o \u00fanico voto ainda incerto.<\/p>\n<p>Entre os subscritores do abaixo-assinado est\u00e1 Rodrigo Janot, o ex-procurador geral da Rep\u00fablica que denunciou duas vezes o presidente Michel Temer.<\/p>\n<p>N\u00e3o h\u00e1 registro anterior de manifesta\u00e7\u00e3o de tal grandeza dos agentes do Poder Judici\u00e1rio para influenciar uma decis\u00e3o do Supremo Tribunal Federal.<\/p>\n<p>O manifesto dever\u00e1 ser entregue aos 11 ministros do tribunal nesta segunda-feira.<\/p>\n<p>\u201cA mudan\u00e7a de jurisprud\u00eancia, nesse caso, implicar\u00e1 a libera\u00e7\u00e3o de in\u00fameros condenados, seja por crimes de corrup\u00e7\u00e3o, seja por delitos violentos, tais como estupro, roubo, homic\u00eddio etc\u201d, afirma o documento.<\/p>\n<p>Talvez inspirado na Semana Santa, o procurador da Rep\u00fablica e pregador Dalton Dallagnol foi mais longe: anunciou que far\u00e1 jejum, uma esp\u00e9cie greve de fome religiosa, pela pris\u00e3o de Lula.<\/p>\n<p>Em sua conta no twitter, escreveu o procurador que se tornou famoso pelo power-point do esquema criminoso da Petrobras que seria comandado pelo ex-presidente Lula:<\/p>\n<p>\u201c4\u00aa feira \u00e9 o dia D da luta contra a corrup\u00e7\u00e3o na #LavaJato. Uma derrota significar\u00e1 que a maior parte dos corruptos de diferentes partidos, por todo pa\u00eds, jamais ser\u00e3o responsabilizados, na Lava Jato e al\u00e9m. O cen\u00e1rio n\u00e3o \u00e9 bom. Estarei em jejum, ora\u00e7\u00e3o e torcendo pelo pa\u00eds\u201d.<\/p>\n<p>Dallagnol n\u00e3o explicou o que o levou a achar que \u201co cen\u00e1rio n\u00e3o \u00e9 bom\u201d. Deve ter informa\u00e7\u00f5es que n\u00f3s n\u00e3o conhecemos.<\/p>\n<p>Entidades ruralistas marcaram uma grande manifesta\u00e7\u00e3o em Bras\u00edlia para a quarta-feira e esperam reunir pelo menos 15 mil fazendeiros para pressionar os ministros do STF contra o habeas corpus de Lula e a favor de uma anistia para os seus d\u00e9bitos no Funrural.<\/p>\n<p>Grupos da direita \u201capartid\u00e1ria\u201d que se notabilizaram nos protestos pelo impeachment de Dilma Rousseff, como o MBL e o Vem Pra Rua, tamb\u00e9m marcaram manifesta\u00e7\u00f5es para esta ter\u00e7a-feira pedindo a pris\u00e3o de Lula.<\/p>\n<p>As entidades reunidas na Frente Brasil Popular e o PT far\u00e3o a defesa de Lula em frente ao Supremo Tribunal Federal durante o julgamento.<\/p>\n<p>Nas redes sociais o clima atingiu a temperatura m\u00e1xima de ofensas e agress\u00f5es, que chegam a pedir o linchamento de advers\u00e1rios pol\u00edticos.<\/p>\n<p>J\u00e1 ningu\u00e9m discute se Lula \u00e9 inocente ou culpado, se deve ou n\u00e3o ser preso: o que se questiona \u00e9 se ele poder\u00e1 ou n\u00e3o ser candidato em outubro.<\/p>\n<p>E \u00e9 exatamente isso o que estar\u00e1 em julgamento quarta-feira no STF, que n\u00e3o vai entrar no m\u00e9rito do processo, mas se o ex-presidente tem ou n\u00e3o direito ao habeas corpus que possa evitar a sua pris\u00e3o imediata.<\/p>\n<p>Depois da Semana Santa, vem a\u00ed a Semana Quente que vai decidir o rumo das elei\u00e7\u00f5es de 2018.<\/p>\n<p>Em se tratando do STF conflagrado, n\u00e3o d\u00e1 para arriscar nenhum palpite. O que n\u00e3o falta neste momento \u00e9 press\u00e3o, para desgosto de C\u00e1rmen L\u00facia.<\/p>\n<p>E vida que segue. Para onde, ningu\u00e9m sabe.<\/p>\n","protected":false},"excerpt":{"rendered":"<p>No Balaio deo Kotscho &#8211; A suprema presidente C\u00e1rmen L\u00facia j\u00e1 avisou que n\u00e3o aceita press\u00e3o sobre o STF, mas o cerco da pr\u00f3pria Justi\u00e7a est\u00e1 se fechando sobre os ministros, a 72 horas do julgamento do habeas corpus de Lula. Como tudo no Supremo, depende de onde vem a press\u00e3o, e a quem interessa,&#8230;<a class=\"more-link\" href=\"http:\/\/blogdalucianaoliveira.com.br\/blog\/2018\/04\/02\/pressao-maxima-sobre-stf-dallagnol-faz-jejum-e-janot-assina-manifesto\/\">Continue a leitura <span class=\"meta-nav\">&raquo;<\/span><\/a><\/p>\n","protected":false},"author":1,"featured_media":0,"comment_status":"closed","ping_status":"open","sticky":false,"template":"","format":"standard","meta":{"_exactmetrics_skip_tracking":false,"_exactmetrics_sitenote_active":false,"_exactmetrics_sitenote_note":"","_exactmetrics_sitenote_category":0,"jetpack_post_was_ever_published":false,"_jetpack_newsletter_access":"","_jetpack_dont_email_post_to_subs":false,"_jetpack_newsletter_tier_id":0,"_jetpack_memberships_contains_paywalled_content":false,"_jetpack_memberships_contains_paid_content":false,"footnotes":"","jetpack_publicize_message":"","jetpack_publicize_feature_enabled":true,"jetpack_social_post_already_shared":true,"jetpack_social_options":{"image_generator_settings":{"template":"highway","enabled":false},"version":2}},"categories":[1],"tags":[],"class_list":["post-17275","post","type-post","status-publish","format-standard","hentry","category-notas"],"jetpack_publicize_connections":[],"jetpack_sharing_enabled":true,"jetpack_featured_media_url":"","jetpack_shortlink":"https:\/\/wp.me\/p7wKYW-4uD","jetpack-related-posts":[],"_links":{"self":[{"href":"http:\/\/blogdalucianaoliveira.com.br\/blog\/wp-json\/wp\/v2\/posts\/17275","targetHints":{"allow":["GET"]}}],"collection":[{"href":"http:\/\/blogdalucianaoliveira.com.br\/blog\/wp-json\/wp\/v2\/posts"}],"about":[{"href":"http:\/\/blogdalucianaoliveira.com.br\/blog\/wp-json\/wp\/v2\/types\/post"}],"author":[{"embeddable":true,"href":"http:\/\/blogdalucianaoliveira.com.br\/blog\/wp-json\/wp\/v2\/users\/1"}],"replies":[{"embeddable":true,"href":"http:\/\/blogdalucianaoliveira.com.br\/blog\/wp-json\/wp\/v2\/comments?post=17275"}],"version-history":[{"count":1,"href":"http:\/\/blogdalucianaoliveira.com.br\/blog\/wp-json\/wp\/v2\/posts\/17275\/revisions"}],"predecessor-version":[{"id":17277,"href":"http:\/\/blogdalucianaoliveira.com.br\/blog\/wp-json\/wp\/v2\/posts\/17275\/revisions\/17277"}],"wp:attachment":[{"href":"http:\/\/blogdalucianaoliveira.com.br\/blog\/wp-json\/wp\/v2\/media?parent=17275"}],"wp:term":[{"taxonomy":"category","embeddable":true,"href":"http:\/\/blogdalucianaoliveira.com.br\/blog\/wp-json\/wp\/v2\/categories?post=17275"},{"taxonomy":"post_tag","embeddable":true,"href":"http:\/\/blogdalucianaoliveira.com.br\/blog\/wp-json\/wp\/v2\/tags?post=17275"}],"curies":[{"name":"wp","href":"https:\/\/api.w.org\/{rel}","templated":true}]}}